{"id":16498,"date":"2020-02-08T21:25:15","date_gmt":"2020-02-08T21:25:15","guid":{"rendered":"https:\/\/redsemlac.com\/semmexico\/?p=16498"},"modified":"2023-07-21T15:19:51","modified_gmt":"2023-07-21T20:19:51","slug":"vulnerar-la-laicidad-es-atentar-contra-los-derechos-de-las-mujeres","status":"publish","type":"post","link":"https:\/\/redsemlac.com\/semmexico\/vulnerar-la-laicidad-es-atentar-contra-los-derechos-de-las-mujeres\/","title":{"rendered":"Vulnerar la laicidad es atentar contra los derechos de las mujeres"},"content":{"rendered":"\n<p class=\"wp-block-paragraph\"><strong>* Beatriz Cos\u00edo denuncia la violaci\u00f3n a la Constituci\u00f3n en el gobierno\nfederal<\/strong><\/p>\n\n\n\n<p class=\"wp-block-paragraph\"><strong>* Se usa un programa oficial para aleccionar a los j\u00f3venes, denuncia<\/strong><\/p>\n\n\n\n<p class=\"wp-block-paragraph\"><strong>Sara Lovera<\/strong><\/p>\n\n\n\n<p class=\"wp-block-paragraph\">SemM\u00e9xico, Cd. de M\u00e9xico, 8 de febrero 2020.- En los\nhechos este gobierno vulnera al Estado laico y eso significa que peligran todos\nlos derechos de las mujeres, afirm\u00f3 Mar\u00eda Beatriz Cos\u00edo Nava, feminista y\nmilitante de la izquierda democr\u00e1tica, tras llamar a las mujeres a agitar e\ninsistir ante todos los poderes para fortalecer una laicidad institucional.<\/p>\n\n\n\n<p class=\"wp-block-paragraph\">Luego argument\u00f3 sobre la importante relaci\u00f3n de la laicidad\ncon el feminismo y la autonom\u00eda de las mujeres, por lo que dijo que defender la\nlaicidad es central para la lucha feminista, porque en esa definici\u00f3n se\nconstruyen los derechos de las mujeres o se les condenan.<\/p>\n\n\n\n<p class=\"wp-block-paragraph\">Hoy en nuestro pa\u00eds las iglesias apuestan a\nconvertir la fe en pol\u00edtica, y la religi\u00f3n se convierte en instrumento del\ncambio electoral, que en la pr\u00e1ctica ya abri\u00f3 espacios a las iglesias\nevang\u00e9licas para adoctrinar a los j\u00f3venes del programa Construyendo el Futuro,\nse habla desde los podios oficiales sobre una \u201ccrisis de valores\u201d \u00bfreligiosos? &nbsp;Y se conspira a favor de prohibiciones para\nlas mujeres, eso no es propio de un Gobierno de una Estado laico.<\/p>\n\n\n\n<p class=\"wp-block-paragraph\">En una documentada presentaci\u00f3n, Cos\u00edo Nava particip\u00f3\nen el Foro sobre los derechos de las mujeres en el 2020, que celebra el 4\u00ba\naniversario del nacimiento de la agrupaci\u00f3n Las Constituyentes Feministas CDMX,\nforo que abord\u00f3 los temas fundamentales que han puesto en evidencia a la\npol\u00edtica de g\u00e9nero de este gobierno, mientras que no se protegen ni la vida, ni\nlos derechos sexuales y reproductivos de las mexicanas.<\/p>\n\n\n\n<p class=\"wp-block-paragraph\">Fustig\u00f3 que se haya utilizado a los sitios de culto para\nrepartir la Cartilla Moral del gobierno de Andr\u00e9s L\u00f3pez Obrador, una cartilla\nque promueve la obediencia de las mujeres a roles y estereotipos de g\u00e9nero como\nla subordinaci\u00f3n, la humildad y la discriminaci\u00f3n, y advirti\u00f3 que se pretende\nmodificar la Ley de Asociaciones Religiosas y de Culto P\u00fablico, promovida por\nla senadora Mar\u00eda Soledad Li\u00e9vano, que aunque por ahora est\u00e1 descartada, hay\nque estar atentas y vigilar su camino.<\/p>\n\n\n\n<p class=\"wp-block-paragraph\">Dijo sin miramientos que la legitimaci\u00f3n de los\ngobiernos no depende tan solo de las urnas, sino de resolver y tomar decisiones\ncon base en el inter\u00e9s general: \u201cgobierna bien quien tiene capacidad de\nresponder pol\u00edticamente a los conflictos, de servir a los intereses de la ciudadan\u00eda.\nNo puede hacer todo con tal de ganar y luego hacer lo que sea con tal de\nmantenerse en el poder\u201d, aludiendo evidentemente al estilo de gobernar del\npresidente L\u00f3pez Obrador. <\/p>\n\n\n\n<p class=\"wp-block-paragraph\">Adem\u00e1s, un Estado laico o una postura a favor de la &nbsp;laicidad no se reduce a una actuaci\u00f3n neutral,\nconstituye derechos y deberes del Estado, como abrir espacios para la libre\ndecisi\u00f3n y el derecho a interrumpir un embarazo, por ejemplo.<\/p>\n\n\n\n<p class=\"wp-block-paragraph\">Se refiri\u00f3 a la amenaza de L\u00f3pez Obrador de llevar a\nconsulta la Interrupci\u00f3n Legal del Embarazo y otros asuntos, como los\nmatrimonios igualitarios. No se consultan los derechos humanos, sostuvo. <\/p>\n\n\n\n<p class=\"wp-block-paragraph\">Beatriz Cos\u00edo Nava dijo sin ambages: \u201cConfieso que\nsoy intolerante ante las actitudes por parte de pol\u00edticos y pol\u00edticas en\nfunci\u00f3n de sus cargos institucionales que juran ante la biblia y el crucifijo,\nque encomiendan su estado a la virgen, que asisten oficialmente a liturgias,\nqu\u00e9 todo se lo piden a Dios en p\u00fablico\u201d, por ello hoy nos corresponde a las\nfeministas hacer mucha pedagog\u00eda pol\u00edtica y social, agitar e insistir ante el\npoder legislativo y ejecutivo en la necesidad de avanzar en una saludable laicidad\ninstitucional.<\/p>\n\n\n\n<p class=\"wp-block-paragraph\">La militante, vehemente, llam\u00f3 a una deliberaci\u00f3n\nparlamentaria para que se analice el problema, luego de reiterar una y otra vez\nque las religiones son uno de los elementos principales de discriminaci\u00f3n y\nopresi\u00f3n de la mujer. Hoy es m\u00e1s vigente que nunca conseguir en la pr\u00e1ctica la\nseparaci\u00f3n de la iglesia\/Estado. Hizo notar que la negativa para liberalizar el\naborto tiene que ver la influencia religiosa en el Estado y no practicar la\nlaicidad viola la Constituci\u00f3n.<\/p>\n\n\n\n<p class=\"wp-block-paragraph\">Cos\u00edo Nava es conocida por la enjundia que mostr\u00f3 para\ndefender el derecho de las mujeres a dirigir sus organizaciones pol\u00edticas por\nlo que pidi\u00f3 a las legisladoras, a los partidos pol\u00edticos su apoyo y trabajo\nlegislativo para salvar nuestra tradici\u00f3n laica, luego de advertir que en este\ngobierno se abrieron las puertas a grupos evang\u00e9licos para aleccionar a los\nj\u00f3venes a los que el gobierno ha organizado a trav\u00e9s de darles becas.<\/p>\n\n\n\n<p class=\"wp-block-paragraph\">Asimismo, llam\u00f3 a las feministas a aportar por una\neducaci\u00f3n p\u00fablica, laica y de calidad, as\u00ed dice el art\u00edculo 3\u00ba. Constitucional,\npor lo que los planes y programas de estudio tendr\u00edan que incluir la\nperspectiva de g\u00e9nero as\u00ed como una orientaci\u00f3n integral en educaci\u00f3n sexual y\nreproductiva.<\/p>\n\n\n\n<p class=\"wp-block-paragraph\"><strong>El fondo<\/strong><\/p>\n\n\n\n<p class=\"wp-block-paragraph\">Cos\u00edo sostuvo sus dichos en el an\u00e1lisis hist\u00f3rico\ndel papel de las religiones en la opresi\u00f3n femenina. Por ello la laicidad tiene\nuna incidencia importante en la autonom\u00eda de las mujeres, frente a la\nimposici\u00f3n de los dogmas e la religi\u00f3n, asegura esa laicidad un espacio\np\u00fablico, legal, plural en d\u00f3nde caben las diferentes concepciones.<\/p>\n\n\n\n<p class=\"wp-block-paragraph\">La laicidad es una garant\u00eda para los derechos de las\nmujeres, toda vez que las fuerzas religiosas conservadoras han sido un fuete\nobst\u00e1culo a la autonom\u00eda sexual y reproductiva. Luego advirti\u00f3 que hoy en\nM\u00e9xico las iglesias se manifiestan con fuerza, tienen espacios, intervienen en\nlas acciones del gobierno, curules del PES&nbsp;\nen la c\u00e1mara, etc\u00e9tera<\/p>\n\n\n\n<p class=\"wp-block-paragraph\">Muy importante, dijo ah\u00ed, en un sal\u00f3n de la C\u00e1mara\nde Diputados y frente a varias legisladoras, garantizar la aprobaci\u00f3n de normas\njur\u00eddicas separadas de todo dogma religioso, tanto como separar el delito del\npecado, porque las normas civiles que valen y aplican para todas las personas y\nlas normas religiosas que s\u00f3lo valen para quienes siendo creyentes de adhieren\na ellas voluntariamente. Es decir, hay que evitar los discursos religiosos en la\npol\u00edtica y asentarlo en las leyes.<\/p>\n\n\n\n<p class=\"wp-block-paragraph\">En tono pedag\u00f3gico dijo con claridad, como para\nsaberlo y no olvidarlo: Las libertades laicas son: la libertad de conciencia,\nla libertad de informaci\u00f3n, la libertad de actuar, y el Estado tiene que ser\ngarante de esas libertades laicas. La libertad religiosa es s\u00f3lo una de ellas.<\/p>\n\n\n\n<p class=\"wp-block-paragraph\">SEM\/sl\/sj<\/p>\n","protected":false},"excerpt":{"rendered":"<p>* Beatriz Cos\u00edo denuncia la violaci\u00f3n a la Constituci\u00f3n en el gobierno federal * Se usa un programa oficial para aleccionar a los j\u00f3venes, denuncia Sara Lovera SemM\u00e9xico, Cd. de M\u00e9xico, 8 de febrero 2020.- En los hechos este gobierno vulnera al Estado laico y eso significa que peligran todos los derechos de las mujeres, [&hellip;]<\/p>\n","protected":false},"author":3,"featured_media":16499,"comment_status":"open","ping_status":"open","sticky":false,"template":"","format":"standard","meta":{"_monsterinsights_skip_tracking":false,"footnotes":""},"categories":[691,54],"tags":[],"class_list":["post-16498","post","type-post","status-publish","format-standard","has-post-thumbnail","category-691","category-mujeres"],"_links":{"self":[{"href":"https:\/\/redsemlac.com\/semmexico\/wp-json\/wp\/v2\/posts\/16498","targetHints":{"allow":["GET"]}}],"collection":[{"href":"https:\/\/redsemlac.com\/semmexico\/wp-json\/wp\/v2\/posts"}],"about":[{"href":"https:\/\/redsemlac.com\/semmexico\/wp-json\/wp\/v2\/types\/post"}],"author":[{"embeddable":true,"href":"https:\/\/redsemlac.com\/semmexico\/wp-json\/wp\/v2\/users\/3"}],"replies":[{"embeddable":true,"href":"https:\/\/redsemlac.com\/semmexico\/wp-json\/wp\/v2\/comments?post=16498"}],"version-history":[{"count":0,"href":"https:\/\/redsemlac.com\/semmexico\/wp-json\/wp\/v2\/posts\/16498\/revisions"}],"wp:featuredmedia":[{"embeddable":true,"href":"https:\/\/redsemlac.com\/semmexico\/wp-json\/wp\/v2\/media\/16499"}],"wp:attachment":[{"href":"https:\/\/redsemlac.com\/semmexico\/wp-json\/wp\/v2\/media?parent=16498"}],"wp:term":[{"taxonomy":"category","embeddable":true,"href":"https:\/\/redsemlac.com\/semmexico\/wp-json\/wp\/v2\/categories?post=16498"},{"taxonomy":"post_tag","embeddable":true,"href":"https:\/\/redsemlac.com\/semmexico\/wp-json\/wp\/v2\/tags?post=16498"}],"curies":[{"name":"wp","href":"https:\/\/api.w.org\/{rel}","templated":true}]}}