{"id":16495,"date":"2020-02-08T21:07:13","date_gmt":"2020-02-08T21:07:13","guid":{"rendered":"https:\/\/redsemlac.com\/semmexico\/?p=16495"},"modified":"2023-07-21T15:19:51","modified_gmt":"2023-07-21T20:19:51","slug":"seria-un-retroceso-eliminar-el-delito-de-feminicidio-codhem","status":"publish","type":"post","link":"https:\/\/redsemlac.com\/semmexico\/seria-un-retroceso-eliminar-el-delito-de-feminicidio-codhem\/","title":{"rendered":"Ser\u00eda un retroceso eliminar el delito de feminicidio: CODHEM"},"content":{"rendered":"\n<p class=\"wp-block-paragraph\"><strong>* Ombudsman llama al TSJ de Edomex a respetar los derechos humanos de la familia de la ni\u00f1a F\u00e1tima<\/strong>.<\/p>\n\n\n\n<p class=\"wp-block-paragraph\"><strong>* No podemos ir a contracorriente de\nlas recomendaciones internacionales<\/strong><\/p>\n\n\n\n<p class=\"wp-block-paragraph\"><strong>Pen\u00e9lope Ventura<\/strong><\/p>\n\n\n\n<p class=\"wp-block-paragraph\">SemM\u00e9xico,\nToluca, Edomex, 8 de febrero 2020.- La Comisi\u00f3n de Derechos Humanos del Estado\nde M\u00e9xico (CODHEM) se sum\u00f3 a las m\u00faltiples manifestaciones de rechazo\ncateg\u00f3rico a la propuesta de reforma al C\u00f3digo Penal federal que eliminar\u00eda el\ndelito de feminicidio. <\/p>\n\n\n\n<p class=\"wp-block-paragraph\">As\u00ed\nlo expres\u00f3 el ombudsman mexiquense Jorge Olvera Garc\u00eda al dar la postura\ninstitucional de apoyo a la exigencia de justicia para la ni\u00f1a F\u00e1tima \u201cN\u201d,\nhaciendo un llamado al Tribunal Superior de Justicia del Estado de M\u00e9xico para\nque prevalezca el respeto irrestricto a los derechos humanos de la menor.<\/p>\n\n\n\n<p class=\"wp-block-paragraph\">Olvera\nGarc\u00eda reiter\u00f3 el llamado a las autoridades por el caso de la adolescente que\nhace cinco a\u00f1os fue v\u00edctima de violaci\u00f3n y homicidio: \u201cpor ella y por todas las\nni\u00f1as que han sido mancilladas, violentadas y asesinadas. No podemos permitir\nque en la sociedad del siglo XXI sigan aconteciendo estos fen\u00f3menos que laceran\ngrandemente a nuestra sociedad\u201d.<\/p>\n\n\n\n<p class=\"wp-block-paragraph\">Al\nrecordar que el pasado 5 de febrero, personal de la Visitadur\u00eda Adjunta de\nIgualdad de G\u00e9nero y la Unidad de Igualdad de G\u00e9nero y Erradicaci\u00f3n de la\nViolencia acompa\u00f1\u00f3 a familiares de v\u00edctimas de feminicidio que se manifestaron\nen la Plaza de los M\u00e1rtires, propuso unirse siempre para pedir justicia, y\nmanifest\u00f3 el respaldo absoluto de la Codhem, \u201cporque tenemos que hacer a la\nsociedad m\u00e1s humana, solidaria\u201d.<\/p>\n\n\n\n<p class=\"wp-block-paragraph\">Por\notra parte, al abundar sobre la propuesta de modificar el C\u00f3digo Penal federal\nen cuanto a la tipificaci\u00f3n del feminicidio, expuso que \u201cla propuesta es\nimpensable, le resta impulso a la lucha y conquista de los derechos humanos de\nlas mujeres. Considerar siquiera la posibilidad es un retroceso jur\u00eddico, su\nincorporaci\u00f3n ayud\u00f3 a visibilizar la violencia extrema hacia el g\u00e9nero\nfemenino\u201d y agreg\u00f3 enf\u00e1tico \u201c\u00a1No vamos a parar en apoyar la lucha de las\nmujeres!\u201d<\/p>\n\n\n\n<p class=\"wp-block-paragraph\">Dijo\nque como pa\u00eds \u201cno podemos ir a contracorriente de las recomendaciones\ninternacionales, ya que en 2018 el Comit\u00e9 para la Eliminaci\u00f3n de la\nDiscriminaci\u00f3n contra la Mujer (CEDAW) recomend\u00f3 a M\u00e9xico velar que se\ntipifique el delito de feminicidio en los C\u00f3digos penales estatales de\nconformidad con la Ley General de Acceso de las Mujeres a una Vida Libre de\nViolencia\u201d.<\/p>\n\n\n\n<p class=\"wp-block-paragraph\">Subray\u00f3\nque el Estado mexicano debe sensibilizar a los servidores p\u00fablicos,\ncapacitarlos y profesionalizarlos, \u201cpara que no sigan siendo indolentes y para\nque -lejos de ver la tipificaci\u00f3n del feminicidio como un obst\u00e1culo-, sea una\nv\u00eda para resolver el problema que est\u00e1 resquebrajando el tejido social\u201d.<\/p>\n\n\n\n<p class=\"wp-block-paragraph\">Por\n\u00faltimo, indic\u00f3 que se debe \u201cdeconstruir el sistema patriarcal y machista que\ntanto ha azorado a nuestra sociedad por d\u00e9cadas, es momento de decir alto; y\ns\u00f3lo con educaci\u00f3n, cultura, colectividad y trabajo en equipo se podr\u00e1 lograr\n\u201c\u00a1No m\u00e1s feminicidios!, \u00a1Ni una m\u00e1s m\u00e1s! \u00a1Ni una menos!\u201d<\/p>\n\n\n\n<p class=\"wp-block-paragraph\">SEM\/pv\/sj<\/p>\n","protected":false},"excerpt":{"rendered":"<p>No podemos ir a contracorriente de las recomendaciones internacionales<\/p>\n","protected":false},"author":3,"featured_media":16496,"comment_status":"open","ping_status":"open","sticky":false,"template":"","format":"standard","meta":{"_monsterinsights_skip_tracking":false,"footnotes":""},"categories":[691,51],"tags":[],"class_list":["post-16495","post","type-post","status-publish","format-standard","has-post-thumbnail","category-691","category-ejecutivo"],"_links":{"self":[{"href":"https:\/\/redsemlac.com\/semmexico\/wp-json\/wp\/v2\/posts\/16495","targetHints":{"allow":["GET"]}}],"collection":[{"href":"https:\/\/redsemlac.com\/semmexico\/wp-json\/wp\/v2\/posts"}],"about":[{"href":"https:\/\/redsemlac.com\/semmexico\/wp-json\/wp\/v2\/types\/post"}],"author":[{"embeddable":true,"href":"https:\/\/redsemlac.com\/semmexico\/wp-json\/wp\/v2\/users\/3"}],"replies":[{"embeddable":true,"href":"https:\/\/redsemlac.com\/semmexico\/wp-json\/wp\/v2\/comments?post=16495"}],"version-history":[{"count":0,"href":"https:\/\/redsemlac.com\/semmexico\/wp-json\/wp\/v2\/posts\/16495\/revisions"}],"wp:featuredmedia":[{"embeddable":true,"href":"https:\/\/redsemlac.com\/semmexico\/wp-json\/wp\/v2\/media\/16496"}],"wp:attachment":[{"href":"https:\/\/redsemlac.com\/semmexico\/wp-json\/wp\/v2\/media?parent=16495"}],"wp:term":[{"taxonomy":"category","embeddable":true,"href":"https:\/\/redsemlac.com\/semmexico\/wp-json\/wp\/v2\/categories?post=16495"},{"taxonomy":"post_tag","embeddable":true,"href":"https:\/\/redsemlac.com\/semmexico\/wp-json\/wp\/v2\/tags?post=16495"}],"curies":[{"name":"wp","href":"https:\/\/api.w.org\/{rel}","templated":true}]}}