{"id":16492,"date":"2020-02-08T18:35:19","date_gmt":"2020-02-08T18:35:19","guid":{"rendered":"https:\/\/redsemlac.com\/semmexico\/?p=16492"},"modified":"2023-07-21T15:19:51","modified_gmt":"2023-07-21T20:19:51","slug":"opinion-322","status":"publish","type":"post","link":"https:\/\/redsemlac.com\/semmexico\/opinion-322\/","title":{"rendered":"Alfa Omega"},"content":{"rendered":"\n<h2 class=\"wp-block-heading\">\u201cLos Puentes\u201d, el Ataque a la UNAM<\/h2>\n\n\n\n<p class=\"wp-block-paragraph\"><strong>* El Viacrucis de los Adultos Mayores<\/strong><\/p>\n\n\n\n<p class=\"wp-block-paragraph\"><strong>Jorge Herrera Valenzuela<\/strong><\/p>\n\n\n\n<p class=\"wp-block-paragraph\">SemM\u00e9xico, 8 de febrero 2020.- En estos primeros\nocho d\u00edas de febrero \u201cloco\u201d nos encontramos con una serie de noticias que\nsiguen marcando una pausa en el desarrollo integral del pa\u00eds. La violencia se mantiene\na un ritmo acelerado en Guerrero, en Guanajuato, en Oaxaca, en la Ciudad de\nM\u00e9xico, de acuerdo con los reportes grupos de encapuchados con armas de alto\npoder atacan a diestra y siniestra. <\/p>\n\n\n\n<p class=\"wp-block-paragraph\"><strong>\u201cLos puentes\u201d y el turismo<\/strong><\/p>\n\n\n\n<p class=\"wp-block-paragraph\">El pasado mi\u00e9rcoles 5 el presidente <strong>Andr\u00e9s Manuel L\u00f3pez Obrador<\/strong> anunci\u00f3 que\ncuando termine el actual ciclo escolar, promover\u00e1 una reforma para que se\nterminen \u201clos puentes\u201d, los llamados fines de semana largos que comenzaron hace\n15 a\u00f1os, para que los festejos de las fechas hist\u00f3ricas se realicen el d\u00eda que\ncorresponde, porque los ni\u00f1os dejan de ir a la escuela los lunes \u201cporque hay\npuente\u201d y no saben qu\u00e9 fiesta nacional es. <\/p>\n\n\n\n<p class=\"wp-block-paragraph\">El 9 de febrero de 1913 se realiz\u00f3 en la Capital del\nPa\u00eds La Marcha de la Lealtad, \u00bfser\u00e1 recordada este domingo 9? \u00bfEl lunes 10 los\nprofesores platicar\u00e1n de ello con sus alumnos?<\/p>\n\n\n\n<p class=\"wp-block-paragraph\">Pero el tabasque\u00f1o m\u00e1s tard\u00f3 en hacer su anuncio que\nen recibir la respuesta nacional, s\u00ed, porque hubo declaraciones de los prestadores\nservicios tur\u00edsticos y un informe del mismo Secretario de Turismo para advertir\nel grave da\u00f1o que se causar\u00eda con volver a una de las medidas impuestas por los\ngobiernos neoliberales. <strong>Miguel Torruco\nMarqu\u00e9s<\/strong> en un tuit revel\u00f3 lo que dej\u00f3 el \u00faltimo \u201cpuente\u201d: \u201cExpectativas\npreliminares para el fin de semana largo del viernes 31 de enero al lunes 3 de\nfebrero, con motivo de la Constituci\u00f3n Mexicana: Un mill\u00f3n 600 mil turistas\nhospedados en hotel o centro de alojamiento. Ocupaci\u00f3n 62.7 %. Derrama econ\u00f3mica\ncercana a 4 mil MDP\u201d (millones de pesos).<\/p>\n\n\n\n<p class=\"wp-block-paragraph\">Lo que es necesario, y desde hace tiempo lo he\ncomentado, es incluir nuevamente, en los planes de ense\u00f1anza primaria y en el\nde materias espec\u00edficas en la secundaria, las clases de Historia Patria. He\ncomprobado que muchos profesionistas, pol\u00edticos y ciudadanos sin t\u00edtulo\nprofesional, desconocen los sucesos hist\u00f3ricos y menos a\u00fan contestan a la\nsencilla pregunta de, \u00bfcu\u00e1ntos presidentes hemos tenido desde 1824? El\nmi\u00e9rcoles \u00faltimo hubo una sesi\u00f3n en la C\u00e1mara de Diputados de la Ciudad de\nM\u00e9xico para conmemorar el tercer aniversario de la Constituci\u00f3n Local. <\/p>\n\n\n\n<p class=\"wp-block-paragraph\"><strong>Preguntas para meditar:<\/strong><\/p>\n\n\n\n<p class=\"wp-block-paragraph\">\u00bfLos habitantes capitalinos sab\u00edan que se celebraban\nlos diputados citadinos? \u00bfConocen el texto de la Constituci\u00f3n que los rige? <\/p>\n\n\n\n<p class=\"wp-block-paragraph\"><strong>Violencia en la ciudad universitaria<\/strong><\/p>\n\n\n\n<p class=\"wp-block-paragraph\">En noviembre pasado comenzaron las inquietudes en\nlos planteles preparatorianos de la Universidad Nacional Aut\u00f3noma de M\u00e9xico,\nsurgi\u00f3 la organizaci\u00f3n de las j\u00f3venes estudiantes que reclaman el cese del\nacoso sexual de parte de algunos profesores y el fin a la violencia de g\u00e9nero.\nHubo suspensi\u00f3n de clases y el movimiento fue en aumento, aunque las\nautoridades universitarias aseguran que desde el principio est\u00e1n dispuestas al\ndi\u00e1logo para acordar las soluciones al pliego petitorio.<\/p>\n\n\n\n<p class=\"wp-block-paragraph\">Hubo paros en casi todas las Prepas, en la Facultad\nde Filosof\u00eda y Letras, as\u00ed como en la de Ciencias Pol\u00edticas y Sociales. De\ntodos los detalles estuvimos oportunamente informados. La situaci\u00f3n era ya\ndelicada porque nada se resolvi\u00f3 en los pocos d\u00edas laborables de diciembre y el\nproblema continu\u00f3 en forma pac\u00edfica en enero, pero la violencia hizo acto de\npresencia en este febrero. Preparatorianos reunidos en el parque de La\nBombilla, en el Sur de la Ciudad, marcharon hacia la Ciudad Universitaria para\nhacer un mitin de protesta en la explanada de la Torres de la Rector\u00eda.<\/p>\n\n\n\n<p class=\"wp-block-paragraph\">En esa marcha hubo algo que merece comentario.\nAlgunas de las estudiantes, s\u00ed, las j\u00f3venes que demandan el fin del acoso\nsexual, cubrieron sus rostros con pa\u00f1oletas o capuchas de color negro. Pronto a\nla explanada lleg\u00f3 un grupo de hombres y mujeres, vestidos de negro y\nencapuchados, que provocaron destrozos en las instalaciones de la Torres de la\nRector\u00eda, arrojaron bombas caseras \u2013las conocidas como \u201cmolotov\u201d\u2014y, finalmente,\nse refugiaron en el auditorio de Filosof\u00eda y Letras (que desde 1999 est\u00e1 tomado\npor delincuentes).<\/p>\n\n\n\n<p class=\"wp-block-paragraph\">El Rector <strong>Enrique\nLuis Graue <\/strong>Wiechers desde el 17 de noviembre de 2015 cuando asumi\u00f3 su\ncargo, por primera vez, fue contundente al pronunciar su discurso: la autonom\u00eda\nuniversitaria no es extraterritorialidad para que las autoridades procedan e\ninvestiguen los hechos delictuosos que se comentan en las instalaciones de la\nUNAM. Pero, la jefa de Gobierno de la Ciudad de M\u00e9xico, la universitaria <strong>Claudia Sheinbaum Pardo<\/strong>, afirma que no\nintervienen para actuar en la CU porque \u201cen todo caso es asunto federal\u201d y se\nampara al decir: \u201crespeto la autonom\u00eda universitaria\u201d.<\/p>\n\n\n\n<p class=\"wp-block-paragraph\">Para nadie es desconocido que hay muchos intereses\nen contra de la M\u00e1xima de Estudios, aunque no conozcamos de donde surgen esos\nintereses. Ahora se hablan que hay pol\u00edticos, dirigentes sindicalistas\nuniversitarios, grupos de profesores y alumnos inconformes y los llamados\n\u201canarcos\u201d. El colega <strong>Jorge Santa Cruz<\/strong>\nen su espacio de Periodismo Sin Compromiso revel\u00f3 que el multimillonario <strong>George Soros<\/strong> patrocina a los y las\nencapuchados. Se trata de un h\u00fangaro de origen jud\u00edo naturalizado\nestadounidense de 89 a\u00f1os de edad, cuya fortuna es de 8,300 billones de\nd\u00f3lares. Soros en septiembre de 1992 fue se\u00f1alado como el causante de la\nquiebra del Banco de Inglaterra. Por su parte mi colega <strong>Armando Rojas Ar\u00e9valo<\/strong> en su le\u00edda columna Epistolario coment\u00f3 respecto\na que el h\u00fangaro-jud\u00edo-yanqui sea \u201cla mano negra\u201d en el desquiciamiento\nuniversitario: \u201cme parece descabellado, pero no imposible\u201d.<\/p>\n\n\n\n<p class=\"wp-block-paragraph\"><strong>La pensi\u00f3n de adultos mayores<\/strong><\/p>\n\n\n\n<p class=\"wp-block-paragraph\">Uno de los programas sociales que el presidente <strong>L\u00f3pez Obrador<\/strong> ha impulsado desde sus\nd\u00edas de jefe de Gobierno del Distrito Federal es el de apoyo econ\u00f3mico a los <strong>Adultos Mayores<\/strong>. En aquellos d\u00edas los\npertenecientes a la Tercera Edad recibieron una tarjeta de pl\u00e1stico que le\nllamaron \u201ctarjeta rosa\u201d y con ella adquir\u00edan sus art\u00edculos comestibles. No se\nrecib\u00eda en efectivo. No se aceptaba el pago de bebidas alcoh\u00f3licas, cigarros o\ncervezas. La jefa <strong>Claudia Sheinbaum\nPardo <\/strong>la suspendi\u00f3 desde agosto del a\u00f1o pasado, sin explicaci\u00f3n alguna.<\/p>\n\n\n\n<p class=\"wp-block-paragraph\">En el curso del 2019 un equipo de colaboradores de\nla Secretar\u00eda de Bienestar realiz\u00f3 el empadronamiento de los mayores de edad e\ninclusive en el mes de marzo principi\u00f3 el reparto de tarjetas de pl\u00e1stico con\nmembrete de las instituciones bancarias, pero durante todo el a\u00f1o no hubo dep\u00f3sito.\nPor supuesto que no fue una situaci\u00f3n generalizada. En diciembre nuevamente se\nhizo un recorrido por las colonias para verificar qui\u00e9nes no recib\u00edan la\npensi\u00f3n acordada por quien manda en Palacio Nacional.<\/p>\n\n\n\n<p class=\"wp-block-paragraph\">Al finalizar enero de 2020 fueron distribuidas las\n\u00f3rdenes de pago por la cantidad de 2,620 pesos, correspondientes al bimestre enero-febrero.\nConoc\u00ed el caso de los que acudieron a las oficinas de Telecom en el edificio B\nde la Alcald\u00eda Venustiano Carranza. Filas de m\u00e1s de cientos de personas. Una para\nlos vecinos de esa demarcaci\u00f3n y otra para los de Iztacalco. Muchos formados\ndesde las 5 de la ma\u00f1ana. Vi a muchos en sillas de ruedas, otros caminando con\nmuletas, algunos m\u00e1s apoyados en un bast\u00f3n. <strong>Todos mayores de edad<\/strong> que por horas soportaron primero el intenso\nfr\u00edo, el aire fuerte que soplaba y m\u00e1s tarde los rayos del sol.<\/p>\n\n\n\n<p class=\"wp-block-paragraph\">Considero que es muy loable la preocupaci\u00f3n\npresidencial en dar el apoyo econ\u00f3mico, pero ser\u00e1 mejor que los beneficiarios\nno tengan que pasar muchas horas, de pie y a la intemperie, si los pagos se\nhacen en las oficinas bancarias. Terminar con ese viacrucis, soy realista, le\ncaptar\u00e1 m\u00e1s simpat\u00edas y votos al tabasque\u00f1o.<\/p>\n\n\n\n<p class=\"wp-block-paragraph\"><strong>P. D. <\/strong>En esta ocasi\u00f3n la\nagenda est\u00e1 \u201ccargada\u201d de personajes y de entre ellos seleccion\u00e9 a tres y los cito\npor antig\u00fcedad. El 2 de febrero de 1799 falleci\u00f3 en la Ciudad de M\u00e9xico a quien\nconsidero como el padre del \u201cReportaje en Prensa\u201d, <strong>Jos\u00e9 Antonio Alzate y Ram\u00edrez<\/strong>, originario de Ozumba, Estado de\nM\u00e9xico. Baste citar sus t\u00edtulos, adem\u00e1s de periodista y sacerdote: fil\u00f3sofo,\nte\u00f3logo, astr\u00f3nomo, cart\u00f3grafo, historiador y naturalista bot\u00e1nico\u2026Pocos\nrecuerdan que el Taller de la Gr\u00e1fica Popular ha sido una instituci\u00f3n formadora\nde muchos grabadores mexicanos y que su fundador en 1937 fue uno de ellos, <strong>\u00c1ngel Bracho Meneses<\/strong>, a quien en vida\nle fue otorgado el grado de catedr\u00e1tico de la Academia de Dise\u00f1o y Grabado de\nFlorencia, Italia. El maestro muri\u00f3 el 1 de febrero de 2005 en su natal Ciudad\nde M\u00e9xico\u2026La eminente historiadora, acad\u00e9mica e investigadora universitaria <strong>Beatriz Ram\u00edrez de la Fuente<\/strong> el 7 de\nmayo de 1985 fue la primera mujer que ingres\u00f3 como miembro de sitial al Colegio\nNacional. Estuvo casada con el doctor <strong>Ram\u00f3n\nde la Fuente<\/strong> y madre del m\u00e9dico psiquiatra y exrector de la UNAM, <strong>Juan Ram\u00f3n de la Fuente Ram\u00edrez<\/strong>, hoy\nrepresentante de M\u00e9xico en la Asamblea de la ONU.<\/p>\n\n\n\n<p class=\"wp-block-paragraph\"><strong>jherrerav@live.com.mx<\/strong><\/p>\n","protected":false},"excerpt":{"rendered":"<p>\u201cLos Puentes\u201d, el Ataque a la UNAM<\/p>\n","protected":false},"author":3,"featured_media":16493,"comment_status":"open","ping_status":"open","sticky":false,"template":"","format":"standard","meta":{"_monsterinsights_skip_tracking":false,"footnotes":""},"categories":[691,94,110],"tags":[],"class_list":["post-16492","post","type-post","status-publish","format-standard","has-post-thumbnail","category-691","category-jorge-herrera-valenzuela","category-la-opinion-columnas"],"_links":{"self":[{"href":"https:\/\/redsemlac.com\/semmexico\/wp-json\/wp\/v2\/posts\/16492","targetHints":{"allow":["GET"]}}],"collection":[{"href":"https:\/\/redsemlac.com\/semmexico\/wp-json\/wp\/v2\/posts"}],"about":[{"href":"https:\/\/redsemlac.com\/semmexico\/wp-json\/wp\/v2\/types\/post"}],"author":[{"embeddable":true,"href":"https:\/\/redsemlac.com\/semmexico\/wp-json\/wp\/v2\/users\/3"}],"replies":[{"embeddable":true,"href":"https:\/\/redsemlac.com\/semmexico\/wp-json\/wp\/v2\/comments?post=16492"}],"version-history":[{"count":0,"href":"https:\/\/redsemlac.com\/semmexico\/wp-json\/wp\/v2\/posts\/16492\/revisions"}],"wp:featuredmedia":[{"embeddable":true,"href":"https:\/\/redsemlac.com\/semmexico\/wp-json\/wp\/v2\/media\/16493"}],"wp:attachment":[{"href":"https:\/\/redsemlac.com\/semmexico\/wp-json\/wp\/v2\/media?parent=16492"}],"wp:term":[{"taxonomy":"category","embeddable":true,"href":"https:\/\/redsemlac.com\/semmexico\/wp-json\/wp\/v2\/categories?post=16492"},{"taxonomy":"post_tag","embeddable":true,"href":"https:\/\/redsemlac.com\/semmexico\/wp-json\/wp\/v2\/tags?post=16492"}],"curies":[{"name":"wp","href":"https:\/\/api.w.org\/{rel}","templated":true}]}}