{"id":16489,"date":"2020-02-08T17:40:04","date_gmt":"2020-02-08T17:40:04","guid":{"rendered":"https:\/\/redsemlac.com\/semmexico\/?p=16489"},"modified":"2023-07-21T15:19:51","modified_gmt":"2023-07-21T20:19:51","slug":"en-la-cdmx-hay-simulacion-y-una-enorme-deuda-con-las-mujeres","status":"publish","type":"post","link":"https:\/\/redsemlac.com\/semmexico\/en-la-cdmx-hay-simulacion-y-una-enorme-deuda-con-las-mujeres\/","title":{"rendered":"En la CDMX hay simulaci\u00f3n y una enorme deuda con las mujeres"},"content":{"rendered":"\n<p class=\"wp-block-paragraph\"><strong>* Araceli Osorio pide eliminar la cortina de humo de s\u00f3lo mirar al\nfeminicidio <\/strong><\/p>\n\n\n\n<p class=\"wp-block-paragraph\"><strong>* Aboga por el movimiento de las universitarias<\/strong><\/p>\n\n\n\n<p class=\"wp-block-paragraph\"><strong>Sara Lovera<\/strong><\/p>\n\n\n\n<p class=\"wp-block-paragraph\">SemM\u00e9xico, 8 de febrero 2020.- La declaratoria de\nAlerta de Violencia de G\u00e9nero contra las Mujeres, AVGM, en la Ciudad de M\u00e9xico\nno existe, es un papel, una acci\u00f3n medi\u00e1tica, dijo sin inmutarse Aracely Osorio\nMart\u00ednez, madre de Lesvy Berl\u00edn Rivera Osorio asesinada en la Universidad\nNacional Aut\u00f3noma de M\u00e9xico en 2017.<\/p>\n\n\n\n<p class=\"wp-block-paragraph\">Luego agreg\u00f3 que el gobierno de la ciudad se ha\nnegado al escrutinio p\u00fablico porque no ha hecho nada. No ha rendido cuentas y\npropuso la creaci\u00f3n de una Fiscal\u00eda del Feminicidio que no existe, son pol\u00edticas\nen el aire.<\/p>\n\n\n\n<div class=\"wp-block-image\"><figure class=\"alignleft is-resized\"><img loading=\"lazy\" decoding=\"async\" src=\"https:\/\/redsemlac.com\/semmexico\/wp-content\/uploads\/2020\/02\/WhatsApp-Image-2020-02-08-at-12.22.32-AM-487x1024.jpeg\" alt=\"\" class=\"wp-image-16478\" width=\"265\" height=\"557\"\/><\/figure><\/div>\n\n\n\n<p class=\"wp-block-paragraph\">Al participar en el Foro \u201cLos Derechos de las\nMujeres, Frente al 2020\u201d,&nbsp; que inici\u00f3 la\ncelebraci\u00f3n del 4\u00ba aniversario de la organizaci\u00f3n Constituyentes Feministas\nCDMX, pidi\u00f3 que se analice a fondo lo que hoy sucede en las universidades, &nbsp;porque no se le ha dado suficiente atenci\u00f3n al\nmovimiento de las estudiantes de la UNAM, se\u00f1al\u00f3 que las j\u00f3venes de Filosof\u00eda y\nLetras iniciaron su movimiento en aquel mayo de 2017, cuando el caso de Lesvy\nse quiso desviar, pretendiendo que se trataba de un suicidio. <\/p>\n\n\n\n<p class=\"wp-block-paragraph\">Declarada y convencida defensora de los derechos humanos,\nante un nutrido auditorio, afirm\u00f3 que la violencia feminicida es resultado de\nun c\u00famulo de violencias diversas contra las mujeres. Se\u00f1al\u00f3 que ver s\u00f3lo los\nasesinatos es tender una cortina de humo contra sucesos como la desaparici\u00f3n de\nj\u00f3venes. Hay que ver qu\u00e9 hay detr\u00e1s de un asesinato, atr\u00e1s est\u00e1n el hostigamiento,\nla discriminaci\u00f3n y la negativa al derecho a la libertad.<\/p>\n\n\n\n<p class=\"wp-block-paragraph\">Luego cit\u00f3 lo que llam\u00f3 una simulaci\u00f3n en la Ciudad\nde M\u00e9xico, donde la jefa de Gobierno, Claudia Sheinbaum Pardo, quien siendo la\nDelegada de Tlalpan ni se inmut\u00f3 frente al asesinato de Victoria Pamela Salas\nen esa demarcaci\u00f3n; hoy no ha dado cuentas sobre lo que se hace en la CDMX, ni\nse inmuta frente al largo peregrinar de las madres que buscan justicia. Asegur\u00f3\nque el 96 por ciento de los casos de feminicidio quedan impunes en M\u00e9xico.<\/p>\n\n\n\n<p class=\"wp-block-paragraph\">Por ello, dijo a las constituyentes que ha sido una\nofensa la pretensi\u00f3n del fiscal Alejandro Gertz Manero de pretender desaparecer\nel tipo penal del feminicidio.<\/p>\n\n\n\n<p class=\"wp-block-paragraph\">Serena y decidida cont\u00f3 su experiencia, la que por\nlo sucedido con Lesvy, la llev\u00f3 a conocer y entender las ra\u00edces de la violencia\nfeminicida, as\u00ed como el vac\u00edo de las declaraciones y acciones gubernamentales. <\/p>\n\n\n\n<p class=\"wp-block-paragraph\">En la ciudad se dijo que habr\u00eda una Fiscal\u00eda para el\nFeminicidio que no existe y para la cual no hay presupuesto. De igual forma,\nesa pol\u00edtica solamente se enfoca en la violencia sexual y deja de lado todas\nlas dem\u00e1s violencias; donde no hay avances de ning\u00fan tipo. Adem\u00e1s de la\nimpunidad que es claramente la no justicia. Afirm\u00f3 que ella no est\u00e1 decepcionada,\nporque nunca crey\u00f3 en la 4\u00aa. Transformaci\u00f3n, \u201cnunca tuve confianza\u201d.<\/p>\n\n\n\n<p class=\"wp-block-paragraph\">\u201cYo no juzgo, no sentencio, pero hay una enorme\ndeuda con las mujeres de la Ciudad de M\u00e9xico\u201d, y en todo el pa\u00eds donde todos los\npoderes no resuelven una larga lista de oprobios, no dictan sentencias, no\ninvestigan y no entienden que \u201ctenemos derecho a la verdad\u201d.<\/p>\n\n\n\n<p class=\"wp-block-paragraph\">En octubre\nde 2019 los jueces del<strong>&nbsp;<\/strong>Tribunal\nSuperior de Justicia de la Ciudad de M\u00e9xico&nbsp;finalmente declararon\nculpable al asesino tras de dos a\u00f1os cinco meses ocho d\u00edas de peregrinar. Y eso\ndentro de la UNAM, afirm\u00f3, sigue sucediendo.<\/p>\n\n\n\n<p class=\"wp-block-paragraph\">Pidi\u00f3 a las\nasistentes que luchen porque se haga justicia a toda la cadena de violencia\ncontra las mujeres, que un asunto doloroso y tremendo es la desaparici\u00f3n. \u201cYo\nla viv\u00ed, 11 horas desaparecida\u201d y agreg\u00f3, \u201clas horas m\u00e1s terribles de mi vida\u201d.<\/p>\n\n\n\n<p class=\"wp-block-paragraph\">Llam\u00f3 a las\nasistentes, algunas legisladoras, dirigentes diversas y de distintas entidades\ndel pa\u00eds, a trabajar juntas para eliminar los delitos de desaparici\u00f3n, tortura\nsexual, explotaci\u00f3n sexual, acoso, porque es peligroso dividir, por un lado, la\nviolencia cotidiana que sufren las mujeres y por otro lado el feminicidio, las\nestad\u00edsticas y lo medi\u00e1tico. <\/p>\n\n\n\n<p class=\"wp-block-paragraph\">Entonces el\nauditorio \u2013en clara alusi\u00f3n al fiscal- grit\u00f3 un\u00e1nime \u201cno pasar\u00e1\u201d.<\/p>\n\n\n\n<figure class=\"wp-block-image\"><img decoding=\"async\" src=\"https:\/\/redsemlac.com\/semmexico\/wp-content\/uploads\/2020\/02\/WhatsApp-Image-2020-02-08-at-12.22.32-AM-3-1024x768.jpeg\" alt=\"\" class=\"wp-image-16475\"\/><\/figure>\n\n\n\n<p class=\"wp-block-paragraph\">SEM\/sl\/sj<\/p>\n","protected":false},"excerpt":{"rendered":"<p>La declaratoria de Alerta de Violencia de G\u00e9nero contra las Mujeres, AVGM, en la Ciudad de M\u00e9xico no existe, es un papel, una acci\u00f3n medi\u00e1tica, dijo sin inmutarse Aracely Osorio Mart\u00ednez, madre de Lesvy Berl\u00edn Rivera Osorio<\/p>\n","protected":false},"author":3,"featured_media":16479,"comment_status":"open","ping_status":"open","sticky":false,"template":"","format":"standard","meta":{"_monsterinsights_skip_tracking":false,"footnotes":""},"categories":[691,54],"tags":[],"class_list":["post-16489","post","type-post","status-publish","format-standard","has-post-thumbnail","category-691","category-mujeres"],"_links":{"self":[{"href":"https:\/\/redsemlac.com\/semmexico\/wp-json\/wp\/v2\/posts\/16489","targetHints":{"allow":["GET"]}}],"collection":[{"href":"https:\/\/redsemlac.com\/semmexico\/wp-json\/wp\/v2\/posts"}],"about":[{"href":"https:\/\/redsemlac.com\/semmexico\/wp-json\/wp\/v2\/types\/post"}],"author":[{"embeddable":true,"href":"https:\/\/redsemlac.com\/semmexico\/wp-json\/wp\/v2\/users\/3"}],"replies":[{"embeddable":true,"href":"https:\/\/redsemlac.com\/semmexico\/wp-json\/wp\/v2\/comments?post=16489"}],"version-history":[{"count":0,"href":"https:\/\/redsemlac.com\/semmexico\/wp-json\/wp\/v2\/posts\/16489\/revisions"}],"wp:featuredmedia":[{"embeddable":true,"href":"https:\/\/redsemlac.com\/semmexico\/wp-json\/wp\/v2\/media\/16479"}],"wp:attachment":[{"href":"https:\/\/redsemlac.com\/semmexico\/wp-json\/wp\/v2\/media?parent=16489"}],"wp:term":[{"taxonomy":"category","embeddable":true,"href":"https:\/\/redsemlac.com\/semmexico\/wp-json\/wp\/v2\/categories?post=16489"},{"taxonomy":"post_tag","embeddable":true,"href":"https:\/\/redsemlac.com\/semmexico\/wp-json\/wp\/v2\/tags?post=16489"}],"curies":[{"name":"wp","href":"https:\/\/api.w.org\/{rel}","templated":true}]}}