{"id":16487,"date":"2020-02-08T17:36:50","date_gmt":"2020-02-08T17:36:50","guid":{"rendered":"https:\/\/redsemlac.com\/semmexico\/?p=16487"},"modified":"2023-07-21T15:19:51","modified_gmt":"2023-07-21T20:19:51","slug":"las-mexicanas-nos-quedamos-sin-instituciones-que-nos-defiendan","status":"publish","type":"post","link":"https:\/\/redsemlac.com\/semmexico\/las-mexicanas-nos-quedamos-sin-instituciones-que-nos-defiendan\/","title":{"rendered":"Las mexicanas nos quedamos sin instituciones que nos defiendan"},"content":{"rendered":"\n<p class=\"wp-block-paragraph\"><strong>*Inoperante INMUJERES, d\u00e9bil la CNDH e impunidad,\ncero Estado de Derecho<\/strong><\/p>\n\n\n\n<p class=\"wp-block-paragraph\"><strong>*Llama Patricia Olamendi Torres a defender la\nDemocracia Paritaria<\/strong><\/p>\n\n\n\n<p class=\"wp-block-paragraph\"><strong>Sara Lovera<\/strong><\/p>\n\n\n\n<p class=\"wp-block-paragraph\">SemM\u00e9xico,\nCd. de M\u00e9xico, 8 de febrero 2020.- En este gobierno han dejado de operar las\ninstituciones que defiendan a las mujeres, \u201cy las que construimos ya no\nexisten\u201d, as\u00ed lo dijo la abogada feminista Patricia Olamendi.<\/p>\n\n\n\n<p class=\"wp-block-paragraph\">Se refer\u00eda\na la inoperancia del Instituto Nacional de las Mujeres, INMUJERES, a la\ndebilidad de la Comisi\u00f3n Nacional de Derechos Humanos, CNDH, a la restricci\u00f3n a\nlas libertades de expresi\u00f3n y de libre manifestaci\u00f3n, y al atentado contra las\norganizaciones de la sociedad civil.<\/p>\n\n\n\n<p class=\"wp-block-paragraph\">Enseguida\nfrente al auditorio reunido en una sala de la C\u00e1mara de Diputados donde se\ncelebr\u00f3 el foro \u201cLos Derechos de las Mujeres, Frente al 2020\u201d,\nque inici\u00f3 la celebraci\u00f3n del 4\u00ba aniversario de la organizaci\u00f3n Constituyentes\nFeministas CDMX, lanz\u00f3 un reto a las feministas:\nhoy para defender la democracia que las mujeres queremos, la democracia paritaria,\nurge reforzar la capacidad del movimiento para incidir y tener presencia\npol\u00edtica, \u201cen ello no sobra nadie, todas hacemos falta\u201d, llam\u00f3.<\/p>\n\n\n\n<p class=\"wp-block-paragraph\">Luego de\nreconocer y congratularse por la intensa movilizaci\u00f3n feminista -en las calles\ny decenas de foros- que no ha parado, insinu\u00f3 que algo le falta al feminismo\ninstitucional para defender el estado laico y la democracia, frenar la\nviolencia contra las mujeres y asegurar el ejercicio de los derechos pol\u00edticos.<\/p>\n\n\n\n<p class=\"wp-block-paragraph\">Se refiri\u00f3\na la intentona del fiscal Alejandro Gertz\nManero, al querer desaparecer el tipo penal del feminicidio. Lo calific\u00f3 de\nretrogrado, adem\u00e1s mostr\u00f3 su desconocimiento de los Derechos Humanos de las\nmujeres, frente a los cual, cont\u00f3 que un peque\u00f1o grupo de mujeres capaz de\nincidir \u2013v\u00eda redes sociales- a tal grado que el presidente de la Rep\u00fablica par\u00f3\nel intento. No pas\u00f3.<\/p>\n\n\n\n<ul class=\"wp-block-gallery columns-2 is-cropped wp-block-gallery-1 is-layout-flex wp-block-gallery-is-layout-flex\"><li class=\"blocks-gallery-item\"><figure><img decoding=\"async\" src=\"https:\/\/redsemlac.com\/semmexico\/wp-content\/uploads\/2020\/02\/cosntituyentes-2-1024x487.jpg\" alt=\"\" data-id=\"16484\" data-link=\"https:\/\/redsemlac.com\/semmexico\/?attachment_id=16484\" class=\"wp-image-16484\"\/><\/figure><\/li><li class=\"blocks-gallery-item\"><figure><img loading=\"lazy\" decoding=\"async\" width=\"456\" height=\"960\" src=\"https:\/\/redsemlac.com\/semmexico\/wp-content\/uploads\/2020\/02\/WhatsApp-Image-2020-02-08-at-12.22.33-AM-2.jpeg\" alt=\"\" data-id=\"16480\" data-link=\"https:\/\/redsemlac.com\/semmexico\/?attachment_id=16480\" class=\"wp-image-16480\"\/><\/figure><\/li><li class=\"blocks-gallery-item\"><figure><img decoding=\"async\" src=\"https:\/\/redsemlac.com\/semmexico\/wp-content\/uploads\/2020\/02\/WhatsApp-Image-2020-02-08-at-12.22.32-AM-4-487x1024.jpeg\" alt=\"\" data-id=\"16476\" data-link=\"https:\/\/redsemlac.com\/semmexico\/?attachment_id=16476\" class=\"wp-image-16476\"\/><\/figure><\/li><li class=\"blocks-gallery-item\"><figure><img loading=\"lazy\" decoding=\"async\" width=\"456\" height=\"960\" src=\"https:\/\/redsemlac.com\/semmexico\/wp-content\/uploads\/2020\/02\/WhatsApp-Image-2020-02-08-at-12.22.32-AM-1.jpeg\" alt=\"\" data-id=\"16473\" data-link=\"https:\/\/redsemlac.com\/semmexico\/?attachment_id=16473\" class=\"wp-image-16473\"\/><\/figure><\/li><\/ul>\n\n\n\n<p class=\"wp-block-paragraph\">Para empezar a\npensar en lo que sucede a M\u00e9xico, en el tema que abord\u00f3, sobre la Democracia y\nel Estado de Derecho, se refiri\u00f3 al libro <em>Como\nMueren las Democracias <\/em>de\nSteven Levitsky y Daniel Ziblatt, quienes plantean que han variado las cosas, hoy\nlas amenazas a la democracia no son los golpes militares, sino son los\ngobiernos que llegan al poder como resultado de procesos democr\u00e1ticos. Lo que\nya plante\u00f3 una nueva desconfianza del pueblo estadounidense acerca de su\nsistema democr\u00e1tico.<\/p>\n\n\n\n<p class=\"wp-block-paragraph\">Estos autores, dijo, invitan a pensar. Identifican, con un sencillo\nindicador, a los l\u00edderes arbitrarios, aun cuando llegaron al poder por la v\u00eda\ndemocr\u00e1tica: aquellos que ponen en riesgo la legitimidad de la oposici\u00f3n;\ntoleran y alientan la violencia y restringen la libertad de expresi\u00f3n a sus\nopositores y a los medios de comunicaci\u00f3n.<\/p>\n\n\n\n<p class=\"wp-block-paragraph\">El alegato de estos l\u00edderes es que tienen la mayor\u00eda, y \u00bfentonces? \u00bfHay\nque reconocer que somos minor\u00eda en M\u00e9xico?, y pregunt\u00f3 al auditorio: \u00bfQu\u00e9, las\nmujeres feministas siempre \u201chemos sido minor\u00eda\u201d? Si fuera lo contrario ya\nhabr\u00eda sucumbido el patriarcado. <\/p>\n\n\n\n<p class=\"wp-block-paragraph\">Y otra vez pregunt\u00f3 \u00bfCu\u00e1l es la democracia en la que hemos pensado? En\nla democracia social, en la democracia participativa. No. Las feministas\nqueremos una democracia paritaria, no discriminatoria, donde haya vigencia\nplena de los derechos humanos, donde las mujeres tengan paridad en el ejercicio\nde la pol\u00edtica.<\/p>\n\n\n\n<p class=\"wp-block-paragraph\">Parece que en este gobierno no se han enterado que la paridad es\nconstitucional, pero efectivamente, para ejercerla, hay obst\u00e1culos.<\/p>\n\n\n\n<p class=\"wp-block-paragraph\">En una exposici\u00f3n sint\u00e9tica y clara, defini\u00f3 esos obst\u00e1culos, como\npara que los vean y tomen en cuenta las militantes de Constituyentes Feministas CDMX, organizaci\u00f3n definida como de izquierda.<\/p>\n\n\n\n<p class=\"wp-block-paragraph\"><strong>Los obst\u00e1culos para la democracia paritaria<\/strong><\/p>\n\n\n\n<p class=\"wp-block-paragraph\">Como apunte\npara esa mayor\u00eda de integrantes de la organizaci\u00f3n:<\/p>\n\n\n\n<p class=\"wp-block-paragraph\">La\nimpunidad, que obstaculiza el ejercicio de los derechos. La impunidad resultado\nde no cumplir con la ley, es violencia y violaci\u00f3n a los derechos humanos, eso\nen un pa\u00eds donde no existe estado de derecho. Pero est\u00e1n los derechos, es\nnecesario hacerlos posibles.<\/p>\n\n\n\n<p class=\"wp-block-paragraph\">Un segundo\nobst\u00e1culo es que la CNDH tiene la puerta cerrada, \u201cno creo que se vuelva abrir\u201d,\nagravada la situaci\u00f3n por su debilidad.<\/p>\n\n\n\n<p class=\"wp-block-paragraph\">En tercer\nlugar, el problema de la laicidad, su no vigencia y que todos los d\u00edas se\natenta contra ella.<\/p>\n\n\n\n<p class=\"wp-block-paragraph\">Otro\nobst\u00e1culo es la pobreza, un impedimento para la democracia. La gente que vive\nen pobreza tiene nulo poder y no puede incidir, es reh\u00e9n de lo que le dan y\ncomo se lo dan.<\/p>\n\n\n\n<p class=\"wp-block-paragraph\">A ello, se\nsuma el ejercicio de los derechos a la libre expresi\u00f3n y los derechos pol\u00edticos\nde todas las personas. Y la pretensi\u00f3n de hacer nulos los derechos a la\nasociaci\u00f3n. \u201cHoy vivimos el atentado del presidente de la Rep\u00fablica contra\ntodas las ONG\u201d, que pone en riesgo cotidiano la libertad a la libre\nmanifestaci\u00f3n.<\/p>\n\n\n\n<p class=\"wp-block-paragraph\">Finalmente,\nla ex diputada federal, ex subsecretaria de Relaciones Exteriores, consultora\ninternacional, dijo que no nos hemos empoderado lo suficiente, por lo que la\ntransici\u00f3n tiene m\u00e1s de 20 a\u00f1os y no concluimos. Hoy hay que pelear por el\nM\u00e9xico que las feministas queremos.<\/p>\n\n\n\n<p class=\"wp-block-paragraph\">SEM\/sl\/sj<\/p>\n","protected":false},"excerpt":{"rendered":"<p>Llama Patricia Olamendi Torres a defender la Democracia Paritaria<\/p>\n","protected":false},"author":3,"featured_media":16477,"comment_status":"open","ping_status":"open","sticky":false,"template":"","format":"standard","meta":{"_monsterinsights_skip_tracking":false,"footnotes":""},"categories":[691,54],"tags":[],"class_list":["post-16487","post","type-post","status-publish","format-standard","has-post-thumbnail","category-691","category-mujeres"],"_links":{"self":[{"href":"https:\/\/redsemlac.com\/semmexico\/wp-json\/wp\/v2\/posts\/16487","targetHints":{"allow":["GET"]}}],"collection":[{"href":"https:\/\/redsemlac.com\/semmexico\/wp-json\/wp\/v2\/posts"}],"about":[{"href":"https:\/\/redsemlac.com\/semmexico\/wp-json\/wp\/v2\/types\/post"}],"author":[{"embeddable":true,"href":"https:\/\/redsemlac.com\/semmexico\/wp-json\/wp\/v2\/users\/3"}],"replies":[{"embeddable":true,"href":"https:\/\/redsemlac.com\/semmexico\/wp-json\/wp\/v2\/comments?post=16487"}],"version-history":[{"count":0,"href":"https:\/\/redsemlac.com\/semmexico\/wp-json\/wp\/v2\/posts\/16487\/revisions"}],"wp:featuredmedia":[{"embeddable":true,"href":"https:\/\/redsemlac.com\/semmexico\/wp-json\/wp\/v2\/media\/16477"}],"wp:attachment":[{"href":"https:\/\/redsemlac.com\/semmexico\/wp-json\/wp\/v2\/media?parent=16487"}],"wp:term":[{"taxonomy":"category","embeddable":true,"href":"https:\/\/redsemlac.com\/semmexico\/wp-json\/wp\/v2\/categories?post=16487"},{"taxonomy":"post_tag","embeddable":true,"href":"https:\/\/redsemlac.com\/semmexico\/wp-json\/wp\/v2\/tags?post=16487"}],"curies":[{"name":"wp","href":"https:\/\/api.w.org\/{rel}","templated":true}]}}