{"id":16472,"date":"2020-02-08T17:24:09","date_gmt":"2020-02-08T17:24:09","guid":{"rendered":"https:\/\/redsemlac.com\/semmexico\/?p=16472"},"modified":"2023-07-21T15:19:51","modified_gmt":"2023-07-21T20:19:51","slug":"inaceptable-que-el-aborto-signifique-para-las-mujeres-carcel-o-muerte","status":"publish","type":"post","link":"https:\/\/redsemlac.com\/semmexico\/inaceptable-que-el-aborto-signifique-para-las-mujeres-carcel-o-muerte\/","title":{"rendered":"Inaceptable que el aborto signifique para las mujeres c\u00e1rcel o muerte"},"content":{"rendered":"\n<p class=\"wp-block-paragraph\"><strong>* Lorena Villavicencio pide C\u00f3digo Penal \u00fanico para\nhomologar tipos penales sobre violencia contra las mujeres<\/strong><\/p>\n\n\n\n<p class=\"wp-block-paragraph\"><strong>* Participa en el 4\u00ba. Aniversario de trabajo de las Constituyentes\nFeministas CDMX, feministas de izquierda<\/strong><\/p>\n\n\n\n<p class=\"wp-block-paragraph\"><strong>Sara Lovera<\/strong><\/p>\n\n\n\n<p class=\"wp-block-paragraph\">SemM\u00e9xico, 8 de enero 2020.- La diputada morenista Lorena Villavicencio se pronunci\u00f3 por crear un C\u00f3digo Penal Federal \u00fanico para homologar los tipos penales, especialmente los vinculados con la violencia contra las mujeres y exigi\u00f3 desterrar la penalizaci\u00f3n del aborto.<\/p>\n\n\n\n<p class=\"wp-block-paragraph\">Advirti\u00f3 que, sin\nese c\u00f3digo penal, donde el aborto deje de ser delito, los congresos locales\nquedar\u00e1n impedidos de legislar la interrupci\u00f3n legal del embarazo. Luego afirm\u00f3\nque el estado mexicano es incapaz de garantizar la vida de las personas, al\ndenunciar que no hay recursos para la reparaci\u00f3n del da\u00f1o.<\/p>\n\n\n\n<p class=\"wp-block-paragraph\">Es incre\u00edble que en\npleno 2020 la cuesti\u00f3n del aborto significa para las mujeres, c\u00e1rcel o muerte.\nEs inaceptable, dijo.<\/p>\n\n\n\n<p class=\"wp-block-paragraph\">Adem\u00e1s, se opuso a poner en riesgo el sistema de justicia adversarial, la presunci\u00f3n de inocencia y el debido proceso, aunque la critiquen, porque es morenista y todo, tiene como prioridad la defensa de los derechos de las mujeres, por encima de la disciplina partidaria.<\/p>\n\n\n\n<div class=\"wp-block-image\"><figure class=\"alignleft is-resized\"><img loading=\"lazy\" decoding=\"async\" src=\"https:\/\/redsemlac.com\/semmexico\/wp-content\/uploads\/2020\/02\/WhatsApp-Image-2020-02-08-at-12.22.32-AM-2.jpeg\" alt=\"\" class=\"wp-image-16474\" width=\"272\" height=\"573\"\/><\/figure><\/div>\n\n\n\n<p class=\"wp-block-paragraph\">Al participar el\nforo \u201cLos Derechos de las Mujeres, Frente al 2020\u201d, que inici\u00f3 la celebraci\u00f3n\ndel 4\u00ba aniversario de la organizaci\u00f3n Constituyentes Feministas CDMX, en una\nsala de la C\u00e1mara de Diputados, donde hablaron 8 mujeres y se presentaron los\nadelantos de esa organizaci\u00f3n, afirm\u00f3 que existe la tentaci\u00f3n del desprecio a\nla justicia.<\/p>\n\n\n\n<p class=\"wp-block-paragraph\">En una intervenci\u00f3n\npuntual, felicit\u00f3 a las Constituyentes por haber trabajado en los \u00faltimos\ncuatro a\u00f1os promoviendo cambios y alcanzarlos -como lo es la Constituci\u00f3n\nFeminista de la Ciudad de M\u00e9xico- lo que evidencia que el movimiento social de\nmujeres ha sido determinante para derribar, dijo, \u201clos muros del patriarcado,\nde la desigualdad y la discriminaci\u00f3n\u201d.<\/p>\n\n\n\n<p class=\"wp-block-paragraph\">Se lament\u00f3 que el\nEstado mexicano no ha entendido \u201cnuestra exigencia\u201d por el reconocimiento de\nnuestros derechos humanos fundamentales, negando el derecho a la vida, a la\ndignidad y a los derechos de las mujeres.<\/p>\n\n\n\n<p class=\"wp-block-paragraph\">Responsable de dar\nseguimiento a la pol\u00edtica oficial para parar el feminicidio y promotora de la\ndespenalizaci\u00f3n del aborto, afirm\u00f3 que la legislatura de la paridad debe\ncomprometerse, claramente, con una agenda para la igualdad y la justicia para\nlas mujeres.<\/p>\n\n\n\n<p class=\"wp-block-paragraph\">Desat\u00f3 que una\ncuesti\u00f3n fundamental es la libertad para que las mujeres decidan sobre su\npropio cuerpo defendiendo y mejorando los derechos sexuales y reproductivos.\nAfirm\u00f3 que \u201cnuestro cuerpo no es un espacio p\u00fablico donde puede decidir por\nnosotras el estado, la iglesia y los hombres\u201d.<\/p>\n\n\n\n<p class=\"wp-block-paragraph\">Dijo que esa\nlegislatura debe garantizar que se preserve el feminicidio como tipo penal,\nporque est\u00e1 cerca del genocidio y el asesinato de una mujer por razones de\ng\u00e9nero, es una amenaza para todas las mujeres.<\/p>\n\n\n\n<figure class=\"wp-block-image\"><img decoding=\"async\" src=\"https:\/\/redsemlac.com\/semmexico\/wp-content\/uploads\/2020\/02\/cosntituyentes-3-1024x487.jpg\" alt=\"\" class=\"wp-image-16485\"\/><\/figure>\n\n\n\n<p class=\"wp-block-paragraph\">Afirm\u00f3 que es inaceptable\nque a las mujeres nos hagan invisibles y que est\u00e1 luchando porque haya un C\u00f3digo\nPenal \u00fanico para homologar los tipos penales, como los vinculados a la\nviolencia contra las mujeres: acoso, hostigamiento, lesiones, violencia y\nfeminicidio.<\/p>\n\n\n\n<p class=\"wp-block-paragraph\">Advirti\u00f3 que los congresos\nlocales quedar\u00e1n impedidos de introducir la despenalizaci\u00f3n del aborto, si no\nse introduce a ese C\u00f3digo Penal \u00fanico, \u201cno queremos mujeres criminalizadas o\nmuertas por el ejercicio de un derecho inherente a nuestra condici\u00f3n humana\u201d.<\/p>\n\n\n\n<p class=\"wp-block-paragraph\">Luego denunci\u00f3 que\nfrente a 33 millones de v\u00edctimas no se haya presupuesto, para la reparaci\u00f3n del\nda\u00f1o, de cara a la incapacidad del Estado Mexicano, garantizar la vida de las\npersonas. As\u00ed no puede evitarse la repetici\u00f3n de los delitos.<\/p>\n\n\n\n<p class=\"wp-block-paragraph\">SEM\/sl\/sj<\/p>\n","protected":false},"excerpt":{"rendered":"<p>Lorena Villavicencio pide C\u00f3digo Penal \u00fanico para homologar tipos penales sobre violencia contra las mujeres<\/p>\n","protected":false},"author":3,"featured_media":16483,"comment_status":"open","ping_status":"open","sticky":false,"template":"","format":"standard","meta":{"_monsterinsights_skip_tracking":false,"footnotes":""},"categories":[691,54],"tags":[],"class_list":["post-16472","post","type-post","status-publish","format-standard","has-post-thumbnail","category-691","category-mujeres"],"_links":{"self":[{"href":"https:\/\/redsemlac.com\/semmexico\/wp-json\/wp\/v2\/posts\/16472","targetHints":{"allow":["GET"]}}],"collection":[{"href":"https:\/\/redsemlac.com\/semmexico\/wp-json\/wp\/v2\/posts"}],"about":[{"href":"https:\/\/redsemlac.com\/semmexico\/wp-json\/wp\/v2\/types\/post"}],"author":[{"embeddable":true,"href":"https:\/\/redsemlac.com\/semmexico\/wp-json\/wp\/v2\/users\/3"}],"replies":[{"embeddable":true,"href":"https:\/\/redsemlac.com\/semmexico\/wp-json\/wp\/v2\/comments?post=16472"}],"version-history":[{"count":0,"href":"https:\/\/redsemlac.com\/semmexico\/wp-json\/wp\/v2\/posts\/16472\/revisions"}],"wp:featuredmedia":[{"embeddable":true,"href":"https:\/\/redsemlac.com\/semmexico\/wp-json\/wp\/v2\/media\/16483"}],"wp:attachment":[{"href":"https:\/\/redsemlac.com\/semmexico\/wp-json\/wp\/v2\/media?parent=16472"}],"wp:term":[{"taxonomy":"category","embeddable":true,"href":"https:\/\/redsemlac.com\/semmexico\/wp-json\/wp\/v2\/categories?post=16472"},{"taxonomy":"post_tag","embeddable":true,"href":"https:\/\/redsemlac.com\/semmexico\/wp-json\/wp\/v2\/tags?post=16472"}],"curies":[{"name":"wp","href":"https:\/\/api.w.org\/{rel}","templated":true}]}}