{"id":16468,"date":"2020-02-07T23:08:48","date_gmt":"2020-02-07T23:08:48","guid":{"rendered":"https:\/\/redsemlac.com\/semmexico\/?p=16468"},"modified":"2023-07-21T15:19:52","modified_gmt":"2023-07-21T20:19:52","slug":"gana-anabel-hernandez-premio-nacional-de-periodismo-2020","status":"publish","type":"post","link":"https:\/\/redsemlac.com\/semmexico\/gana-anabel-hernandez-premio-nacional-de-periodismo-2020\/","title":{"rendered":"Gana Anabel Hern\u00e1ndez Premio Nacional de Periodismo 2020"},"content":{"rendered":"\n<p class=\"wp-block-paragraph\"><strong>Redacci\u00f3n<\/strong><\/p>\n\n\n\n<p class=\"wp-block-paragraph\">SemM\u00e9xico\/Revoluci\u00f3n 3.0,  Ciudad de M\u00e9xico. 07 de febrero 2020.- La periodista y escritora Anabel Hern\u00e1ndez gan\u00f3 el Premio Nacional de Periodismo 2020.<\/p>\n\n\n\n<p class=\"wp-block-paragraph\">El premio fue otorgado a la periodista por la publicaci\u00f3n de\nsu libro \u201cEl Traidor, El diario Secreto del Hijo del Mayo\u201d en 2019, donde\ndesenmascara los hilos de corrupci\u00f3n y poder que se tejieron a lo largo de\nd\u00e9cadas en M\u00e9xico, lo que ha provocado que cada uno de los l\u00edderes del\nnarcotr\u00e1fico vayan cayendo, a excepci\u00f3n de El Mayo Zambada.<\/p>\n\n\n\n<p class=\"wp-block-paragraph\">La periodista ya hab\u00eda realizado periodismo de investigaci\u00f3n\nanteriormente, ya que en 2010 public\u00f3 su libro \u201cLos Se\u00f1ores del Narco\u201d, d\u00f3nde\npor primera vez se documenta el&nbsp;\nsospechoso enriquecimiento de Genaro Garc\u00eda Luna durante el sexenio de\nCalder\u00f3n, as\u00ed como el papel del ex secretario de seguridad p\u00fablica en la\nconstrucci\u00f3n de esta red de corrupci\u00f3n, impunidad y narcotr\u00e1fico que ha sumido\na M\u00e9xico en la violencia durante las \u00faltimos sexenios.<\/p>\n\n\n\n<p class=\"wp-block-paragraph\">En su momento, Anabel Hern\u00e1ndez fue v\u00edctima de amenazas al\nhaber publicado esta investigaci\u00f3n contra Garc\u00eda Luna, por lo que se activ\u00f3 el\nmecanismo de protecci\u00f3n a periodistas por parte de la Secretar\u00eda de\nGobernaci\u00f3n.<\/p>\n\n\n\n<p class=\"wp-block-paragraph\">De igual manera en 2016 escribi\u00f3 el libro \u201cLa Verdadera\nNoche de Iguala\u201d, d\u00f3nde descubre c\u00f3mo fue que los tres \u00f3rdenes de gobierno\nten\u00edan conocimiento de la desaparici\u00f3n de los 43 estudiantes normalistas de\nAyotzinapa, sin embargo decidieron entorpecer las investigaciones, en un\nintento desesperado de esconder bajo la alfombra toda la suciedad acumulada por\nla red de corrupci\u00f3n que involucra tanto al Estado como al Crimen Organizado.<\/p>\n\n\n\n<p class=\"wp-block-paragraph\">Por esta trayectoria de trabajo fue que el Jurado\nCalificador del XLIX Certamen Nacional e Internacional de Periodismo del Club\nde Periodistas de M\u00e9xico decidi\u00f3 otorgarle a Anabel Hern\u00e1ndez el Premio\nNacional de Periodismo 2020, el cual ser\u00e1 entregado a la periodista el pr\u00f3ximo\nmartes 31 de marzo en la sede del Club de Periodistas.<\/p>\n\n\n\n<p class=\"wp-block-paragraph\">SEM-Revoluci\u00f3n 3.0<\/p>\n","protected":false},"excerpt":{"rendered":"<p>El premio fue otorgado a la periodista por la publicaci\u00f3n de su libro \u201cEl Traidor, El diario Secreto del Hijo del Mayo\u201d en 2019, donde desenmascara los hilos de corrupci\u00f3n y poder que se tejieron a lo largo de d\u00e9cadas en M\u00e9xico<\/p>\n","protected":false},"author":3,"featured_media":16469,"comment_status":"open","ping_status":"open","sticky":false,"template":"","format":"standard","meta":{"_monsterinsights_skip_tracking":false,"footnotes":""},"categories":[691,55],"tags":[],"class_list":["post-16468","post","type-post","status-publish","format-standard","has-post-thumbnail","category-691","category-periodistas"],"_links":{"self":[{"href":"https:\/\/redsemlac.com\/semmexico\/wp-json\/wp\/v2\/posts\/16468","targetHints":{"allow":["GET"]}}],"collection":[{"href":"https:\/\/redsemlac.com\/semmexico\/wp-json\/wp\/v2\/posts"}],"about":[{"href":"https:\/\/redsemlac.com\/semmexico\/wp-json\/wp\/v2\/types\/post"}],"author":[{"embeddable":true,"href":"https:\/\/redsemlac.com\/semmexico\/wp-json\/wp\/v2\/users\/3"}],"replies":[{"embeddable":true,"href":"https:\/\/redsemlac.com\/semmexico\/wp-json\/wp\/v2\/comments?post=16468"}],"version-history":[{"count":0,"href":"https:\/\/redsemlac.com\/semmexico\/wp-json\/wp\/v2\/posts\/16468\/revisions"}],"wp:featuredmedia":[{"embeddable":true,"href":"https:\/\/redsemlac.com\/semmexico\/wp-json\/wp\/v2\/media\/16469"}],"wp:attachment":[{"href":"https:\/\/redsemlac.com\/semmexico\/wp-json\/wp\/v2\/media?parent=16468"}],"wp:term":[{"taxonomy":"category","embeddable":true,"href":"https:\/\/redsemlac.com\/semmexico\/wp-json\/wp\/v2\/categories?post=16468"},{"taxonomy":"post_tag","embeddable":true,"href":"https:\/\/redsemlac.com\/semmexico\/wp-json\/wp\/v2\/tags?post=16468"}],"curies":[{"name":"wp","href":"https:\/\/api.w.org\/{rel}","templated":true}]}}