{"id":16417,"date":"2020-02-07T01:09:06","date_gmt":"2020-02-07T01:09:06","guid":{"rendered":"https:\/\/redsemlac.com\/semmexico\/?p=16417"},"modified":"2023-07-21T15:19:53","modified_gmt":"2023-07-21T20:19:53","slug":"llaman-feministas-a-no-ratificar-de-la-magistrada-patricia-gudino-rodriguez","status":"publish","type":"post","link":"https:\/\/redsemlac.com\/semmexico\/llaman-feministas-a-no-ratificar-de-la-magistrada-patricia-gudino-rodriguez\/","title":{"rendered":"Llaman feministas a no ratificar a la Magistrada Patricia Gudi\u00f1o Rodr\u00edguez"},"content":{"rendered":"\n<p class=\"wp-block-paragraph\"><strong>*&nbsp;\nLa funcionaria del TSJ CDMX pidi\u00f3 a legisladores reincorporar la\nalienaci\u00f3n parental<\/strong><\/p>\n\n\n\n<p class=\"wp-block-paragraph\"><strong>* La figura fue eliminada desde\n2017, por no ser un instrumento cient\u00edfico<\/strong><\/p>\n\n\n\n<p class=\"wp-block-paragraph\"><strong>Redacci\u00f3n<\/strong><\/p>\n\n\n\n<p class=\"wp-block-paragraph\">SemM\u00e9xico, Cd. de M\u00e9xico, 6 de febrero 2020.-\nFeministas llaman a firmar una petici\u00f3n para que la magistrada Patricia Gudi\u00f1o\nRodr\u00edguez no puede ser ratificada al Tribunal Superior de Justicia de la Ciudad\nde M\u00e9xico, en virtud de su propuesta expresa de reincorporar la alienaci\u00f3n parental\nen el marco legal de esta ciudad y castigo penal a quien lo ejecute. <\/p>\n\n\n\n<p class=\"wp-block-paragraph\">La experiencia y reflexi\u00f3n cr\u00edtica feminista ha\neliminado esa figura apenas en el 2017.<br>\n<br>\nLo anterior, luego de que este mi\u00e9rcoles en el Congreso de la Ciudad de M\u00e9xico,\nse llev\u00f3 a cabo la primera parte de las entrevistas a magistradas y magistrados\ndel Tribunal Superior de Justicia de la Ciudad de M\u00e9xico, propuestos para ser\nratificados en el cargo y donde compareci\u00f3 la magistrada Patricia Gudi\u00f1o\nRodr\u00edguez, quien en su presentaci\u00f3n sugiri\u00f3 a las y los diputados del Congreso\nlocal, considerar volver a incluir la alienaci\u00f3n parental en la legislaci\u00f3n\ncivil, as\u00ed como en la penal. <br>\n<br>\nAdem\u00e1s, refiri\u00f3 que son las mujeres quienes manipulan a sus hijos e hijas cuando\nest\u00e1n inconformes con la pensi\u00f3n alimenticia que dan los hombres, lo que\nrefuerza estereotipos de g\u00e9nero y la propuesta en general es violatoria de\nderechos humanos. <br>\n<br>\nAs\u00ed, la juzgadora desconoce la perspectiva de g\u00e9nero en su tarea como\nmagistrada del Tribunal Superior de Justicia: igualdad es juzgar por igual a\nmujeres y hombres; y apela a una figura no cient\u00edfica, como lo es la alienaci\u00f3n\nparental, como un mecanismo que le brinde herramientas para resolver a favor de\nni\u00f1as, ni\u00f1os y adolescentes en casos de violencia familiar, se\u00f1ala el documento\nque circula en redes sociales.<br>\n<br>\nEntre alguno de los problemas ante el supuesto s\u00edndrome de alienaci\u00f3n parental,\nel cual no es una figura reconocida por instrumento m\u00e9dico o psicol\u00f3gico\nauditado, lo que se pone en juego es la voz de las v\u00edctimas infantiles cuando\notorgan su testimonio en los casos de abuso sexual en la infancia. <\/p>\n\n\n\n<p class=\"wp-block-paragraph\">Muchas veces ese testimonio es la prueba inicial\ncon la que cuenta el sistema de justicia para iniciar una investigaci\u00f3n.\nEnmarcar ese testimonio como parte de la alienaci\u00f3n parental, deja de lado el\nconsiderar la capacidad evolutiva de ni\u00f1as y ni\u00f1os como sujetas de derecho, en\ntanto se afirma que ni\u00f1as y ni\u00f1os carecen de autonom\u00eda.<\/p>\n\n\n\n<p class=\"wp-block-paragraph\">El documento puede ser le\u00eddo y firmado en:<\/p>\n\n\n\n<p class=\"wp-block-paragraph\"><a href=\"https:\/\/docs.google.com\/forms\/d\/e\/1FAIpQLSfa8QUpKK2On5clivVyEGP1h37St4NoHD-vOyOR_DmLmAa1TQ\/viewform?usp=sf_link\">https:\/\/docs.google.com\/forms\/d\/e\/1FAIpQLSfa8QUpKK2On5clivVyEGP1h37St4NoHD-vOyOR_DmLmAa1TQ\/viewform?usp=sf_link<\/a><\/p>\n\n\n\n<p class=\"wp-block-paragraph\">SEM\/sj<\/p>\n","protected":false},"excerpt":{"rendered":"<p>La funcionaria del TSJ CDMX pidi\u00f3 a legisladores reincorporar la alienaci\u00f3n parental<\/p>\n","protected":false},"author":3,"featured_media":16418,"comment_status":"open","ping_status":"open","sticky":false,"template":"","format":"standard","meta":{"_monsterinsights_skip_tracking":false,"footnotes":""},"categories":[691,54],"tags":[],"class_list":["post-16417","post","type-post","status-publish","format-standard","has-post-thumbnail","category-691","category-mujeres"],"_links":{"self":[{"href":"https:\/\/redsemlac.com\/semmexico\/wp-json\/wp\/v2\/posts\/16417","targetHints":{"allow":["GET"]}}],"collection":[{"href":"https:\/\/redsemlac.com\/semmexico\/wp-json\/wp\/v2\/posts"}],"about":[{"href":"https:\/\/redsemlac.com\/semmexico\/wp-json\/wp\/v2\/types\/post"}],"author":[{"embeddable":true,"href":"https:\/\/redsemlac.com\/semmexico\/wp-json\/wp\/v2\/users\/3"}],"replies":[{"embeddable":true,"href":"https:\/\/redsemlac.com\/semmexico\/wp-json\/wp\/v2\/comments?post=16417"}],"version-history":[{"count":0,"href":"https:\/\/redsemlac.com\/semmexico\/wp-json\/wp\/v2\/posts\/16417\/revisions"}],"wp:featuredmedia":[{"embeddable":true,"href":"https:\/\/redsemlac.com\/semmexico\/wp-json\/wp\/v2\/media\/16418"}],"wp:attachment":[{"href":"https:\/\/redsemlac.com\/semmexico\/wp-json\/wp\/v2\/media?parent=16417"}],"wp:term":[{"taxonomy":"category","embeddable":true,"href":"https:\/\/redsemlac.com\/semmexico\/wp-json\/wp\/v2\/categories?post=16417"},{"taxonomy":"post_tag","embeddable":true,"href":"https:\/\/redsemlac.com\/semmexico\/wp-json\/wp\/v2\/tags?post=16417"}],"curies":[{"name":"wp","href":"https:\/\/api.w.org\/{rel}","templated":true}]}}