{"id":16408,"date":"2020-02-06T23:57:32","date_gmt":"2020-02-06T23:57:32","guid":{"rendered":"https:\/\/redsemlac.com\/semmexico\/?p=16408"},"modified":"2023-07-21T15:19:53","modified_gmt":"2023-07-21T20:19:53","slug":"emiten-opinion-favorable-para-la-despenalizacion-del-aborto-en-mexico","status":"publish","type":"post","link":"https:\/\/redsemlac.com\/semmexico\/emiten-opinion-favorable-para-la-despenalizacion-del-aborto-en-mexico\/","title":{"rendered":"Va la despenalizaci\u00f3n del aborto en M\u00e9xico, aprueban proyecto"},"content":{"rendered":"\n<ul class=\"wp-block-list\"><li><strong>Emite Comisi\u00f3n de Igualdad de G\u00e9nero de la C\u00e1mara de Diputados opini\u00f3n favorable <\/strong><\/li><li><strong>Las diputadas sostienen que es derecho de las mujeres<\/strong><\/li><\/ul>\n\n\n\n<p class=\"wp-block-paragraph\"><strong>Elda Montiel <\/strong><\/p>\n\n\n\n<p class=\"wp-block-paragraph\">SemM\u00e9xico, Cd. de M\u00e9xico, 6 de febrero 2020.- La Comisi\u00f3n de Igualdad de G\u00e9nero de la C\u00e1mara de Diputados aprob\u00f3 una \u2018opini\u00f3n favorable\u2019 para el dictamen que despenaliza el aborto, ya que adiciona diversas disposiciones de la Ley General de Salud en materia de Interrupci\u00f3n legal del embarazo y salud sexual reproductiva.<\/p>\n\n\n\n<p class=\"wp-block-paragraph\">Presentada por las diputadas y los diputados del Grupo Parlamentario de Morena, la iniciativa adiciona la fracci\u00f3n V Bis al art\u00edculo 3; el p\u00e1rrafo cuarto al art\u00edculo 10 Bis; el cap\u00edtulo VI Bis \u201cDe la Interrupci\u00f3n Legal del Embarazo\u201d y el art\u00edculo 71 Bis de la Ley General de Salud, para que la Secretaria de Salud reconozca y garantice el ejercicio de los derechos sexuales y reproductivos de las mujeres, incluida la Interrupci\u00f3n Legal del Embarazo. La iniciativa fue turnada a la Comisi\u00f3n de Salud a fin de continuar con su an\u00e1lisis.<\/p>\n\n\n\n<p class=\"wp-block-paragraph\">Las y los diputados iniciadores consideran que es\nimprescindible asegurar y garantizar el ejercicio de los derechos sexuales y\nreproductivos de las mujeres sin opugnar la libertad de conciencia.<\/p>\n\n\n\n<p class=\"wp-block-paragraph\">Por lo que proponen conciliar ambos derechos,\nasegurando que las instituciones de salud garanticen la existencia de personal\nque no oponga la objeci\u00f3n de conciencia para realizar los procedimientos de\ninterrupci\u00f3n legal del embarazo a las mujeres que as\u00ed lo soliciten. <\/p>\n\n\n\n<p class=\"wp-block-paragraph\">Por los anteriores motivos las y los legisladores\ndel grupo parlamentario de Morena, consideran que todo ello coadyuvar\u00e1\ndecididamente para garantizar un acceso efectivo de las mujeres a sus derechos\nsexuales y reproductivos, as\u00ed como a la no discriminaci\u00f3n.<\/p>\n\n\n\n<p class=\"wp-block-paragraph\">Sobre la importancia de la despenalizaci\u00f3n del\naborto en la protecci\u00f3n amplia de&nbsp; &nbsp;los derechos de las mujeres, las y los\ndiputados iniciadores, se\u00f1alan que, conforme a la Secretar\u00eda de Salud del\nGobierno de la Ciudad de M\u00e9xico, es importante considerar que de abril de 2007\na julio de 2019 se realizaron 214 mil 165 interrupciones legales de embarazo a\nmujeres procedentes de todos los estados de la Rep\u00fablica, incluyendo a mujeres\nextranjeras.<\/p>\n\n\n\n<p class=\"wp-block-paragraph\">En la Iniciativa se establece que la Secretar\u00eda de\nSalud por medio de personal capacitado para tales efectos, deber\u00e1n proceder a\nla interrupci\u00f3n legal del embarazo hasta las 12 semanas y en aquellos otros\nsupuestos permitidos por la ley, en condiciones de calidad, cuando la mujer\ninteresada as\u00ed lo solicite.<\/p>\n\n\n\n<p class=\"wp-block-paragraph\">Para tales efectos, a solicitud de la interesada, la\nSecretar\u00eda de Salud proporcionar\u00e1 servicios de consejer\u00eda m\u00e9dica y social con\ninformaci\u00f3n veraz y oportuna.<\/p>\n\n\n\n<p class=\"wp-block-paragraph\">Asimismo, se establece que el personal m\u00e9dico y de\nenfermer\u00eda que forme parte del Sistema Nacional de Salud, podr\u00e1 ejercer la\nobjeci\u00f3n de conciencia y excusarse de participar en la prestaci\u00f3n de servicios\nque establece esta Ley.<\/p>\n\n\n\n<p class=\"wp-block-paragraph\">Las instituciones p\u00fablicas de atenci\u00f3n m\u00e9dica,\ndeber\u00e1n contar en todo momento con personal no objetor de conciencia para los\nprocedimientos m\u00e9dicos que deben garantizar.<\/p>\n\n\n\n<figure class=\"wp-block-embed-twitter wp-block-embed is-type-rich is-provider-twitter\"><div class=\"wp-block-embed__wrapper\">\n<blockquote class=\"twitter-tweet\" data-width=\"550\" data-dnt=\"true\"><p lang=\"es\" dir=\"ltr\">Se aprueba la opini\u00f3n en la Comisi\u00f3n de Igualdad y se turna a la Comisi\u00f3n de Salud.  <a href=\"https:\/\/twitter.com\/hashtag\/AbortoLegalMx2020?src=hash&amp;ref_src=twsrc%5Etfw\">#AbortoLegalMx2020<\/a><\/p>&mdash; GIRE (@GIRE_mx) <a href=\"https:\/\/twitter.com\/GIRE_mx\/status\/1225471831374794752?ref_src=twsrc%5Etfw\">February 6, 2020<\/a><\/blockquote><script async src=\"https:\/\/platform.twitter.com\/widgets.js\" charset=\"utf-8\"><\/script>\n<\/div><\/figure>\n\n\n\n<figure class=\"wp-block-embed-twitter wp-block-embed is-type-rich is-provider-twitter\"><div class=\"wp-block-embed__wrapper\">\n<blockquote class=\"twitter-tweet\" data-width=\"550\" data-dnt=\"true\"><p lang=\"es\" dir=\"ltr\"><a href=\"https:\/\/twitter.com\/hashtag\/AbortoLegalMx2020?src=hash&amp;ref_src=twsrc%5Etfw\">#AbortoLegalMx2020<\/a><br>La opini\u00f3n, recibida como favorable, que hoy emiti\u00f3 la Comisi\u00f3n de Igualdad de G\u00e9nero a favor de la despenalizaci\u00f3n del aborto en el pa\u00eds y la ley de salud, es un gran paso para hacer valer el derecho a la autonom\u00eda de las mujeres. <a href=\"https:\/\/twitter.com\/hashtag\/Ser%C3%A1Ley?src=hash&amp;ref_src=twsrc%5Etfw\">#Ser\u00e1Ley<\/a> <a href=\"https:\/\/t.co\/BewsXT4nnq\">https:\/\/t.co\/BewsXT4nnq<\/a><\/p>&mdash; ILSB (@ilsb_ac) <a href=\"https:\/\/twitter.com\/ilsb_ac\/status\/1225487386861297666?ref_src=twsrc%5Etfw\">February 6, 2020<\/a><\/blockquote><script async src=\"https:\/\/platform.twitter.com\/widgets.js\" charset=\"utf-8\"><\/script>\n<\/div><\/figure>\n\n\n\n<p class=\"wp-block-paragraph\"><strong>Antecedentes,\nCiudad de M\u00e9xico y Oaxaca <\/strong><\/p>\n\n\n\n<p class=\"wp-block-paragraph\">Esta iniciativa toma como base la propuesta de reforma\nconstitucional presentada con anterioridad por el diputado Porfirio Mu\u00f1oz Ledo\nen el punto al derecho a la sexualidad, al libre desarrollo de la personalidad\ny a la autonom\u00eda reproductiva, y es donde se cimienta la necesidad de generar\nejercicios democr\u00e1ticos de parlamento abierto a trav\u00e9s de foros nacionales en\ndicha materia. <\/p>\n\n\n\n<p class=\"wp-block-paragraph\">Los foros de parlamento abierto se realizaron en 22\nciudades de 20 estados de la Rep\u00fablica con la participaci\u00f3n de acad\u00e9micas, de\npersonas de la funci\u00f3n p\u00fablica y sociedad civil organizada, quienes tienen la experticia\nen la generaci\u00f3n de pol\u00edticas p\u00fablicas para garantizar los derechos que\npermitan alcanzar la igualdad sustantiva. <\/p>\n\n\n\n<p class=\"wp-block-paragraph\">La iniciativa fue presentada por el Grupo\nParlamentario de Morena el 31 de octubre de 2019 y se turn\u00f3, en ese entonces a\nla Comisi\u00f3n de Salud para dictamen y a la Comisi\u00f3n de Igualdad de G\u00e9nero para\nopini\u00f3n.<\/p>\n\n\n\n<p class=\"wp-block-paragraph\">Con fines de incluir todas las voces, consideraron\nla iniciativa ciudadana \u201cCon proyecto de decreto para la reforma del C\u00f3digo\nPenal Federal sobre el aborto, el C\u00f3digo Nacional de Procedimientos Penales y\nla Ley General de Salud, para despenalizar y legalizar el aborto en nuestro\npa\u00eds\u201d que fue canalizada por la organizaci\u00f3n de mujeres Rosas Rojas. <\/p>\n\n\n\n<p class=\"wp-block-paragraph\">Esta iniciativa se present\u00f3 de manera p\u00fablica a\nmujeres feministas independientes y a los miles de mujeres que se han\nmovilizado en todo el pa\u00eds.<\/p>\n\n\n\n<p class=\"wp-block-paragraph\">Igualmente, manifiestan que la iniciativa objeto de\nopini\u00f3n ha retomado elementos del debate normativo que se dio en torno a la\ninterrupci\u00f3n legal del embarazo en la Ciudad de M\u00e9xico, as\u00ed como de la reforma\nreci\u00e9n aprobada en la materia en el C\u00f3digo Penal para el estado de Oaxaca.<\/p>\n\n\n\n<p class=\"wp-block-paragraph\">En las consideraciones se destac\u00f3 que la desigualdad\necon\u00f3mica es un factor determinante en la vulneraci\u00f3n de los derechos sexuales\ny reproductivos de las mujeres, pues las mujeres en condiciones econ\u00f3micas\nfavorables y contextos privilegiados logran acceder a la interrupci\u00f3n\nvoluntaria del embarazo, mientras que las mujeres en condiciones econ\u00f3micas precarias,\ncontextos hostiles y lugares de dif\u00edcil acceso sufren una doble o hasta triple\ndiscriminaci\u00f3n entre ser mujer, ser j\u00f3venes, ser ind\u00edgenas y ser pobres. <\/p>\n\n\n\n<p class=\"wp-block-paragraph\">Y que el reconocimiento jur\u00eddico de los derechos\nsexuales y reproductivos plenos de las mujeres constituyen acto de justicia\nsocial, que forma las bases para que en todo el territorio mexicano se\nconsolide el acceso universal y seguro a la interrupci\u00f3n legal del embarazo.<\/p>\n\n\n\n<p class=\"wp-block-paragraph\">Es necesario realizar una reforma integral en\nmateria de salud sexual, con la finalidad de lograr una armon\u00eda entre las\nlegislaciones y evitar una \u201cantinomia\u201d jur\u00eddica.<\/p>\n\n\n\n<p class=\"wp-block-paragraph\">Como resultado de las diversas propuestas razonadas\nde los Parlamentos Abiertos se concluy\u00f3 que, para alcanzar de manera efectiva\nen el ejercicio de los derechos sexuales y reproductivos de las mujeres, bajo\nuna perspectiva de g\u00e9nero, se debe: <\/p>\n\n\n\n<p class=\"wp-block-paragraph\">Garantizar y hacer justiciable la interrupci\u00f3n legal\ndel embarazo conforme a los protocolos internacionales en la materia,\nestableciendo un ejercicio de derecho comparado respecto de las formas y\nespecificaciones de practicar la interrupci\u00f3n del embarazo en los pa\u00edses que ya\ntienen consolidada dicha pr\u00e1ctica de salud p\u00fablica.<\/p>\n\n\n\n<p class=\"wp-block-paragraph\">Garantizar cuando en el leg\u00edtimo uso de su derecho\nal libre desarrollo de la personalidad, cuando lo soliciten voluntariamente\nante la sanidad p\u00fablica, podr\u00e1n ser intervenidas con el objeto de no volver a\nprocrear.<\/p>\n\n\n\n<p class=\"wp-block-paragraph\">Garantizar y hacer justiciable la autonom\u00eda\nreproductiva de las mujeres quienes, en el leg\u00edtimo uso de su derecho al libre\ndesarrollo de la personalidad, a trav\u00e9s de pol\u00edticas p\u00fablicas de la m\u00e1s alta\ncalidad en materia de salud, contando en todo momento con el asesoramiento,\nacompa\u00f1amiento y finalizaci\u00f3n de los diversos tratamientos que esta legislaci\u00f3n\nse\u00f1ale conforme a las pol\u00edticas de inclusi\u00f3n social. <\/p>\n\n\n\n<p class=\"wp-block-paragraph\">Se reconoci\u00f3 que existe un rezago a nivel nacional\nen la protecci\u00f3n y garant\u00eda de los derechos sexuales y reproductivos, as\u00ed como\na contar con informaci\u00f3n clara y oportuna.<\/p>\n\n\n\n<p class=\"wp-block-paragraph\">Por lo que es necesario transformar la concepci\u00f3n\nque ve a las mujeres como sujetos de tutela, para ser sujetos de derechos\ncapaces de exigir y ejercer derechos y libertades sobre nuestro cuerpo. <\/p>\n\n\n\n<p class=\"wp-block-paragraph\">Considerar el embarazo adolescente como un grave\nproblema de salud p\u00fablica, y es obligatorio dar cumplimiento a la recomendaci\u00f3n\n31 de la Convenci\u00f3n para la Eliminaci\u00f3n de Todas las Formas de Discriminaci\u00f3n\ncontra la Mujer (CEDAW), consistente en la creaci\u00f3n, aplicaci\u00f3n y evaluaci\u00f3n de\nprotocolos y pol\u00edticas p\u00fablicas para proteger y garantizar los derechos\nreproductivos de las mujeres.<\/p>\n\n\n\n<p class=\"wp-block-paragraph\">A pesar de que en muchos c\u00f3digos penales se prev\u00e9n\ncausales excluyentes del delito en casos de violaci\u00f3n, el personal m\u00e9dico, en\nmuchas ocasiones, prefieren evadir la pr\u00e1ctica, lo cual significa una violaci\u00f3n\nde los derechos de las mujeres a la salud, la integridad f\u00edsica, psicol\u00f3gica y\nsexual y los derechos y libertades reproductivas.<\/p>\n\n\n\n<p class=\"wp-block-paragraph\">Para lograr la progresividad de los derechos\nsexuales y reproductivos de las mujeres, se necesita tambi\u00e9n re-educar,\nsensibilizar y capacitar a las y los servidores p\u00fablicos con perspectiva de\ng\u00e9nero respecto a la protecci\u00f3n, respeto y garant\u00eda de los derechos de las\nmujeres. <\/p>\n\n\n\n<p class=\"wp-block-paragraph\">SEM\/em\/sj<\/p>\n","protected":false},"excerpt":{"rendered":"<p>La Comisi\u00f3n de Igualdad de G\u00e9nero de la C\u00e1mara de Diputados sostienen que es derecho de las mujeres<\/p>\n","protected":false},"author":3,"featured_media":16409,"comment_status":"open","ping_status":"open","sticky":false,"template":"","format":"standard","meta":{"_monsterinsights_skip_tracking":false,"footnotes":""},"categories":[691,50],"tags":[],"class_list":["post-16408","post","type-post","status-publish","format-standard","has-post-thumbnail","category-691","category-congreso"],"_links":{"self":[{"href":"https:\/\/redsemlac.com\/semmexico\/wp-json\/wp\/v2\/posts\/16408","targetHints":{"allow":["GET"]}}],"collection":[{"href":"https:\/\/redsemlac.com\/semmexico\/wp-json\/wp\/v2\/posts"}],"about":[{"href":"https:\/\/redsemlac.com\/semmexico\/wp-json\/wp\/v2\/types\/post"}],"author":[{"embeddable":true,"href":"https:\/\/redsemlac.com\/semmexico\/wp-json\/wp\/v2\/users\/3"}],"replies":[{"embeddable":true,"href":"https:\/\/redsemlac.com\/semmexico\/wp-json\/wp\/v2\/comments?post=16408"}],"version-history":[{"count":0,"href":"https:\/\/redsemlac.com\/semmexico\/wp-json\/wp\/v2\/posts\/16408\/revisions"}],"wp:featuredmedia":[{"embeddable":true,"href":"https:\/\/redsemlac.com\/semmexico\/wp-json\/wp\/v2\/media\/16409"}],"wp:attachment":[{"href":"https:\/\/redsemlac.com\/semmexico\/wp-json\/wp\/v2\/media?parent=16408"}],"wp:term":[{"taxonomy":"category","embeddable":true,"href":"https:\/\/redsemlac.com\/semmexico\/wp-json\/wp\/v2\/categories?post=16408"},{"taxonomy":"post_tag","embeddable":true,"href":"https:\/\/redsemlac.com\/semmexico\/wp-json\/wp\/v2\/tags?post=16408"}],"curies":[{"name":"wp","href":"https:\/\/api.w.org\/{rel}","templated":true}]}}