{"id":16386,"date":"2020-02-06T21:42:21","date_gmt":"2020-02-06T21:42:21","guid":{"rendered":"https:\/\/redsemlac.com\/semmexico\/?p=16386"},"modified":"2023-07-21T15:19:53","modified_gmt":"2023-07-21T20:19:53","slug":"nace-en-las-familias-la-violencia-feminicida-asegura-titular-de-conavim","status":"publish","type":"post","link":"https:\/\/redsemlac.com\/semmexico\/nace-en-las-familias-la-violencia-feminicida-asegura-titular-de-conavim\/","title":{"rendered":"Nace en las familias la violencia feminicida, asegura titular de CONAVIM"},"content":{"rendered":"\n<p class=\"wp-block-paragraph\"><strong>* En 2019, m\u00e1s de 717 mil casos ligados a la violencia intrafamiliar <\/strong><\/p>\n\n\n\n<p class=\"wp-block-paragraph\"><strong>* Gobierno debe desarrollar una pol\u00edtica de alto nivel: recursos,\ncapacitaci\u00f3n y revisi\u00f3n<\/strong><\/p>\n\n\n\n<p class=\"wp-block-paragraph\"><strong>Argelia Guevara, enviada<\/strong><\/p>\n\n\n\n<p class=\"wp-block-paragraph\">SemM\u00e9xico, Guadalajara, Jal., 6 de febrero 2020.- La\ntitular de la Comisi\u00f3n Nacional para Prevenir y Erradicar la Violencia contra\nlas Mujeres CONAVIM, Mar\u00eda Candelaria Ochoa \u00c1valos, de manera inusitada afirm\u00f3\nque la violencia de g\u00e9nero \u201cse anida en la familia\u201d y luego se propaga en la sociedad,\nluego de se\u00f1alar que en 2019 se denunciaron m\u00e1s de 777 mil delitos contra las\nmujeres ligados a la violencia familiar, uno grave como el abuso de menores que\nderiva en embarazos adolescentes.<\/p>\n\n\n\n<p class=\"wp-block-paragraph\">Aunque el discurso \u201ces todo sucede en la familia\u201d,\nreconoci\u00f3 que hay una cultura machista reafirmada en otros \u00e1mbitos de la\nsociedad, como la escuela y los medios de comunicaci\u00f3n.<\/p>\n\n\n\n<p class=\"wp-block-paragraph\">El que la violencia nazca en la familia explica\nporque es tan dif\u00edcil erradicarla. Se aprende en la familia, luego se traduce\nen los espacios p\u00fablicos de toda \u00edndole. Los hombres que violentan a la\nfamilia, seguramente violentar\u00e1n a mujeres de otras familias en todos los espacios.<\/p>\n\n\n\n<p class=\"wp-block-paragraph\">En una conferencia <em>Reproducci\u00f3n de la Violencia y Cambios Culturales, <\/em>impartida para\nestudiantes del Doctorado en Ciencias Sociales de la UDG, Ochoa \u00c1valos dio a\nconocer el tama\u00f1o del problema. En 2019 se denunciaron de 2 millones 15 mil 641\nde delitos, de los cuales el \u00edndice m\u00e1s alto se lig\u00f3 a la violencia\nintrafamiliar y contra la mujer, con 717 mil 787 casos. De estos, 274 mil 359\nfueron delitos de violencia de pareja; acoso y hostigamiento, 8 mil 22; abuso\nsexual, 4 mil 813; violaci\u00f3n, 3 mil 208; violencia sexual y feminicidio, mil 7\ndelitos, y corrupci\u00f3n de menores, mil 466. <\/p>\n\n\n\n<p class=\"wp-block-paragraph\">Explic\u00f3 que los esquemas de violencia machista en la\nfamilia, se reproducen en las instrucciones del Estado: la Iglesia o la\nescuela.<\/p>\n\n\n\n<p class=\"wp-block-paragraph\">La comisionada de CONAVIM y responsable federal del\nseguimiento y efectividad de las Alertas de Violencia de G\u00e9nero contra las\nMujeres, afirm\u00f3 que \u201cfrente a las representaciones sociales de las mujeres\nbuenas, abnegadas, comprometidas con la familia, se esconde parad\u00f3jicamente\ntambi\u00e9n la representaci\u00f3n del control sobre las mujeres a trav\u00e9s de la\nviolencia, y de la que cada una puede ser objeto. Tanto en el \u00e1mbito privado e\n\u00edntimo, como del espacio p\u00fablico y en sus distintas configuraciones, como la\nescuela, el trabajo o la pol\u00edtica. <\/p>\n\n\n\n<p class=\"wp-block-paragraph\">\u00bfPor qu\u00e9 en la familia? Pregunto y record\u00f3 que la\nfamilia es el n\u00facleo donde se sustentan los valores de g\u00e9nero, por ello se\ndeben analizar las conductas y las relaciones al interior de las familias.<\/p>\n\n\n\n<p class=\"wp-block-paragraph\">En 2019 se registraron 70 mil embarazos en mujeres\nde entre 10 y 19 a\u00f1os. Y s\u00f3lo para el 2015, 12 mil partos de menores de 14\na\u00f1os, lo cual en un alt\u00edsimo porcentaje eran violaciones sexuales por sus\nfamiliares: padres, hermanos, primos, etc\u00e9tera.<\/p>\n\n\n\n<p class=\"wp-block-paragraph\">Es de suponer que la mayor\u00eda de los embarazos en\nni\u00f1as menores de 15 a\u00f1os son producto de violaciones sexuales por sus\nfamiliares y en un alto porcentaje de familiares muy cercanos pero que nunca\nfueron denunciados como tal.<\/p>\n\n\n\n<p class=\"wp-block-paragraph\">Para la funcionaria de la Secretar\u00eda de Gobernaci\u00f3n,\nesta situaci\u00f3n llama a urgentemente hacer cambios culturales de fondo para\nprocurar una sociedad incluyente, plural y pac\u00edfica. La transversalizaci\u00f3n de\nlas pol\u00edticas de g\u00e9nero debe entenderse como pol\u00edtica de alto nivel y\nresponsabilidad con recursos, capacitaci\u00f3n y revisi\u00f3n de pr\u00e1cticas de gobierno.<\/p>\n\n\n\n<p class=\"wp-block-paragraph\">SEM\/ag\/sj<\/p>\n","protected":false},"excerpt":{"rendered":"<p>En 2019, m\u00e1s de 717 mil casos ligados a la violencia intrafamiliar <\/p>\n","protected":false},"author":3,"featured_media":16387,"comment_status":"open","ping_status":"open","sticky":false,"template":"","format":"standard","meta":{"_monsterinsights_skip_tracking":false,"footnotes":""},"categories":[691,51],"tags":[],"class_list":["post-16386","post","type-post","status-publish","format-standard","has-post-thumbnail","category-691","category-ejecutivo"],"_links":{"self":[{"href":"https:\/\/redsemlac.com\/semmexico\/wp-json\/wp\/v2\/posts\/16386","targetHints":{"allow":["GET"]}}],"collection":[{"href":"https:\/\/redsemlac.com\/semmexico\/wp-json\/wp\/v2\/posts"}],"about":[{"href":"https:\/\/redsemlac.com\/semmexico\/wp-json\/wp\/v2\/types\/post"}],"author":[{"embeddable":true,"href":"https:\/\/redsemlac.com\/semmexico\/wp-json\/wp\/v2\/users\/3"}],"replies":[{"embeddable":true,"href":"https:\/\/redsemlac.com\/semmexico\/wp-json\/wp\/v2\/comments?post=16386"}],"version-history":[{"count":0,"href":"https:\/\/redsemlac.com\/semmexico\/wp-json\/wp\/v2\/posts\/16386\/revisions"}],"wp:featuredmedia":[{"embeddable":true,"href":"https:\/\/redsemlac.com\/semmexico\/wp-json\/wp\/v2\/media\/16387"}],"wp:attachment":[{"href":"https:\/\/redsemlac.com\/semmexico\/wp-json\/wp\/v2\/media?parent=16386"}],"wp:term":[{"taxonomy":"category","embeddable":true,"href":"https:\/\/redsemlac.com\/semmexico\/wp-json\/wp\/v2\/categories?post=16386"},{"taxonomy":"post_tag","embeddable":true,"href":"https:\/\/redsemlac.com\/semmexico\/wp-json\/wp\/v2\/tags?post=16386"}],"curies":[{"name":"wp","href":"https:\/\/api.w.org\/{rel}","templated":true}]}}