{"id":16369,"date":"2020-02-06T19:29:11","date_gmt":"2020-02-06T19:29:11","guid":{"rendered":"https:\/\/redsemlac.com\/semmexico\/?p=16369"},"modified":"2023-07-21T15:19:19","modified_gmt":"2023-07-21T20:19:19","slug":"opinion-319","status":"publish","type":"post","link":"https:\/\/redsemlac.com\/semmexico\/opinion-319\/","title":{"rendered":"R\u00e1faga"},"content":{"rendered":"\n<h2 class=\"wp-block-heading\"> \u00bfQui\u00e9n comanda a Las Encapuchadas en la UNAM? <\/h2>\n\n\n\n<p class=\"wp-block-paragraph\"><strong>* La teor\u00eda del rector <\/strong><\/p>\n\n\n\n<p class=\"wp-block-paragraph\"><strong>Jorge Herrera Valenzuela<\/strong><\/p>\n\n\n\n<p class=\"wp-block-paragraph\">SemM\u00e9xico, 6 de febrero 2020.-En el inicio de su\nsegundo per\u00edodo el doctor Enrique Luis Graue Wiechers, rector de nuestra M\u00e1xima\nCasa de Estudios, se enfrenta a un problema que el a\u00f1o pasado cobr\u00f3 nivel\nmundial: las denuncias de acoso sexual, la violencia de g\u00e9nero, contra las\nmujeres. En cinco Preparatorias y en dos Facultades las actividades acad\u00e9micas\nest\u00e1n paralizadas; en la Prepa 7 se levant\u00f3 el paro despu\u00e9s de dialogar las\ndirigentes del movimiento con las autoridades escolares. Los de la Prepara 2\ntambi\u00e9n reiniciaron las clases. Ya surgi\u00f3 el planteamiento de huelga general.<\/p>\n\n\n\n<p class=\"wp-block-paragraph\">Preocupante que las mujeres que participaron en la\nsuspensi\u00f3n de clases en la mencionada Preparatoria, as\u00ed como sus compa\u00f1eras de\notros plateles, cubrieron sus rostros, utilicen prendas de color negro y se violenten\ncontra quienes no aceptan dejar de asistir clases. Adem\u00e1s, las acciones de esa\nnaturaleza que comenzaron en noviembre pasado, hay muestras de pasividad por\nparte de los directores de las Prepas y de las Facultades, as\u00ed como del primer\nequipo del doctor Graue Wiechers.<\/p>\n\n\n\n<p class=\"wp-block-paragraph\">La tarde ayer nuevamente el vandalismo se hizo\npresente en la explanada de la Torre de la Rector\u00eda. Los sujetos que se dicen\nestudiantes cubrieron su rostro con capuchas y vest\u00edan ropa de color negro,\ntanto mujeres como hombres. Con un marro hicieron un boquete en uno de los\ngruesos vidrios del ventanal y arrojaron bombas caseras, de las llamadas\n\u201cmolotov\u201d, provocando incendios de poca dimensi\u00f3n. <\/p>\n\n\n\n<p class=\"wp-block-paragraph\">Una de las muchas preguntas que surgen, la\nprincipal, es saber qui\u00e9nes son los interesados en desquiciar las actividades\nuniversitarias, porque las demandas que han presentado los grupos estudiantiles\nno son suficientes para iniciar un movimiento huelgu\u00edstico. Los preparatorianos\nque se reunieron a eso de las tres de la tarde en el parque de La Bombilla, en\nlas cercan\u00edas de la Ciudad Universitaria, marcharon ordenadamente hasta la\nexplanada de la Rector\u00eda. M\u00e1s tarde empezaron los actos violentos y las\nencapuchadas y los encapuchados grafitearon los cristales de las ventanas,\ncausando destrozos como en otras ocasiones.<\/p>\n\n\n\n<p class=\"wp-block-paragraph\">En la segunda quincena de noviembre, tras la\nreelecci\u00f3n del rector Graue, se inici\u00f3 la ola de protestas basadas\nfundamentalmente en acusaciones de acoso sexual, responsabilizando a profesores\nde Preparatorias; otra bandera del alumnado, es que las autoridades no se hacen\nnada por frenar la violencia en los planteles. Hay quienes piensan que algunos\ngrupos pol\u00edticos no est\u00e1n de acuerdo con que el doctor Graue Wiechers continu\u00e9\nen el cargo.<\/p>\n\n\n\n<p class=\"wp-block-paragraph\">Lo cierto es que para la autoridad federal el\nproblema es exclusivamente universitario y \u201cse respeta la autonom\u00eda\nuniversitaria\u201d y quienes dirigen a la UNAM simplemente no cuentan con los\napoyos exteriores para actuar con energ\u00eda, poner fin a esos hechos violentos y\ntrabajar para mantener el prestigio acad\u00e9mico de nuestra Universidad,\ncatalogada, actualmente, entre las mejores 200 del mundo. <\/p>\n\n\n\n<p class=\"wp-block-paragraph\">Sin embargo, debo comentar que al gobierno federal\nsi le compete intervenir y quien tiene esa responsabilidad es la Secretar\u00eda de\nGobernaci\u00f3n, a quien corresponde el resguardo de la paz social interna de todas\nnuestras instituciones y la UNAM es una de las m\u00e1s importantes. Sirva como\nantecedente el movimiento estudiantil de 1929, cuando el presidente Emilio Portes\nGil otorg\u00f3 la autonom\u00eda universitaria o uno m\u00e1s cercano, la huelga de fin del\nsiglo XX cuando asumi\u00f3 la rector\u00eda el doctor Juan Ram\u00f3n de la Fuente, quien\nresolvi\u00f3 el problema e influy\u00f3 en la recuperaci\u00f3n de la clasificaci\u00f3n mundial\nde la UNAM.&nbsp; <\/p>\n\n\n\n<p class=\"wp-block-paragraph\"><strong>Pregunta para meditar:<\/strong><\/p>\n\n\n\n<p class=\"wp-block-paragraph\">\u00bfEl reci\u00e9n despedido encargado de la seguridad en\nCiudad Universitaria, Jorge V\u00e1zquez D\u00edaz, ser\u00e1 uno de los promotores de los\ndes\u00f3rdenes estudiantiles y protector de los encapuchados? <\/p>\n\n\n\n<p class=\"wp-block-paragraph\"><strong>jherrerav@live.com.mx<\/strong> &nbsp;&nbsp;&nbsp;<\/p>\n","protected":false},"excerpt":{"rendered":"<p>\u00bfQui\u00e9n comanda a Las Encapuchadas en la UNAM?<\/p>\n","protected":false},"author":3,"featured_media":16370,"comment_status":"open","ping_status":"open","sticky":false,"template":"","format":"standard","meta":{"_monsterinsights_skip_tracking":false,"footnotes":""},"categories":[691,94,107],"tags":[],"class_list":["post-16369","post","type-post","status-publish","format-standard","has-post-thumbnail","category-691","category-jorge-herrera-valenzuela","category-rafaga"],"_links":{"self":[{"href":"https:\/\/redsemlac.com\/semmexico\/wp-json\/wp\/v2\/posts\/16369","targetHints":{"allow":["GET"]}}],"collection":[{"href":"https:\/\/redsemlac.com\/semmexico\/wp-json\/wp\/v2\/posts"}],"about":[{"href":"https:\/\/redsemlac.com\/semmexico\/wp-json\/wp\/v2\/types\/post"}],"author":[{"embeddable":true,"href":"https:\/\/redsemlac.com\/semmexico\/wp-json\/wp\/v2\/users\/3"}],"replies":[{"embeddable":true,"href":"https:\/\/redsemlac.com\/semmexico\/wp-json\/wp\/v2\/comments?post=16369"}],"version-history":[{"count":0,"href":"https:\/\/redsemlac.com\/semmexico\/wp-json\/wp\/v2\/posts\/16369\/revisions"}],"wp:featuredmedia":[{"embeddable":true,"href":"https:\/\/redsemlac.com\/semmexico\/wp-json\/wp\/v2\/media\/16370"}],"wp:attachment":[{"href":"https:\/\/redsemlac.com\/semmexico\/wp-json\/wp\/v2\/media?parent=16369"}],"wp:term":[{"taxonomy":"category","embeddable":true,"href":"https:\/\/redsemlac.com\/semmexico\/wp-json\/wp\/v2\/categories?post=16369"},{"taxonomy":"post_tag","embeddable":true,"href":"https:\/\/redsemlac.com\/semmexico\/wp-json\/wp\/v2\/tags?post=16369"}],"curies":[{"name":"wp","href":"https:\/\/api.w.org\/{rel}","templated":true}]}}