{"id":16355,"date":"2020-02-06T01:37:23","date_gmt":"2020-02-06T01:37:23","guid":{"rendered":"https:\/\/redsemlac.com\/semmexico\/?p=16355"},"modified":"2023-07-21T15:19:19","modified_gmt":"2023-07-21T20:19:19","slug":"eliminar-el-feminicidio-como-delito-echaria-por-la-borda-la-lucha-de-familiares-de-victimas-ocnf","status":"publish","type":"post","link":"https:\/\/redsemlac.com\/semmexico\/eliminar-el-feminicidio-como-delito-echaria-por-la-borda-la-lucha-de-familiares-de-victimas-ocnf\/","title":{"rendered":"Eliminar el feminicidio como delito \u201cechar\u00eda por la borda\u201d la lucha de familiares de v\u00edctimas: OCNF"},"content":{"rendered":"\n<p class=\"wp-block-paragraph\"><strong>Gloria Leticia D\u00edaz \/Foto:\nEduardo Miranda<\/strong><\/p>\n\n\n\n<p class=\"wp-block-paragraph\">SemM\u00e9xico\/Proceso (Apro) Ciudad de M\u00e9xico. 05 de febrero\n2020.- &nbsp;Ante la amenaza de eliminar el\nfeminicidio como un delito y mantenerlo como agravante en el homicidio de una\nmujer, como lo propone el fiscal general de la Rep\u00fablica, Alejandro Gertz\nManero, el Observatorio Ciudadano Nacional del Feminicidio (OCNF) consider\u00f3 que\neso \u201cno s\u00f3lo ser\u00eda una acci\u00f3n regresiva, insensible y contraria a los\nest\u00e1ndares y recomendaciones en la materia, sino que echar\u00eda por la borda la\nhist\u00f3rica lucha de las madres y familiares de v\u00edctimas de feminicidio en\nM\u00e9xico\u201d.<\/p>\n\n\n\n<p class=\"wp-block-paragraph\">Tras recordar que en el pa\u00eds se mantiene un ominoso promedio\nde 10 mujeres asesinadas al d\u00eda, y que 99% de los casos permanecen en la\nimpunidad, el OCNF, que suma a 43 organizaciones defensoras de derechos de las\nmujeres en 24 estados del pa\u00eds, dijo que no es v\u00e1lido el argumento del fiscal\nsobre \u201cla dificultad que tiene el Ministerio P\u00fablico para acreditarlo\u201d.<\/p>\n\n\n\n<p class=\"wp-block-paragraph\">Y es que ese fue el razonamiento que el fiscal dio a\ndiputados federales de Morena en una reuni\u00f3n plenaria realizada el pasado 28 de\nenero.<\/p>\n\n\n\n<p class=\"wp-block-paragraph\">El OCNF reprob\u00f3 que, en su iniciativa de crear un C\u00f3digo\nPenal Nacional \u00danico, Gertz Manero pretenda eliminar un tipo penal sin un\ndiagn\u00f3stico previo realizado entre las fiscal\u00edas y procuradur\u00edas locales, ya\nque \u201cel feminicidio es generalmente un delito del fuero com\u00fan que no es\ninvestigado y judicializado\u201d por la Fiscal\u00eda General de la Rep\u00fablica (FGR).<\/p>\n\n\n\n<p class=\"wp-block-paragraph\">El OCNF precis\u00f3 que la tipificaci\u00f3n de feminicidio \u201cresponde\na los resolutivos de Campo Algodonero dictada contra el Estado mexicano por la\nCorte Interamericana de Derechos Humanos\u201d, al demostrarse la negligencia en la\ninvestigaci\u00f3n de las muertes violentas de mujeres en Ciudad Ju\u00e1rez, Chihuahua,\ny lo que existe \u2013subray\u00f3\u2013 \u201cson discrepancias normativas en la tipificaci\u00f3n del\nfeminicidio en los estados y resistencias para investigar como posibles\nfeminicidios las muertes violentas de las mujeres\u201d.<\/p>\n\n\n\n<p class=\"wp-block-paragraph\">No es que no haya dificultades para la acreditaci\u00f3n del\ndelito de feminicidio, sino que las instancias de procuraci\u00f3n de justicia se\nhan resistido a seguir el protocolo de actuaci\u00f3n marcados en la sentencia de la\nSuprema Corte de Justicia de la Naci\u00f3n (SCJN) en el caso de Mariana Lima\nBuend\u00eda, caso que se abri\u00f3 por suicidio y posteriormente se orden\u00f3 que se\nreabriera e investigara como feminicidio, abund\u00f3.<\/p>\n\n\n\n<p class=\"wp-block-paragraph\">M\u00e1s a\u00fan, en sus \u00faltimos informes sobre la implementaci\u00f3n del\ntipo penal, de 2014 y 2018, el OCNF \u201cha documentado la existencia de una ruta\nde impunidad que inicia desde las primeras diligencias y los primeros\nrespondientes; la falta de debida diligencia de peritos, polic\u00edas y ministerios\np\u00fablicos, y la ausencia de sanciones a las y los servidores p\u00fablicos por acci\u00f3n\ny omisi\u00f3n\u201d.<\/p>\n\n\n\n<p class=\"wp-block-paragraph\">Esos factores obstaculizan el acceso a la justicia para las\nv\u00edctimas, que \u201cculminan con criterios judiciales que adolecen de perspectiva de\ng\u00e9nero, invisibilizan la violencia contra las mujeres, culpabilizan a las\nmujeres y sus familias de la violencia de la que son v\u00edctimas y\/o justifican a\nlos agresores con penas o argumentos criminalizantes\u201d.<\/p>\n\n\n\n<p class=\"wp-block-paragraph\">De acuerdo con la organizaci\u00f3n de defensa de las mujeres, la\njustificaci\u00f3n de Gertz Manero \u201cno es m\u00e1s que una afirmaci\u00f3n falaz y sin sustento\npr\u00e1ctico\u201d, resaltando que existen sentencias condenatorias por ese delito, como\nen los casos de Lesvy Berl\u00edn Rivera Ochoa, en la Ciudad de M\u00e9xico; de Emma\nGabriela Molina Canto, en Yucat\u00e1n, y de Alicia D\u00edaz Gonz\u00e1lez, en Nuevo Le\u00f3n, en\nlos que \u201cse logr\u00f3 acreditar las razones de g\u00e9nero a trav\u00e9s de investigaciones\ncon pruebas cient\u00edficas, objetivas y con perspectiva de g\u00e9nero\u201d.<\/p>\n\n\n\n<p class=\"wp-block-paragraph\">El Observatorio Ciudadano Nacional del Feminicidio puso como\nejemplo el estado de Nuevo Le\u00f3n, donde la Fiscal\u00eda General de Justicia ha\nlogrado judicializar como probables feminicidios el 50% de los cr\u00edmenes de\nmujeres, en 23% de los cuales ha obtenido una sentencia condenatoria (30 entre\nmarzo de 2018 y diciembre de 2019), \u201clo cual demuestra que con voluntad\npol\u00edtica para garantizar la debida diligencia y perspectiva de g\u00e9nero en las\ninvestigaciones se pueden acreditar razones de g\u00e9nero del delito de feminicidio\ny reducir la cifra de impunidad, que a nivel nacional en oscila en 99% de los\ncasos\u201d.<\/p>\n\n\n\n<p class=\"wp-block-paragraph\">De igual manera, advirti\u00f3 que la tipificaci\u00f3n del delito de\nfeminicidio no s\u00f3lo responde a una sentencia internacional, sino que forma\nparte de la lucha de familiares de v\u00edctimas desde los a\u00f1os noventa en Ciudad\nJu\u00e1rez y se extendi\u00f3 a todo el pa\u00eds, logrando que \u201ccon el dolor a cuestas\u201d el feminicidio\n\u201csea nombrado, tipificado, investigado y sancionado, con el \u00fanico fin de\nencontrar justicia para nuestras hijas\u201d.<\/p>\n\n\n\n<p class=\"wp-block-paragraph\">Las organizaciones que conforman el OCNF lamentaron \u201cla\nfalta de sensibilidad, la ausencia de perspectiva de g\u00e9nero y c\u00f3mo la grave\nproblem\u00e1tica que acaba cada d\u00eda con la vida de 10 mujeres no es una prioridad\npara las autoridades, y que antes de la garant\u00eda de los derechos de las mujeres\nse pondere la rapidez y la practicidad, lo que es contrario a la necesidad\nurgente de una pol\u00edtica para erradicar este delito de ra\u00edz\u201d.<\/p>\n\n\n\n<p class=\"wp-block-paragraph\">En su pronunciamiento apuntaron que los retos que enfrentan\nestriban en la falta de capacitaci\u00f3n para acreditar el feminicidio; el\ndesconocimiento de las razones de g\u00e9nero, que en conjunto \u201cno puede ser un\npretexto para dejar a\u00fan m\u00e1s en la indefensi\u00f3n a las mujeres en M\u00e9xico, y\nvisibilizar este crimen de odio que cada d\u00eda prevalece y se agudiza\u201d.<\/p>\n\n\n\n<p class=\"wp-block-paragraph\">En ese sentido, el OCNF urgi\u00f3 a los poderes Ejecutivo y\nLegislativo federales, as\u00ed como a la FGR y a las fiscal\u00edas estatales, incluir\nel delito penal de feminicidio \u201cde manera aut\u00f3noma y con razones de g\u00e9nero\nobjetivas\u201d en el C\u00f3digo Penal Nacional \u00danico, y tomar en cuenta los aportes de\nla sociedad civil, de la academia y de expertas en el tema para dicho c\u00f3digo y\nlas modificaciones que deban hacerse al Sistema de Justicia Penal,\n\u201cgarantizando los est\u00e1ndares internacionales en la materia\u201d.<\/p>\n\n\n\n<p class=\"wp-block-paragraph\">Exigi\u00f3 a las autoridades de procuraci\u00f3n de justicia dejar de\n\u201cinvisibilizar la violencia feminicida y el feminicidio\u201d, y que homologuen los\nprotocolos de investigaci\u00f3n del delito de feminicidio atendiendo a est\u00e1ndares\nnacionales e internacionales, de manera particular implementando la sentencia\ndel caso Mariano Lima, \u201cpara revertir el contexto de impunidad que a\u00fan persiste\npara la acreditaci\u00f3n del feminicidio en M\u00e9xico\u201d.<\/p>\n\n\n\n<p class=\"wp-block-paragraph\">Finalmente, demand\u00f3 la revisi\u00f3n de las investigaciones de\nmuertes violentas de mujeres, \u201ccon el fin de identificar las fallas en la\nacreditaci\u00f3n del tipo penal que conlleva a la impunidad de los casos\u201d en las\ninstancias de procuraci\u00f3n de justicia estatales, y que \u201cse inicien\ninvestigaciones y se sancione a las y los servidores p\u00fablicos (polic\u00edas de\ninvestigaci\u00f3n, peritos y agentes del Ministerio P\u00fablico) encargados de las\ninvestigaciones de feminicidios, que por sus acciones y omisiones han\nobstaculizado el acceso a la justicia para las v\u00edctimas\u201d.<\/p>\n\n\n\n<p class=\"wp-block-paragraph\">SEM\/Agencia Proceso (apro)<\/p>\n","protected":false},"excerpt":{"rendered":"<p>El Observatorio Ciudadano Nacional del Feminicidio (OCNF) consider\u00f3 que eso \u201cno s\u00f3lo ser\u00eda una acci\u00f3n regresiva, insensible y contraria a los est\u00e1ndares y recomendaciones en la materia, sino que echar\u00eda por la borda la hist\u00f3rica lucha de las madres y familiares de v\u00edctimas de feminicidio en M\u00e9xico\u201d.<\/p>\n","protected":false},"author":3,"featured_media":16356,"comment_status":"open","ping_status":"open","sticky":false,"template":"","format":"standard","meta":{"_monsterinsights_skip_tracking":false,"footnotes":""},"categories":[691,54],"tags":[],"class_list":["post-16355","post","type-post","status-publish","format-standard","has-post-thumbnail","category-691","category-mujeres"],"_links":{"self":[{"href":"https:\/\/redsemlac.com\/semmexico\/wp-json\/wp\/v2\/posts\/16355","targetHints":{"allow":["GET"]}}],"collection":[{"href":"https:\/\/redsemlac.com\/semmexico\/wp-json\/wp\/v2\/posts"}],"about":[{"href":"https:\/\/redsemlac.com\/semmexico\/wp-json\/wp\/v2\/types\/post"}],"author":[{"embeddable":true,"href":"https:\/\/redsemlac.com\/semmexico\/wp-json\/wp\/v2\/users\/3"}],"replies":[{"embeddable":true,"href":"https:\/\/redsemlac.com\/semmexico\/wp-json\/wp\/v2\/comments?post=16355"}],"version-history":[{"count":0,"href":"https:\/\/redsemlac.com\/semmexico\/wp-json\/wp\/v2\/posts\/16355\/revisions"}],"wp:featuredmedia":[{"embeddable":true,"href":"https:\/\/redsemlac.com\/semmexico\/wp-json\/wp\/v2\/media\/16356"}],"wp:attachment":[{"href":"https:\/\/redsemlac.com\/semmexico\/wp-json\/wp\/v2\/media?parent=16355"}],"wp:term":[{"taxonomy":"category","embeddable":true,"href":"https:\/\/redsemlac.com\/semmexico\/wp-json\/wp\/v2\/categories?post=16355"},{"taxonomy":"post_tag","embeddable":true,"href":"https:\/\/redsemlac.com\/semmexico\/wp-json\/wp\/v2\/tags?post=16355"}],"curies":[{"name":"wp","href":"https:\/\/api.w.org\/{rel}","templated":true}]}}