{"id":16352,"date":"2020-02-06T01:27:02","date_gmt":"2020-02-06T01:27:02","guid":{"rendered":"https:\/\/redsemlac.com\/semmexico\/?p=16352"},"modified":"2023-07-21T15:19:19","modified_gmt":"2023-07-21T20:19:19","slug":"proponen-tipificar-violencia-hospitalaria-laboral-escolar-institucional-y-digital-en-guerrero","status":"publish","type":"post","link":"https:\/\/redsemlac.com\/semmexico\/proponen-tipificar-violencia-hospitalaria-laboral-escolar-institucional-y-digital-en-guerrero\/","title":{"rendered":"Proponen tipificar violencia hospitalaria, laboral, escolar, institucional y digital en Guerrero"},"content":{"rendered":"\n<p class=\"wp-block-paragraph\"><strong>Josefina Aguilar Pastor<\/strong><\/p>\n\n\n\n<p class=\"wp-block-paragraph\">SemM\u00e9xico. Chilpancingo, Guerrero, 5\u00a0de\u00a0febrero\u00a0de 2020.-\u00a0Diputada local de Morena,  Erika Valencia Cardona, present\u00f3 el proyecto de decreto, para incluir y tipificar la violencia hospitalaria, laboral, escolar, institucional y digital, \u00a0en la ley 553 de Acceso de las Mujeres a una Vida Libre de Violencia del Estado de Guerrero.<\/p>\n\n\n\n<p class=\"wp-block-paragraph\">En la sesi\u00f3n de la Comisi\u00f3n Permanente de este mi\u00e9rcoles, fue presentada la propuesta de decreto enviada \u2013al no ser parte de este \u00f3rgano por encontrarse en receso legislativo-, por la legisladora de Morena, a la que su hom\u00f3loga Perla Xochitl Garc\u00eda Silva, dio lectura.<\/p>\n\n\n\n<p class=\"wp-block-paragraph\">En un documento muy escueto, la presidenta de la Comisi\u00f3n para la Igualdad de G\u00e9nero, propone adicionar las&nbsp;fracciones VI, VII, VIII, IX y X del art\u00edculo 9, de la &nbsp;ley 553 de Acceso de las Mujeres a una Vida Libre de Violencia del Estado de Guerrero, para incluir la violencia hospitalaria, laboral, escolar, institucional y digital.<\/p>\n\n\n\n<p class=\"wp-block-paragraph\">Sin mayores detalles, la propuesta fue turnada a la Comisi\u00f3n para la Igualdad de G\u00e9nero, para &nbsp;su an\u00e1lisis y dictaminar\u00edan.<\/p>\n","protected":false},"excerpt":{"rendered":"<p>Sin mayores detalles, la propuesta fue turnada a la Comisi\u00f3n para la Igualdad de G\u00e9nero, para  su an\u00e1lisis y dictaminar\u00edan.<\/p>\n","protected":false},"author":3,"featured_media":16353,"comment_status":"open","ping_status":"open","sticky":false,"template":"","format":"standard","meta":{"_monsterinsights_skip_tracking":false,"footnotes":""},"categories":[691,50],"tags":[],"class_list":["post-16352","post","type-post","status-publish","format-standard","has-post-thumbnail","category-691","category-congreso"],"_links":{"self":[{"href":"https:\/\/redsemlac.com\/semmexico\/wp-json\/wp\/v2\/posts\/16352","targetHints":{"allow":["GET"]}}],"collection":[{"href":"https:\/\/redsemlac.com\/semmexico\/wp-json\/wp\/v2\/posts"}],"about":[{"href":"https:\/\/redsemlac.com\/semmexico\/wp-json\/wp\/v2\/types\/post"}],"author":[{"embeddable":true,"href":"https:\/\/redsemlac.com\/semmexico\/wp-json\/wp\/v2\/users\/3"}],"replies":[{"embeddable":true,"href":"https:\/\/redsemlac.com\/semmexico\/wp-json\/wp\/v2\/comments?post=16352"}],"version-history":[{"count":0,"href":"https:\/\/redsemlac.com\/semmexico\/wp-json\/wp\/v2\/posts\/16352\/revisions"}],"wp:featuredmedia":[{"embeddable":true,"href":"https:\/\/redsemlac.com\/semmexico\/wp-json\/wp\/v2\/media\/16353"}],"wp:attachment":[{"href":"https:\/\/redsemlac.com\/semmexico\/wp-json\/wp\/v2\/media?parent=16352"}],"wp:term":[{"taxonomy":"category","embeddable":true,"href":"https:\/\/redsemlac.com\/semmexico\/wp-json\/wp\/v2\/categories?post=16352"},{"taxonomy":"post_tag","embeddable":true,"href":"https:\/\/redsemlac.com\/semmexico\/wp-json\/wp\/v2\/tags?post=16352"}],"curies":[{"name":"wp","href":"https:\/\/api.w.org\/{rel}","templated":true}]}}