{"id":16220,"date":"2020-01-31T19:58:17","date_gmt":"2020-01-31T19:58:17","guid":{"rendered":"https:\/\/redsemlac.com\/semmexico\/?p=16220"},"modified":"2023-07-21T15:19:22","modified_gmt":"2023-07-21T20:19:22","slug":"proteccion-a-victimas-de-violencia-sexual-en-la-agenda-legislativa-del-pan","status":"publish","type":"post","link":"https:\/\/redsemlac.com\/semmexico\/proteccion-a-victimas-de-violencia-sexual-en-la-agenda-legislativa-del-pan\/","title":{"rendered":"Protecci\u00f3n a v\u00edctimas de violencia sexual, en la agenda legislativa del PAN"},"content":{"rendered":"\n<ul class=\"wp-block-list\"><li><strong>Reformas a la Ley General de Salud para garantizar seguridad social a menores<\/strong><\/li><\/ul>\n\n\n\n<p class=\"wp-block-paragraph\"><strong>Elda Montiel<\/strong><\/p>\n\n\n\n<p class=\"wp-block-paragraph\">SemM\u00e9xco. Cd.de M\u00e9xico. 31 de enero de 2020.- En el Plan Legislativo del PAN para el pr\u00f3ximo periodo de sesiones de la LXIV Legislatura est\u00e1 el establecer que los delitos sexuales contra ni\u00f1as, ni\u00f1os y adolescentes jam\u00e1s prescriban, y la defensa para garantizar una red de refugios para mujeres v\u00edctimas de violencia.<\/p>\n\n\n\n<p class=\"wp-block-paragraph\">\u201cSer\u00e1n parte de nuestra lucha en el siguiente periodo de sesiones que est\u00e1 por iniciar\u201d, se\u00f1alo el senador Mauricio Kuri Gonz\u00e1lez, coordinador de la bancada en el Senado.<\/p>\n\n\n\n<p class=\"wp-block-paragraph\">As\u00ed como acompa\u00f1ar el proyecto de los diputados panistas de una Ley contra el Feminicidio; brindar protecci\u00f3n laboral a mujeres embarazadas, sancionando el requisito de la prueba de embarazo para acceder a un trabajo, as\u00ed como su despido por la misma raz\u00f3n<\/p>\n\n\n\n<p class=\"wp-block-paragraph\">En el marco de la Reuni\u00f3n Plenaria del Partido Acci\u00f3n Nacional que se desarrolla en M\u00e9rida, Yucat\u00e1n,&nbsp;Mauricio Kuri Gonz\u00e1lez, preciso que tambi\u00e9n se encuentra el promover que se establezca el reclutamiento&nbsp;forzado de menores al crimen organizado, como delito de corrupci\u00f3n de menores.<\/p>\n\n\n\n<p class=\"wp-block-paragraph\">Tambi\u00e9n, como tema prioritario destaco el de impulsar una reforma a la Ley General de Salud para garantizar un presupuesto m\u00ednimo en t\u00e9rminos de porcentaje del PIB, as\u00ed como incorporar el c\u00e1ncer infantil como un problema de salud p\u00fablica que requiere de una atenci\u00f3n especializada y prioritaria y garantizar la seguridad social a menores de edad con independencia de su afiliaci\u00f3n o no a alg\u00fan sistema del sector salud.<\/p>\n\n\n\n<p class=\"wp-block-paragraph\">La propuesta del PAN es construir un sistema gratuito de manera progresivo y con calidad, que implica que haya medicinas suficientes todo el tiempo. Es evidente que el gobierno no es la medicina, es la enfermedad, dijo, por lo que el centro del nuevo sistema de salud deben ser los pacientes y sus familias, no el gobierno\u201d.<\/p>\n\n\n\n<p class=\"wp-block-paragraph\">El coordinador del Pan en el Senado, dijo tambi\u00e9n que propondr\u00e1n una ley de derechos de pueblos y comunidades ind\u00edgenas y que insistir\u00e1n en la igualdad que se genera por el conocimiento a trav\u00e9s de la educaci\u00f3n de excelencia para todas y todos y en apoyos novedosos a grupos vulnerables.<\/p>\n\n\n\n<p class=\"wp-block-paragraph\">Al referirse a la protecci\u00f3n para las familias, se\u00f1al\u00f3 los senadores trabajar\u00e1n para promover un redise\u00f1o de la estrategia de seguridad p\u00fablica que fortalezca la tranquilidad de los ciudadanos con metas y objetivos cuantificables de reducci\u00f3n de la incidencia de delitos violentos en el pa\u00eds.<\/p>\n\n\n\n<p class=\"wp-block-paragraph\">Tras considerar que M\u00e9xico necesita igualdad y libertad, explic\u00f3 buscaremos establecer en la normativa del Senado de la Rep\u00fablica, el Parlamento abierto con car\u00e1cter obligatorio y establecer la segunda vuelta electoral.<\/p>\n\n\n\n<p class=\"wp-block-paragraph\">Defenderemos la econom\u00eda popular, ya que consideramos que M\u00e9xico merece prosperidad para todas y a todos.<\/p>\n\n\n\n<p class=\"wp-block-paragraph\">Expres\u00f3 que ser\u00e1n una f\u00e9rrea oposici\u00f3n al ataque autoritario que ofende, lastima y captura instituciones. Proponen retomar el crecimiento para ofrecer m\u00e1s empleos bien pagados, incrementar los ingresos disponibles de las familias, eliminando la tasa y la cuota fija de los cinco primeros rangos de la tasa del ISR, para que no aplique a los trabajadores que ganen menos de 10 mil trescientos pesos.<\/p>\n\n\n\n<p class=\"wp-block-paragraph\">Un seguro del desempleo para los mexicanos e&nbsp;incrementar el salario m\u00ednimo siempre por encima de la l\u00ednea de bienestar calculada por el Coneval y fortalecer el financiamiento para la transici\u00f3n energ\u00e9tica en la industria, ante la problem\u00e1tica medioambiental.<\/p>\n\n\n\n<p class=\"wp-block-paragraph\">\u201cEn el PAN queremos darle un nuevo rumbo a M\u00e9xico y una nueva vida a su gente. Vamos a dar la batalla por M\u00e9xico y las familias\u201d, concluy\u00f3 el coordinador del PAN en el Senado.<\/p>\n\n\n\n<p class=\"wp-block-paragraph\">Por otra parte, los legisladores panistas de las dos C\u00e1maras, junto el presidente nacional del partido, Marko Cort\u00e9s Mendoza, se definieron como \u201cuna oposici\u00f3n responsable, democr\u00e1tica, que sabe consensuar y sabe que este M\u00e9xico se construye a partir de la diversidad de las ideas, de la pluralidad y de la concordia, pero tambi\u00e9n somos la mejor opci\u00f3n, esa que propone un mejor rumbo, que quiere cambiar a M\u00e9xico para bien, jam\u00e1s para retroceder\u201d.&nbsp;&nbsp;<br><\/p>\n","protected":false},"excerpt":{"rendered":"<p>Reformas a la Ley General de Salud para garantizar seguridad social a menores<\/p>\n","protected":false},"author":3,"featured_media":16221,"comment_status":"open","ping_status":"open","sticky":false,"template":"","format":"standard","meta":{"_monsterinsights_skip_tracking":false,"footnotes":""},"categories":[691,50],"tags":[],"class_list":["post-16220","post","type-post","status-publish","format-standard","has-post-thumbnail","category-691","category-congreso"],"_links":{"self":[{"href":"https:\/\/redsemlac.com\/semmexico\/wp-json\/wp\/v2\/posts\/16220","targetHints":{"allow":["GET"]}}],"collection":[{"href":"https:\/\/redsemlac.com\/semmexico\/wp-json\/wp\/v2\/posts"}],"about":[{"href":"https:\/\/redsemlac.com\/semmexico\/wp-json\/wp\/v2\/types\/post"}],"author":[{"embeddable":true,"href":"https:\/\/redsemlac.com\/semmexico\/wp-json\/wp\/v2\/users\/3"}],"replies":[{"embeddable":true,"href":"https:\/\/redsemlac.com\/semmexico\/wp-json\/wp\/v2\/comments?post=16220"}],"version-history":[{"count":0,"href":"https:\/\/redsemlac.com\/semmexico\/wp-json\/wp\/v2\/posts\/16220\/revisions"}],"wp:featuredmedia":[{"embeddable":true,"href":"https:\/\/redsemlac.com\/semmexico\/wp-json\/wp\/v2\/media\/16221"}],"wp:attachment":[{"href":"https:\/\/redsemlac.com\/semmexico\/wp-json\/wp\/v2\/media?parent=16220"}],"wp:term":[{"taxonomy":"category","embeddable":true,"href":"https:\/\/redsemlac.com\/semmexico\/wp-json\/wp\/v2\/categories?post=16220"},{"taxonomy":"post_tag","embeddable":true,"href":"https:\/\/redsemlac.com\/semmexico\/wp-json\/wp\/v2\/tags?post=16220"}],"curies":[{"name":"wp","href":"https:\/\/api.w.org\/{rel}","templated":true}]}}