{"id":16196,"date":"2020-01-31T01:11:33","date_gmt":"2020-01-31T01:11:33","guid":{"rendered":"https:\/\/redsemlac.com\/semmexico\/?p=16196"},"modified":"2023-07-21T15:19:22","modified_gmt":"2023-07-21T20:19:22","slug":"mexico-sin-programa-para-detener-la-impunidad-patricia-olamendi","status":"publish","type":"post","link":"https:\/\/redsemlac.com\/semmexico\/mexico-sin-programa-para-detener-la-impunidad-patricia-olamendi\/","title":{"rendered":"M\u00e9xico sin programa para detener la impunidad: Patricia Olamendi"},"content":{"rendered":"\n<p class=\"wp-block-paragraph\"><strong>* Necesario construir un C\u00f3digo Penal\n\u00fanico para erradicar los feminicidios, dice la diputada Lorena Villavicencio<\/strong><\/p>\n\n\n\n<p class=\"wp-block-paragraph\"><strong>* Este pa\u00eds ocupa el primer lugar en AL\ncon casi 11 asesinatos cada d\u00eda; la mayor\u00eda quedan en la impunidad<\/strong><\/p>\n\n\n\n<p class=\"wp-block-paragraph\"><strong>Redacci\u00f3n<\/strong><\/p>\n\n\n\n<p class=\"wp-block-paragraph\">SemM\u00e9xico,\nCd. de M\u00e9xico, 30 de enero 2020.- Patricia Olamendi, de la Red de Seguridad,\nJusticia y Paz, afirm\u00f3 hoy que no existe un programa de gobierno dirigido a\ndetener la impunidad, lo cual es inaceptable porque este flagelo tiene rostro y\nse evidencia cuando la v\u00edctima acude a denunciar y no se le toma su declaraci\u00f3n\nni se le dan medidas de protecci\u00f3n.<\/p>\n\n\n\n<p class=\"wp-block-paragraph\">Afirm\u00f3\nque el Legislativo necesita vigilar los recursos destinados a la lucha contra\nel feminicidio y que se ejerzan debidamente. \u201cEn M\u00e9xico las mujeres tenemos que\nsumarnos para que existan m\u00e1s centros de atenci\u00f3n, refugios, fiscal\u00edas y lograr\njuzgados especializados, pol\u00edticas p\u00fablicas de cuidado y atenci\u00f3n\u201d.<\/p>\n\n\n\n<p class=\"wp-block-paragraph\">Esto\ndurante la inauguraci\u00f3n del foro \u201cEl derecho a la vida de las mujeres y su\nprotecci\u00f3n\u201d, en el que la diputada Lorena Villavicencio Ayala (Morena) se\u00f1al\u00f3\nque es importante que el Congreso construya puentes con la sociedad civil y\nestablecer un C\u00f3digo Penal \u00fanico para todo el pa\u00eds, con el objetivo de\nerradicar las diferentes formas de violencia de g\u00e9nero y los\nfeminicidios.&nbsp;<\/p>\n\n\n\n<figure class=\"wp-block-image\"><img decoding=\"async\" src=\"https:\/\/redsemlac.com\/semmexico\/wp-content\/uploads\/2020\/01\/WhatsApp-Image-2020-01-30-at-1.35.35-PM-1024x684.jpeg\" alt=\"\" class=\"wp-image-16200\"\/><\/figure>\n\n\n\n<p class=\"wp-block-paragraph\">La\nlegisladora refiri\u00f3 que 2019 cerr\u00f3 con la cifra oficial preliminar de 35 mil\n588 v\u00edctimas, de la cuales 34 mil corresponden a homicidios dolosos y el resto\na cr\u00edmenes tipificados como feminicidios. M\u00e9xico es el primer lugar en Am\u00e9rica\nLatina con casi once asesinatos cada d\u00eda; la mayor\u00eda quedan en la\nimpunidad.&nbsp;<\/p>\n\n\n\n<p class=\"wp-block-paragraph\">\u200b\u201cEs\nmuy grave que se pretenda eliminar el delito de feminicidio, porque ser\u00eda una\nmanera de esconder un fen\u00f3meno que se ha convertido en una pandemia. Vamos a\nimpulsar las propuestas que nos proponen para lograr el derecho a una vida\nlibre de violencia y lo convertiremos en una parte del art\u00edculo cuarto de la\nConstituci\u00f3n\u201d, asever\u00f3.&nbsp;<\/p>\n\n\n\n<p class=\"wp-block-paragraph\">\u200bLa\ndiputada integrante de la Comisi\u00f3n de Derechos Humanos, asegur\u00f3 que trabajar\u00e1n\na fin de generar condiciones para que las pol\u00edticas p\u00fablicas pongan en el\ncentro la vida de las mujeres y su protecci\u00f3n. \u201cNosotras no s\u00f3lo contribuimos a\nla econom\u00eda, sino tambi\u00e9n a la paz de este pa\u00eds y no somos lo suficientemente\nvisibilizadas\u201d.&nbsp;<\/p>\n\n\n\n<p class=\"wp-block-paragraph\">Roxana\nAguilar, de la Oficina de las Naciones Unidas contra la Droga y el Delito en\nM\u00e9xico inform\u00f3 que se dise\u00f1\u00f3 el programa de Fortalecimiento para la Seguridad\nde Grupos en Situaci\u00f3n de Vulnerabilidad, con el que se fortalece la respuesta\nde las instituciones policiales al atender a una v\u00edctima de violencia de\ng\u00e9nero.<\/p>\n\n\n\n<ul class=\"wp-block-gallery columns-2 is-cropped wp-block-gallery-1 is-layout-flex wp-block-gallery-is-layout-flex\"><li class=\"blocks-gallery-item\"><figure><img decoding=\"async\" src=\"https:\/\/redsemlac.com\/semmexico\/wp-content\/uploads\/2020\/01\/WhatsApp-Image-2020-01-30-at-1.35.34-PM-1024x684.jpeg\" alt=\"\" data-id=\"16198\" data-link=\"https:\/\/redsemlac.com\/semmexico\/?attachment_id=16198\" class=\"wp-image-16198\"\/><\/figure><\/li><li class=\"blocks-gallery-item\"><figure><img decoding=\"async\" src=\"https:\/\/redsemlac.com\/semmexico\/wp-content\/uploads\/2020\/01\/WhatsApp-Image-2020-01-30-at-1.35.34-PM-1-1024x682.jpeg\" alt=\"\" data-id=\"16197\" data-link=\"https:\/\/redsemlac.com\/semmexico\/?attachment_id=16197\" class=\"wp-image-16197\"\/><\/figure><\/li><\/ul>\n\n\n\n<p class=\"wp-block-paragraph\">La\ncreadora del Mapa de Feminicidios en M\u00e9xico, Mar\u00eda Salguero, mencion\u00f3 que las\nentidades que ocupan los primeros lugares en feminicidios son el estado de\nM\u00e9xico, con 443; Guanajuato, 340; Jalisco, 295; Chihuahua, 274 y Baja\nCalifornia, 263.&nbsp;<\/p>\n\n\n\n<p class=\"wp-block-paragraph\">Dijo\nque un nuevo patr\u00f3n que se est\u00e1 dando y no es visto como feminicidio: las\nmujeres asesinadas en contextos de violencia armada, cuyos cuerpos se utilizan\npara mandar mensajes entre grupos criminales.&nbsp;<\/p>\n\n\n\n<p class=\"wp-block-paragraph\">La\nacad\u00e9mica, defensora de derechos humanos, e integrante de Las Constituyentes\nCdMx Feministas, Pilar Alberti, mencion\u00f3 que el feminismo propone la\ndespatriarcalizaci\u00f3n de los poderes Judicial, Legislativo y Ejecutivo, el cual\nconsiste en un proceso en el que las masculinidades patriarcales transitan\nhacia la igualdad de g\u00e9nero.&nbsp;<\/p>\n\n\n\n<p class=\"wp-block-paragraph\">Martha\nGonz\u00e1lez Renter\u00eda, titular del Centro de Atenci\u00f3n a la Mujer Trabajadora de\nChihuahua, consider\u00f3 que con el fin de erradicar la impunidad y el feminicidio\nurge un mejor sistema de procuraci\u00f3n e impartici\u00f3n de justicia. Pidi\u00f3\nesclarecer los homicidios de Isabel Cabani\u00f1as, integrante del colectivo \u201cHijas\nde su maquilera madre\u201d, y de Homero G\u00f3mez, defensor del territorio de la\nMariposa Monarca.<\/p>\n\n\n\n<p class=\"wp-block-paragraph\">La\ntitular del Instituto de Investigaci\u00f3n y Estudios de la Violencia hacia Ni\u00f1os,\nNi\u00f1as y Adolescentes Rehilete AC, M\u00f3nica Herrer\u00edas Dom\u00ednguez, consider\u00f3 que las\nprocuradur\u00edas deben establecer un \u00e1rea enfocada al delito, al delincuente, el\nfen\u00f3meno delincuencial y a la geo-referenciaci\u00f3n delictiva, porque es\nimportante realizar estudios que evidencien el perfil de las v\u00edctimas para\ninstrumentar una pol\u00edtica criminal.&nbsp;<\/p>\n\n\n\n<p class=\"wp-block-paragraph\">En\nel acto se abordaron temas como los esfuerzos de la sociedad civil y de las\nv\u00edctimas indirectas en el combate a la impunidad; las experiencias de El\nSalvador y Espa\u00f1a para la investigaci\u00f3n de estos delitos; \u00d3rganos\nJurisdiccionales y Ciudad de la Mujer, as\u00ed como la respuesta del Estado\nmexicano a partir de la sentencia de la Corte Interamericana de los Derechos\nHumanos (CoIDH).<\/p>\n\n\n\n<p class=\"wp-block-paragraph\">SEM\/sj<\/p>\n","protected":false},"excerpt":{"rendered":"<p>Necesario construir un C\u00f3digo Penal \u00fanico para erradicar los feminicidios, dice la diputada Lorena Villavicencio<\/p>\n","protected":false},"author":3,"featured_media":16199,"comment_status":"open","ping_status":"open","sticky":false,"template":"","format":"standard","meta":{"_monsterinsights_skip_tracking":false,"footnotes":""},"categories":[691,50],"tags":[],"class_list":["post-16196","post","type-post","status-publish","format-standard","has-post-thumbnail","category-691","category-congreso"],"_links":{"self":[{"href":"https:\/\/redsemlac.com\/semmexico\/wp-json\/wp\/v2\/posts\/16196","targetHints":{"allow":["GET"]}}],"collection":[{"href":"https:\/\/redsemlac.com\/semmexico\/wp-json\/wp\/v2\/posts"}],"about":[{"href":"https:\/\/redsemlac.com\/semmexico\/wp-json\/wp\/v2\/types\/post"}],"author":[{"embeddable":true,"href":"https:\/\/redsemlac.com\/semmexico\/wp-json\/wp\/v2\/users\/3"}],"replies":[{"embeddable":true,"href":"https:\/\/redsemlac.com\/semmexico\/wp-json\/wp\/v2\/comments?post=16196"}],"version-history":[{"count":0,"href":"https:\/\/redsemlac.com\/semmexico\/wp-json\/wp\/v2\/posts\/16196\/revisions"}],"wp:featuredmedia":[{"embeddable":true,"href":"https:\/\/redsemlac.com\/semmexico\/wp-json\/wp\/v2\/media\/16199"}],"wp:attachment":[{"href":"https:\/\/redsemlac.com\/semmexico\/wp-json\/wp\/v2\/media?parent=16196"}],"wp:term":[{"taxonomy":"category","embeddable":true,"href":"https:\/\/redsemlac.com\/semmexico\/wp-json\/wp\/v2\/categories?post=16196"},{"taxonomy":"post_tag","embeddable":true,"href":"https:\/\/redsemlac.com\/semmexico\/wp-json\/wp\/v2\/tags?post=16196"}],"curies":[{"name":"wp","href":"https:\/\/api.w.org\/{rel}","templated":true}]}}