{"id":16191,"date":"2020-01-30T21:54:26","date_gmt":"2020-01-30T21:54:26","guid":{"rendered":"https:\/\/redsemlac.com\/semmexico\/?p=16191"},"modified":"2023-07-21T15:19:23","modified_gmt":"2023-07-21T20:19:23","slug":"enojate-companera-dicen-universitarias-y-anuncian-paro","status":"publish","type":"post","link":"https:\/\/redsemlac.com\/semmexico\/enojate-companera-dicen-universitarias-y-anuncian-paro\/","title":{"rendered":"\u00a1En\u00f3jate compa\u00f1era!, dicen universitarias y anuncian paro"},"content":{"rendered":"\n<p class=\"wp-block-paragraph\"><strong>* Mujeres Organizadas de la FCPyS denuncian\nagresiones <\/strong><\/p>\n\n\n\n<p class=\"wp-block-paragraph\"><strong>* Rechazan reelecci\u00f3n del rector que\nno soluciona y no dialoga, dicen<\/strong><\/p>\n\n\n\n<p class=\"wp-block-paragraph\"><strong>Lorena Vaniezcot<\/strong><\/p>\n\n\n\n<p class=\"wp-block-paragraph\">SemM\u00e9xico,\nCd. de M\u00e9xico, 30 de enero 2020.- Con la expresi\u00f3n \u00a1En\u00f3jate compa\u00f1era! \u00a1En\u00f3jate\ncompa\u00f1ero! Inicia el comunicado que hoy emitieron las Mujeres Organizadas de la\nFacultad de Ciencias Pol\u00edticas y Sociales (FCPyS) de la Universidad Nacional\nAut\u00f3noma de M\u00e9xico y en el que anuncian que la Facultad ha sido tomada y\npermanecer\u00e1 cerrada hasta que se resuelvan satisfactoriamente las demandas de\ntodos los planteles.<\/p>\n\n\n\n<p class=\"wp-block-paragraph\">\u201cLas\nmujeres de la FCPyS no se quedar\u00e1n calladas solo porque no es nuestro plantel\nel que fue afectado directamente. \u00a1Nosotras si sentimos la empat\u00eda de la rabia!\u201d,\ny se\u00f1alan que sus demandas \u201cno son cosas que se deber\u00edan pedir, sino son cosas\nque deber\u00edan ya existir\u201d.<\/p>\n\n\n\n<p class=\"wp-block-paragraph\">Las\nMujeres Organizadas de la Facultad de Ciencias Pol\u00edticas y Sociales tambi\u00e9n\ndenunciaron la reelecci\u00f3n del rector (Enrique Graue Wiechers) \u201cque contin\u00faa escud\u00e1ndose\nbajo sus comunicados que `condenan en\u00e9rgicamente\u00b4 mientras no persigue\nsoluciones y no dialoga con la comunidad universitaria. No lo queremos en la\nrector\u00eda y es despreciable su reelecci\u00f3n cuando la inconformidad del alumnado\nes latente con tantos paros de actividades, y que se haya reelegido en medio de\nmovilizaciones que incluso exig\u00edan su renuncia\u201d.<\/p>\n\n\n\n<p class=\"wp-block-paragraph\">En\nel comunicado p\u00fablico se refieren a los diversos hechos de violencia de g\u00e9nero\nque sufren las mujeres de la UNAM, en donde dos estudiantes, una mujer y\nhombre, han muerto.<\/p>\n\n\n\n<p class=\"wp-block-paragraph\">Se\nrefieren a la muerte del estudiante Jes\u00fas G\u00f3mez en el CCH Azcapotzalco, al reanudar\nactividades despu\u00e9s de las vacaciones, \u201cel segundo d\u00eda de clases, un compa\u00f1ero\nnuestro muri\u00f3 en dichas instalaciones, debido a la negligencia m\u00e9dica del\nplantel y a la poca preparaci\u00f3n que tiene la universidad para enfrentar las\nproblem\u00e1ticas de salad que se viven\u201d.<\/p>\n\n\n\n<p class=\"wp-block-paragraph\">Agregan\nque en la FCPyS ya ha habido alumnos que han se\u00f1alado la falta de medicamentos\ny materiales m\u00e9dicos, as\u00ed como de profesionales de la salud que puedan atender\na la comunidad, y aqu\u00ed retomamos sus exigencias.<\/p>\n\n\n\n<p class=\"wp-block-paragraph\">Explican\nque aunque han realizado una marcha de protesta en su memoria y se entregaron\npliegos petitorios en rector\u00eda y otras demandas no han sido retomadas y\naccionadas.<\/p>\n\n\n\n<p class=\"wp-block-paragraph\">Sabemos,\nagregan, que la universidad se ha comprometido a revisar protocolos, a dirigir\nm\u00e1s presupuesto a la salud y a capacitar a la poblaci\u00f3n universitaria en cuanto\na primeros amigos, pero como muchas otras de las promesas que nos ha hecho, no\nvemos los resultados. \u201cTuvo que morir otra persona para que comenzaran a\ntomarse en serio las demandas\u201d<\/p>\n\n\n\n<p class=\"wp-block-paragraph\">Reclaman\nque no fue suficiente que Aidee fuera asesinada en un aula del segundo piso del\nedificio P del CCH Oriente. No fue suficiente que sucediera el feminicidio de\nnuestra compa\u00f1era Lesvy, no fueron suficientes los \u201csuicidios\u201d para que nuestra\nsalud y seguridad fuera tomada en cuenta. <\/p>\n\n\n\n<p class=\"wp-block-paragraph\">Denunciaron\nlos ataques de porros en contra del estudiantado durante las tomas y paros que\npreviamente han realizado en diversas escuelas de la m\u00e1xima casa de estudios de\nM\u00e9xico, adem\u00e1s de hostigamiento de familias y titulares de las instituciones,\nsin que la polic\u00eda de la UNAM intervenga aun cuando han estado presentes, \u201cse\nhan hecho de la vista gorda\u201d.<\/p>\n\n\n\n<p class=\"wp-block-paragraph\">Reprueban\nla detenci\u00f3n arbitraria y entrega a la polic\u00eda de Sharon Corales, quien fue\nacusada falsamente. Tampoco la universidad se hizo presente cuando tres mujeres\nde la Facultad de Filosof\u00eda y Letras fueron detenidas de manera arbitraria.<\/p>\n\n\n\n<p class=\"wp-block-paragraph\">Evidencian\nque las autoridades y la supuesta \u201cseguridad\u201d del plantel de CCH Sur ha\nhostigado, revictimizado y culpado a una alumna que sufri\u00f3 un ataque porril\ndentro del mismo plantel.<\/p>\n\n\n\n<p class=\"wp-block-paragraph\">Por\nlo que aseguran que las autoridades universitarias encubren y propician la\nexistencia de estos grupos que violentan e intimidan a la comunidad\nestudiantil. <\/p>\n\n\n\n<p class=\"wp-block-paragraph\">Aseguran\npor ello que las autoridades de la FFyL y el mismo rector han sido incapaces de\nresponder adecuadamente a las demandas presentadas por las mujeres organizadas\nde la Facultad. <\/p>\n\n\n\n<p class=\"wp-block-paragraph\">En\nsu comunicado tambi\u00e9n reprueban que se haya tomado la decisi\u00f3n de\nrecalendarizar actividades aun sin haber resuelto la situaci\u00f3n y agradecen el\napoyo de algunos integrantes del profesorado de calificar con 10 a todo el\nalumnado.<\/p>\n\n\n\n<p class=\"wp-block-paragraph\">\u201cReconocemos\nla lucha de las Mujeres Organizadas de la FFyL y de otros planteles de la\nuniversidad bajo toma o paro (Preparatoria 9, Preparatoria 3, Preparatoria 7,\netc.), con demandas en cuanto a la violencia contra las mujeres. Apoyamos su\nresistencia y desaprobamos la poca importancia que se le da a esta tem\u00e1tica\ndentro de la universidad, as\u00ed como la ligereza con la que se toman las\nexigencias leg\u00edtimas de estas mujeres en cuanto a su condici\u00f3n de vida y de\nestudio\u201d.<\/p>\n\n\n\n<p class=\"wp-block-paragraph\">De\nestos hechos se refieren a lo ocurrido el 7 de noviembre de 2019, cuando\nmujeres de esta universidad fueron agredidas en el anexo de la Facultad de\nIngenier\u00eda, lo que no alcanz\u00f3 un pronunciamiento de la instituci\u00f3n, \u201csolapando\na los agresores machistas, dentro de su universidad machista y\nheteropatriarcal. Igualmente, recordamos el p\u00e9simo servicio de salud brindado a\nlas compa\u00f1eras que fueron heridas durante este atentado\u201d.<\/p>\n\n\n\n<p class=\"wp-block-paragraph\">Se\u00f1alan\nque este mi\u00e9rcoles hubo un nuevo atentado en contra alumnas de la FES Arag\u00f3n en\nla que se plant\u00f3 una bomba en su plantel de estudios. Por lo que demandan no\npermitir estas acciones y castigo a los culpables. As\u00ed como tambi\u00e9n exigen\nsoluci\u00f3n a las demandas de las mujeres organizadas en todos los planteles de la\nuniversidad de manera satisfactoria y beneficiosa para todas las mujeres en pie\nde lucha.<\/p>\n\n\n\n<p class=\"wp-block-paragraph\">Por\nello, reiteran su llamado: \u00a1en\u00f3jate compa\u00f1era! ,\u00a1En\u00f3jate compa\u00f1ero! En\u00f3jate con\ntodo, d\u00e9jate sentir esa rabia que nunca te dejas sentir. Porque no estamos\nbien, esta universidad no est\u00e1 bien y nosotras nos rehusamos a permitir la\ncotidianeidad en un espacio que no es propicio para que aprendamos, un espacio\nque nos violenta y nos mata\u201d. <\/p>\n\n\n\n<p class=\"wp-block-paragraph\">SEM\/lv\/sj<\/p>\n","protected":false},"excerpt":{"rendered":"<p>Mujeres Organizadas de la FCPyS denuncian agresiones <\/p>\n","protected":false},"author":3,"featured_media":16192,"comment_status":"open","ping_status":"open","sticky":false,"template":"","format":"standard","meta":{"_monsterinsights_skip_tracking":false,"footnotes":""},"categories":[691,54],"tags":[],"class_list":["post-16191","post","type-post","status-publish","format-standard","has-post-thumbnail","category-691","category-mujeres"],"_links":{"self":[{"href":"https:\/\/redsemlac.com\/semmexico\/wp-json\/wp\/v2\/posts\/16191","targetHints":{"allow":["GET"]}}],"collection":[{"href":"https:\/\/redsemlac.com\/semmexico\/wp-json\/wp\/v2\/posts"}],"about":[{"href":"https:\/\/redsemlac.com\/semmexico\/wp-json\/wp\/v2\/types\/post"}],"author":[{"embeddable":true,"href":"https:\/\/redsemlac.com\/semmexico\/wp-json\/wp\/v2\/users\/3"}],"replies":[{"embeddable":true,"href":"https:\/\/redsemlac.com\/semmexico\/wp-json\/wp\/v2\/comments?post=16191"}],"version-history":[{"count":0,"href":"https:\/\/redsemlac.com\/semmexico\/wp-json\/wp\/v2\/posts\/16191\/revisions"}],"wp:featuredmedia":[{"embeddable":true,"href":"https:\/\/redsemlac.com\/semmexico\/wp-json\/wp\/v2\/media\/16192"}],"wp:attachment":[{"href":"https:\/\/redsemlac.com\/semmexico\/wp-json\/wp\/v2\/media?parent=16191"}],"wp:term":[{"taxonomy":"category","embeddable":true,"href":"https:\/\/redsemlac.com\/semmexico\/wp-json\/wp\/v2\/categories?post=16191"},{"taxonomy":"post_tag","embeddable":true,"href":"https:\/\/redsemlac.com\/semmexico\/wp-json\/wp\/v2\/tags?post=16191"}],"curies":[{"name":"wp","href":"https:\/\/api.w.org\/{rel}","templated":true}]}}