{"id":16186,"date":"2020-01-30T19:52:08","date_gmt":"2020-01-30T19:52:08","guid":{"rendered":"https:\/\/redsemlac.com\/semmexico\/?p=16186"},"modified":"2023-07-21T15:19:23","modified_gmt":"2023-07-21T20:19:23","slug":"de-mujeres-29-de-las-opiniones-en-los-medios-de-comunicacion-catalanes","status":"publish","type":"post","link":"https:\/\/redsemlac.com\/semmexico\/de-mujeres-29-de-las-opiniones-en-los-medios-de-comunicacion-catalanes\/","title":{"rendered":"De mujeres 29 % de las opiniones en los medios de comunicaci\u00f3n catalanes"},"content":{"rendered":"\n<p class=\"wp-block-paragraph\"><strong>* De acuerdo con un informe de la\nplataforma #OnSonLesDones<\/strong><\/p>\n\n\n\n<p class=\"wp-block-paragraph\"><strong>* Por la ley de igualdad todos los medios, p\u00fablicos y privados, deben cumplir<\/strong><\/p>\n\n\n\n<p class=\"wp-block-paragraph\"><strong>Luc\u00eda Cort\u00e9s<\/strong><\/p>\n\n\n\n<p class=\"wp-block-paragraph\">SemM\u00e9xico,\nMadrid, 30 de enero 2020.-&nbsp;Tan solo un 29 % de las informaciones de\nopini\u00f3n que se publican en la regi\u00f3n est\u00e1n firmadas por una mujer. Los datos\ncorresponden al informe realizado por la plataforma #OnSonLesDones de Catalu\u00f1a\nentre los meses de octubre y diciembre de 2019 con una muestra de 10.788\nopiniones expresadas en distintos formatos.<\/p>\n\n\n\n<p class=\"wp-block-paragraph\">El\ninforme analiz\u00f3 los art\u00edculos de opini\u00f3n y las intervenciones en tertulias\ntanto televisivas como radiof\u00f3nicas expresadas en lengua catalana en los\nprincipales medios de comunicaci\u00f3n durante el \u00faltimo trimestre de 2019. Se ha\ntratado de cuatro diarios \u00e1mbito nacional, cinco medios digitales, ocho\ntertulias de radio y cinco de televisi\u00f3n. En definitiva, han sido 10.788\nopiniones que han arrojado unos resultados sin paliativos: solo un 29 % de\nellas correspond\u00edan a mujeres; el 71 % a hombres. La presencia de personas\nracializadas resulta adem\u00e1s testimonial: tan solo el 0\u00b45 %.<\/p>\n\n\n\n<p class=\"wp-block-paragraph\">La\nprincipal dicotom\u00eda que presenta el informe se da en la titularidad de los\nmedios: los medios p\u00fablicos s\u00ed muestran una representaci\u00f3n al menos t\u00e9cnica,\npor encima del 40 %, mientras que en los privados no se observa. <\/p>\n\n\n\n<p class=\"wp-block-paragraph\">Laura\nHuerga del colectivo #OnSonLesDone, en declaraciones a AmecoPress, ha apuntado\nque \u201clos medios de titularidad p\u00fablica son los que se sienten m\u00e1s obligados a\ncumplir la ley de igualdad que se aprob\u00f3 en el Parlament; pero en realidad\ntodos est\u00e1n igual de obligados. Lo que pasa es que no hay medidas de control.\nS\u00ed que es verdad que los medios de titularidad p\u00fablica tienen que pasar\ninformes y van al Parlament a rendir cuentas. A parte de estar obligados, todos\ndeber\u00edan cumplirlas ya que todos reciben subvenciones p\u00fablicas y publicidad de\nlas instituciones p\u00fablicas y de la Administraci\u00f3n\u201d. <\/p>\n\n\n\n<p class=\"wp-block-paragraph\">Hace\nreferencia a la Ley 17\/2015 de igualdad entre mujeres y hombres del Parlamento\nde Catalu\u00f1a. Respecto a la absoluta invisibilizaci\u00f3n de las personas no\nblancas, \u201chay racismo institucional desde las instituciones y desde los medios\nde comunicaci\u00f3n, igual que hay machismo. No hay que seguir subvencionando a los\nmedios machistas y racistas. Uno por intereses econ\u00f3micos y otro por intereses\nculturales\u201d ha apuntado Huerga.<\/p>\n\n\n\n<figure class=\"wp-block-image\"><img decoding=\"async\" src=\"https:\/\/redsemlac.com\/semmexico\/wp-content\/uploads\/2020\/01\/tabla._onsonlesdones-1024x494.png\" alt=\"\" class=\"wp-image-16189\"\/><\/figure>\n\n\n\n<p class=\"wp-block-paragraph\">La\ncifra de sobrerrepresentaci\u00f3n masculina, que al fin y al cabo son el 49% de la\npoblaci\u00f3n, es a\u00fan m\u00e1s flagrante en los diarios digitales donde llegan a\nalcanzar el 78% del total, seguido de los medios impresos con un 73 %. Huerga\nse\u00f1ala \u201cbaja m\u00e1s precisamente porque no hay ninguna de titularidad p\u00fablica, no\nse sienten obligados. Hubo peri\u00f3dicos que se sintieron interpelados por el\ninforme de 2016 como El Peri\u00f3dico, que pas\u00f3 del 19 al 32 %, mientras que otros\nno se han movido como La Vanguardia\u201d.<\/p>\n\n\n\n<p class=\"wp-block-paragraph\">Tras\nla publicaci\u00f3n del informe el colectivo On Son Les Dones y otras cinco\nentidades de la sociedad civil catalana se dirigieron al S\u00edndic de Greuges (el\nDefensor del Pueblo en Catalu\u00f1a), Rafael Rib\u00f3, para hacerle llegar el informe y\npresentar una queja formal con el fin de \u201cdenunciar la invisibilizaci\u00f3n de las\nmujeres y la falta de diversidad en el perfil de las personas que participan en\nlos espacios de opini\u00f3n de los medios de comunicaci\u00f3n catalanes\u201d.<\/p>\n\n\n\n<p class=\"wp-block-paragraph\">SEM-AmecoPress\/lc<\/p>\n","protected":false},"excerpt":{"rendered":"<p>Por la ley de igualdad todos los medios, p\u00fablicos y privados, deben cumplir<\/p>\n","protected":false},"author":3,"featured_media":16187,"comment_status":"open","ping_status":"open","sticky":false,"template":"","format":"standard","meta":{"_monsterinsights_skip_tracking":false,"footnotes":""},"categories":[691,53],"tags":[],"class_list":["post-16186","post","type-post","status-publish","format-standard","has-post-thumbnail","category-691","category-internacional"],"_links":{"self":[{"href":"https:\/\/redsemlac.com\/semmexico\/wp-json\/wp\/v2\/posts\/16186","targetHints":{"allow":["GET"]}}],"collection":[{"href":"https:\/\/redsemlac.com\/semmexico\/wp-json\/wp\/v2\/posts"}],"about":[{"href":"https:\/\/redsemlac.com\/semmexico\/wp-json\/wp\/v2\/types\/post"}],"author":[{"embeddable":true,"href":"https:\/\/redsemlac.com\/semmexico\/wp-json\/wp\/v2\/users\/3"}],"replies":[{"embeddable":true,"href":"https:\/\/redsemlac.com\/semmexico\/wp-json\/wp\/v2\/comments?post=16186"}],"version-history":[{"count":0,"href":"https:\/\/redsemlac.com\/semmexico\/wp-json\/wp\/v2\/posts\/16186\/revisions"}],"wp:featuredmedia":[{"embeddable":true,"href":"https:\/\/redsemlac.com\/semmexico\/wp-json\/wp\/v2\/media\/16187"}],"wp:attachment":[{"href":"https:\/\/redsemlac.com\/semmexico\/wp-json\/wp\/v2\/media?parent=16186"}],"wp:term":[{"taxonomy":"category","embeddable":true,"href":"https:\/\/redsemlac.com\/semmexico\/wp-json\/wp\/v2\/categories?post=16186"},{"taxonomy":"post_tag","embeddable":true,"href":"https:\/\/redsemlac.com\/semmexico\/wp-json\/wp\/v2\/tags?post=16186"}],"curies":[{"name":"wp","href":"https:\/\/api.w.org\/{rel}","templated":true}]}}