{"id":16183,"date":"2020-01-30T19:25:10","date_gmt":"2020-01-30T19:25:10","guid":{"rendered":"https:\/\/redsemlac.com\/semmexico\/?p=16183"},"modified":"2023-07-21T15:19:23","modified_gmt":"2023-07-21T20:19:23","slug":"la-directora-chilena-pepa-san-martin-premio-honorifico-zinegoak-2020","status":"publish","type":"post","link":"https:\/\/redsemlac.com\/semmexico\/la-directora-chilena-pepa-san-martin-premio-honorifico-zinegoak-2020\/","title":{"rendered":"La directora chilena Pepa San Mart\u00edn, Premio Honor\u00edfico Zinegoak 2020"},"content":{"rendered":"\n<p class=\"wp-block-paragraph\"><strong>* Entiende el cine y la cultura como\narmas para la transformaci\u00f3n del mundo<\/strong><\/p>\n\n\n\n<p class=\"wp-block-paragraph\"><strong>* La premiaci\u00f3n ser\u00e1 el pr\u00f3ximo 24 de\nfebrero<\/strong><\/p>\n\n\n\n<p class=\"wp-block-paragraph\"><strong>Redacci\u00f3n<\/strong><\/p>\n\n\n\n<p class=\"wp-block-paragraph\">SemM\u00e9xico\/AmecoPress,\nMadrid, 30 de enero 2020.-&nbsp;La 17\u00aa edici\u00f3n del Festival Internacional de\nCine y Artes Esc\u00e9nicas Gayslesbitrans de Bilbao entregar\u00e1 su Premio Honor\u00edfico\na la joven directora chilena Pepa San Mart\u00edn. Recibir\u00e1 el galard\u00f3n en la gala\nde inauguraci\u00f3n del certamen, que se celebrar\u00e1 el 24 de febrero en el Teatro\nArriaga. Previamente, el d\u00eda 23, se proyectar\u00e1 su pel\u00edcula \u2018Rara\u2019, a las 19:00\nen la Sala BBK. Adem\u00e1s, el 26 de febrero ofrecer\u00e1 una clase magistral en la\nEscuela de Cine del Pa\u00eds Vasco, ECPV.<\/p>\n\n\n\n<p class=\"wp-block-paragraph\">\u201cSan\nMart\u00edn entiende el cine y la cultura como armas para la transformaci\u00f3n del\nmundo\u00bb. La cineasta reivindica a trav\u00e9s de su trabajo el espacio y la\nvisibilidad que corresponde a las mujeres tanto en la sociedad chilena como en\nla industria del cine\u201d, dijo el director de Zinegoak, Pau Guill\u00e9n.<\/p>\n\n\n\n<p class=\"wp-block-paragraph\">Pepa\nSan Mart\u00edn, despu\u00e9s de dirigir varias obras teatrales, en 2004 inici\u00f3 su\ncarrera cinematogr\u00e1fica, participando en una treintena de largometrajes,\nprincipalmente como ayudante de direcci\u00f3n. En 2011 y 2012 dirigi\u00f3 \u2018La ducha\u2019 y\n\u2018Gleisdreieck\u2019, respectivamente. Toda una declaraci\u00f3n de intenciones sobre su\nforma de entender el cine ya que ambos trabajos estaban protagonizados por\nmujeres lesbianas, a las que San Mart\u00edn otorga el espacio central de la\nnarraci\u00f3n. <\/p>\n\n\n\n<p class=\"wp-block-paragraph\">En\nambos describe con sencillez vinculaciones afectivas profundas y complejas. Y\nen ambos ha trabajado formando equipo con Macarena L\u00f3pez y Marianne Mayer-Beck,\nproductoras con las que ha sacado adelante todos sus proyectos hasta la fecha.\nCon los dos filmes obtuvo varios reconocimientos internacionales, como el\npremio del Servicio Alem\u00e1n de Intercambio Acad\u00e9mico (DAAD) al Mejor\nCortometraje en la Berlinale y Mejor Pel\u00edcula en el Festival Internacional de\nCine de Nueva York (2011) o el Mejor Cortometraje del Festival de Cine de\nValdivia (2012).<\/p>\n\n\n\n<p class=\"wp-block-paragraph\">En\n2016, \u2018Rara\u2019, su primer largometraje, arras\u00f3 entre el p\u00fablico y la cr\u00edtica, con\nnumerosos galardones y nominaciones en varios festivales del mundo. Entre\notros, recibi\u00f3 el Premio Horizontes Latinos del Festival de Cine de San\nSebasti\u00e1n. En dicho trabajo, San Mart\u00edn relata la historia real de Karen Atala,\nabogada y jueza chilena de ascendencia palestina, y una de las primeras\nprofesionales de la judicatura chilena en visibilizarse como lesbiana, algo que\nle cost\u00f3 perder la custodia de sus hijas. Rara obtuvo la calificaci\u00f3n de \u00abapta\u00bb\npara el p\u00fablico familiar en su estreno comercial chileno, lo que la convirti\u00f3\nen la primera con protagonistas lesbianas en obtenerlo en su pa\u00eds.<\/p>\n\n\n\n<p class=\"wp-block-paragraph\">Pepa\nSan Mart\u00edn recibir\u00e1 el Premio Honor\u00edfico de Zinegoak 2020 en la Gala de Inauguraci\u00f3n\nque se celebrar\u00e1 el 24 de febrero en el Teatro Arriaga. Previamente, el d\u00eda 23,\nse proyectar\u00e1 su pel\u00edcula Rara, a las 19:00 en la Sala BBK. Adem\u00e1s, el 26 de\nfebrero ofrecer\u00e1 una masterclass en la Escuela de Cine del Pa\u00eds Vasco, ECPV.<\/p>\n\n\n\n<p class=\"wp-block-paragraph\">SEM-AmecoPress<\/p>\n","protected":false},"excerpt":{"rendered":"<p> La premiaci\u00f3n ser\u00e1 el pr\u00f3ximo 24 de febrero<\/p>\n","protected":false},"author":3,"featured_media":16184,"comment_status":"open","ping_status":"open","sticky":false,"template":"","format":"standard","meta":{"_monsterinsights_skip_tracking":false,"footnotes":""},"categories":[691,53],"tags":[],"class_list":["post-16183","post","type-post","status-publish","format-standard","has-post-thumbnail","category-691","category-internacional"],"_links":{"self":[{"href":"https:\/\/redsemlac.com\/semmexico\/wp-json\/wp\/v2\/posts\/16183","targetHints":{"allow":["GET"]}}],"collection":[{"href":"https:\/\/redsemlac.com\/semmexico\/wp-json\/wp\/v2\/posts"}],"about":[{"href":"https:\/\/redsemlac.com\/semmexico\/wp-json\/wp\/v2\/types\/post"}],"author":[{"embeddable":true,"href":"https:\/\/redsemlac.com\/semmexico\/wp-json\/wp\/v2\/users\/3"}],"replies":[{"embeddable":true,"href":"https:\/\/redsemlac.com\/semmexico\/wp-json\/wp\/v2\/comments?post=16183"}],"version-history":[{"count":0,"href":"https:\/\/redsemlac.com\/semmexico\/wp-json\/wp\/v2\/posts\/16183\/revisions"}],"wp:featuredmedia":[{"embeddable":true,"href":"https:\/\/redsemlac.com\/semmexico\/wp-json\/wp\/v2\/media\/16184"}],"wp:attachment":[{"href":"https:\/\/redsemlac.com\/semmexico\/wp-json\/wp\/v2\/media?parent=16183"}],"wp:term":[{"taxonomy":"category","embeddable":true,"href":"https:\/\/redsemlac.com\/semmexico\/wp-json\/wp\/v2\/categories?post=16183"},{"taxonomy":"post_tag","embeddable":true,"href":"https:\/\/redsemlac.com\/semmexico\/wp-json\/wp\/v2\/tags?post=16183"}],"curies":[{"name":"wp","href":"https:\/\/api.w.org\/{rel}","templated":true}]}}