{"id":16180,"date":"2020-01-30T19:17:31","date_gmt":"2020-01-30T19:17:31","guid":{"rendered":"https:\/\/redsemlac.com\/semmexico\/?p=16180"},"modified":"2023-07-21T15:19:23","modified_gmt":"2023-07-21T20:19:23","slug":"presenta-intered-su-propuesta-toca-igualdad","status":"publish","type":"post","link":"https:\/\/redsemlac.com\/semmexico\/presenta-intered-su-propuesta-toca-igualdad\/","title":{"rendered":"Presenta InteRed su propuesta Toca Igualdad"},"content":{"rendered":"\n<p class=\"wp-block-paragraph\"><strong>* Programa educativo para la\nprevenci\u00f3n de violencias machistas<\/strong><\/p>\n\n\n\n<p class=\"wp-block-paragraph\"><strong>* \u201cLa pobreza y la desigualdad tienen\nrostro de mujer y ni\u00f1a\u201d<\/strong><\/p>\n\n\n\n<p class=\"wp-block-paragraph\"><strong>Luc\u00eda Cort\u00e9s<\/strong><\/p>\n\n\n\n<p class=\"wp-block-paragraph\">SemM\u00e9xico\/AmecoPress,\nMadrid, 30 de enero 2020.- La organizaci\u00f3n presenta hoy su propuesta centrada\ntanto en la educaci\u00f3n formal como no formal y que ya est\u00e1 en marcha en cinco\ncomunidades aut\u00f3nomas desde el pasado septiembre.<\/p>\n\n\n\n<p class=\"wp-block-paragraph\">TOCA\nIGUALDAD busca estar presente en 60 centros educativos de las 20 delegaciones\ncon las que cuenta InteRed. Adem\u00e1s, se centra en la juventud \u201chuyendo de la\nperspectiva adulto c\u00e9ntrica\u201d, como se\u00f1alan desde la organizaci\u00f3n y vincula de\nforma \u00edntima \u00e9tica de los cuidados y coeducaci\u00f3n. Se marcan tres etapas:\nidentificar las violencias, desmontar las causas de las violencias y actuar en\ncolectivo. Para luchar contra las violencias machistas, se centran en una\neducaci\u00f3n afectivo-sexual respetuosa y la prevenci\u00f3n de din\u00e1micas relacionales\nmachistas entre la juventud.<\/p>\n\n\n\n<p class=\"wp-block-paragraph\">El\nprograma no se limita a la presencia moment\u00e1nea en el aula mediante el taller.\nBusca perdurar m\u00e1s all\u00e1 mediante el establecimiento de grupos motor de j\u00f3venes\nimplicados en el activismo en el propio centro que sigan transmitiendo lo\naprendido al resto de alumnado, potenciando as\u00ed la transformaci\u00f3n. La propuesta\nno se limita al alumnado, sino que se extiende a toda la comunidad educativa\n\u201ctenemos peticiones ya de AMPAs\u201d. El proyecto se encuentra financiado por la\nAgencia Espa\u00f1ola de Cooperaci\u00f3n al Desarrollo (AECID) y su duraci\u00f3n prevista es\nde tres a\u00f1os.<\/p>\n\n\n\n<p class=\"wp-block-paragraph\">Mar\u00eda\nMonjas, t\u00e9cnica de Educaci\u00f3n de InteRed, est\u00e1 de forma habitual en contacto con\nel alumnado a trav\u00e9s de los talleres sobre relaciones. \u201cEmpezamos a trabajar\ndesde lo personal pero no nos quedamos solo ah\u00ed. Tambi\u00e9n aprendemos a cuestionar\nel sistema y el por qu\u00e9, las causas de las violencias machistas\u201d. \u201cAl principio\nles cuesta mucho identificar qu\u00e9 limites tienen por ser chicas o chicos, pero a\nmedida que vamos entrando y hablando de c\u00f3mo aprendemos a ser hombres y el\nmodelo de masculinidad hegem\u00f3nico y qu\u00e9 consecuencias tiene\u201d. \u201cTrabajamos para\nque ellos y ellas se conozcan, para que se aprecien\u201d, desde la\ncorresponsabilidad.<\/p>\n\n\n\n<p class=\"wp-block-paragraph\">En\nla rueda de prensa para la presentaci\u00f3n, la directora de InteRed Ana Arancibia,\nse\u00f1al\u00f3 que \u201cla pobreza y la desigualdad tienen rostro de mujer y ni\u00f1a por eso\ndesde el principio InteRed ha apostado tambi\u00e9n por visibilizar la situaci\u00f3n de\nlas mujeres y ni\u00f1as en el mundo entero, poner encima de la mesa esos datos\nestad\u00edsticos\u201d. Tambi\u00e9n estaban presentes las defensoras de los derechos de la\nmujer de Guatemala y Rep\u00fablica Dominicana, Esperanza Tubac y Benita Cordero,\nque explicaron la importancia de la iniciativa en sus respectivos contextos.<\/p>\n\n\n\n<p class=\"wp-block-paragraph\">Cordero,\ncoordinadora y responsable de G\u00e9nero de la Confederaci\u00f3n Nacional de Mujeres\nCampesinas, \u201cla mayor parte de nuestras compa\u00f1eras son mujeres campesinas y\nnegras lo que implica una doble discriminaci\u00f3n\u201d. El trabajo de su organizaci\u00f3n\nse centra en dos enfoques distintos: comunitario, con las familias y las\npersonas j\u00f3venes, y desde la educaci\u00f3n formal, por un curr\u00edculo que potencie y\nempodere la visi\u00f3n de la mujer. Este \u00faltimo ha presentado m\u00e1s resistencias ante\nla situaci\u00f3n que se vive en el pa\u00eds, que como se\u00f1ala la propia Cordero, \u201chay un\nenfrentamiento entre organizaciones de mujeres y religiosa [\u2026] Dicen que\nestamos llamando a que los ni\u00f1os sean gays y las ni\u00f1as lesbianas\u201d.<\/p>\n\n\n\n<p class=\"wp-block-paragraph\">La\npresentaci\u00f3n oficial de la iniciativa se realizar\u00e1 hoy a las 18 en la\nSecretar\u00eda General Iberoamericana (Paseo de Recoletos 8).<\/p>\n\n\n\n<p class=\"wp-block-paragraph\">SEM-AmecoPress\/lc<\/p>\n","protected":false},"excerpt":{"rendered":"<p>\u201cLa pobreza y la desigualdad tienen rostro de mujer y ni\u00f1a\u201d<\/p>\n","protected":false},"author":3,"featured_media":16181,"comment_status":"open","ping_status":"open","sticky":false,"template":"","format":"standard","meta":{"_monsterinsights_skip_tracking":false,"footnotes":""},"categories":[691,53],"tags":[],"class_list":["post-16180","post","type-post","status-publish","format-standard","has-post-thumbnail","category-691","category-internacional"],"_links":{"self":[{"href":"https:\/\/redsemlac.com\/semmexico\/wp-json\/wp\/v2\/posts\/16180","targetHints":{"allow":["GET"]}}],"collection":[{"href":"https:\/\/redsemlac.com\/semmexico\/wp-json\/wp\/v2\/posts"}],"about":[{"href":"https:\/\/redsemlac.com\/semmexico\/wp-json\/wp\/v2\/types\/post"}],"author":[{"embeddable":true,"href":"https:\/\/redsemlac.com\/semmexico\/wp-json\/wp\/v2\/users\/3"}],"replies":[{"embeddable":true,"href":"https:\/\/redsemlac.com\/semmexico\/wp-json\/wp\/v2\/comments?post=16180"}],"version-history":[{"count":0,"href":"https:\/\/redsemlac.com\/semmexico\/wp-json\/wp\/v2\/posts\/16180\/revisions"}],"wp:featuredmedia":[{"embeddable":true,"href":"https:\/\/redsemlac.com\/semmexico\/wp-json\/wp\/v2\/media\/16181"}],"wp:attachment":[{"href":"https:\/\/redsemlac.com\/semmexico\/wp-json\/wp\/v2\/media?parent=16180"}],"wp:term":[{"taxonomy":"category","embeddable":true,"href":"https:\/\/redsemlac.com\/semmexico\/wp-json\/wp\/v2\/categories?post=16180"},{"taxonomy":"post_tag","embeddable":true,"href":"https:\/\/redsemlac.com\/semmexico\/wp-json\/wp\/v2\/tags?post=16180"}],"curies":[{"name":"wp","href":"https:\/\/api.w.org\/{rel}","templated":true}]}}