{"id":16176,"date":"2020-01-30T19:15:39","date_gmt":"2020-01-30T19:15:39","guid":{"rendered":"https:\/\/redsemlac.com\/semmexico\/?p=16176"},"modified":"2023-07-21T15:19:23","modified_gmt":"2023-07-21T20:19:23","slug":"enero-1-040-mujeres-asesinadas-en-espana","status":"publish","type":"post","link":"https:\/\/redsemlac.com\/semmexico\/enero-1-040-mujeres-asesinadas-en-espana\/","title":{"rendered":"Enero: 1.040 mujeres asesinadas en Espa\u00f1a"},"content":{"rendered":"\n<p class=\"wp-block-paragraph\"><strong>* El primer mes de 2020 acaba con 8\nv\u00edctimas mortales (7 mujeres y una ni\u00f1a) por violencia machista<\/strong><\/p>\n\n\n\n<p class=\"wp-block-paragraph\"><strong>* <\/strong><strong>Denunciar no es tan f\u00e1cil, todav\u00eda\nhay que mucho que mejorar<\/strong><strong><br>\n<br>\n<\/strong><strong><\/strong><\/p>\n\n\n\n<p class=\"wp-block-paragraph\"><strong>Redacci\u00f3n<\/strong><\/p>\n\n\n\n<p class=\"wp-block-paragraph\">SemM\u00e9xico\/AmecoPress, Madrid, 30 de enero 2020.-&nbsp;1.040 mujeres asesinadas por sus parejas o\nexparejas desde el 1 de enero de 2003 hasta el d\u00eda de hoy. 7 en este mes de\nenero, un periodo en el que tambi\u00e9n ha sido asesinada una ni\u00f1a \u2013ya son 35\nmenores desde que se recogen datos. El primer mes del a\u00f1o suele ser un mes con\nm\u00e1s asesinatos que la media anual<em>.<\/em><\/p>\n\n\n\n<p class=\"wp-block-paragraph\"><strong>D\u00eda 6 de enero:<\/strong>&nbsp;Un hombre de 27 a\u00f1os es\ndetenido por los Mossos d\u2019Esquadra por (presuntamente) haber matado a su mujer,\nde 28, y a su hija, de 3, en su domicilio, en la localidad catalana de Esplugues\nde Llobregat (Barcelona).<\/p>\n\n\n\n<p class=\"wp-block-paragraph\"><br>\n<strong>D\u00eda 12 de enero:<\/strong>&nbsp;Un hombre de 53 a\u00f1os mata a su pareja, de 61 a\u00f1os,\ny se suicida. La hab\u00eda conocido unos meses en un programa de televisi\u00f3n. Viv\u00edan\nen Puertollano (Ciudad Real).<\/p>\n\n\n\n<p class=\"wp-block-paragraph\"><br>\n<strong>D\u00eda 18 de enero:<\/strong>&nbsp;Un hombre, mosso d\u2019esquadra, mata a su expareja,\nuna mujer de 29 a\u00f1os y luego se suicida. Fue en Terrassa (Barcelona).<\/p>\n\n\n\n<p class=\"wp-block-paragraph\"><br>\n<strong>D\u00eda 22 de enero:<\/strong>&nbsp;Un hombre de 50 a\u00f1os asesina a una mujer de 43, en\npresencia de sus dos hijos menores. Estaban separados, pero resid\u00edan bajo el\nmismo techo en La Puebla de Almoradiel (Toledo).<\/p>\n\n\n\n<p class=\"wp-block-paragraph\"><br>\n<strong>D\u00eda 22 de enero:<\/strong>&nbsp;Un hombre de 77 a\u00f1os confiesa el asesinato de su\nmujer, de 73 a\u00f1os, en Caniles (Granada).<\/p>\n\n\n\n<p class=\"wp-block-paragraph\"><br>\n<strong>D\u00eda 25 de enero:<\/strong>&nbsp;Un hombre de 82 a\u00f1os mata a su mujer, de 79, y\nluego se suicida. En Lugo.<\/p>\n\n\n\n<p class=\"wp-block-paragraph\"><br>\n<strong>D\u00eda 28 de enero:<\/strong>&nbsp;Un hombre mata presuntamente a su novia de 40 a\u00f1os\ny despu\u00e9s es detenido en el aeropuerto de El Prat de Barcelona cuando trataba\nde coger un vuelo para darse a la fuga. Fue en San Joan Desp\u00ed, en Barcelona.<\/p>\n\n\n\n<p class=\"wp-block-paragraph\"><strong>El \u2019mantra\u2019 de la denuncia<\/strong><\/p>\n\n\n\n<p class=\"wp-block-paragraph\">Muchos medios de comunicaci\u00f3n e instituciones han destacado que\nninguna de las mujeres que han sido asesinadas a manos de sus parejas o\nexparejas hab\u00edan presentado denuncia. \u201cDenunciar al maltratador es el camino\npara escapar de la violencia de g\u00e9nero\u201d, es el mantra que se repite a las\nmujeres y que sigue siendo paso fundamental para acceder al sistema de\nprotecci\u00f3n. Sin embargo, no es una responsabilidad exclusiva de quien sufre la\nviolencia machista, sino que el entorno es fundamental, no solo para arroparlas,\nsino tambi\u00e9n para iniciar el proceso. Es decir, familiares, amistades y\nvecindario tienen responsabilidad en un proceso que en el momento de la\ndenuncia y tambi\u00e9n de la separaci\u00f3n se expone a una fase muy delicada.<\/p>\n\n\n\n<p class=\"wp-block-paragraph\">La presidenta del Observatorio de la violencia de g\u00e9nero del Consejo\nGeneral del Poder Judicial, \u00c1ngeles Carmona, insiste siempre en que los bajos\nporcentajes de denuncias previas entre las mujeres asesinadas hacen patente la\nnecesidad de implicar a toda la sociedad en la lucha contra la violencia de\ng\u00e9nero. El Observatorio recordaba en septiembre de 2019 que \u00abel silencio\nde las maltratadas por p\u00e1nico es un factor de riesgo del asesinato\nmachista\u00bb.<\/p>\n\n\n\n<figure class=\"wp-block-image\"><img loading=\"lazy\" decoding=\"async\" width=\"750\" height=\"307\" src=\"https:\/\/redsemlac.com\/semmexico\/wp-content\/uploads\/2020\/01\/violencia-de-ge\u0301nero.jpg\" alt=\"\" class=\"wp-image-16178\"\/><\/figure>\n\n\n\n<p class=\"wp-block-paragraph\">En el a\u00f1o 2018, 0,46 % de las denuncias presentadas lo fueron por\nfamiliares, a pesar de que el 81 % de las v\u00edctimas reconocieron que hab\u00edan\ncontado su situaci\u00f3n alguna vez a familiares, amistades y personas de su\nentorno. Adem\u00e1s, solo 4,74 % de denuncias fueron presentadas por personal\nasistencial, aunque ese dato ha supuesto un incremento respecto al a\u00f1o 2019.<\/p>\n\n\n\n<p class=\"wp-block-paragraph\">Denunciar no es tan f\u00e1cil. Adem\u00e1s, todav\u00eda hay que mucho que mejorar\nen lo que sucede tras la denuncia: el acompa\u00f1amiento a las mujeres, la\nformaci\u00f3n de los operadores y operadoras que intervienen en el proceso, la\nvaloraci\u00f3n del riesgo, el sistema de protecci\u00f3n, la investigaci\u00f3n y reparaci\u00f3n\nde los fallos institucionales cuando una mujer que denuncia (o sus hijos e\nhijas) no encuentra la protecci\u00f3n adecuada y acaba siendo asesinada. Pero,\nadem\u00e1s, no podemos depositar en la denuncia la esperanza de cientos de miles de\nmujeres que en estos momentos sufren maltrato.<\/p>\n\n\n\n<p class=\"wp-block-paragraph\"><strong>Mujeres mayores de 65 a\u00f1os<\/strong><\/p>\n\n\n\n<p class=\"wp-block-paragraph\">Hay otro dato que, por ejemplo, puede destacarse si analizamos lo que\nsabemos de las mujeres asesinadas en enero a manos de sus parejas o exparejas. Dos\nde siete pasaban los 70 a\u00f1os. Seg\u00fan el estudio \u201cMujeres mayores de 65 a\u00f1os\nv\u00edctimas de violencia de g\u00e9nero\u201d, presentado por la Delegaci\u00f3n del Gobierno\npara la Violencia de G\u00e9nero en diciembre de 2019, el 40 por ciento de las\nv\u00edctimas de violencia de g\u00e9nero mayores de 65 a\u00f1os ha sido maltratada durante\nm\u00e1s de 40 a\u00f1os. El estudio advierte que las mujeres mayores experimentan la\ndiscriminaci\u00f3n de g\u00e9nero en mayor medida que las mujeres j\u00f3venes, y la\ndiscriminaci\u00f3n por edad en mayor medida que los hombres mayores. Esta doble\ndiscriminaci\u00f3n est\u00e1 en la base de la invisibilidad de la violencia de g\u00e9nero\ncontra las mujeres mayores.<\/p>\n\n\n\n<p class=\"wp-block-paragraph\">El 78% de las mujeres entrevistadas en este estudio manifiestan que, a\nlo largo de su vida, el maltratador les ha propinado empujones, y\/o las ha\nsujetado o tirado del pelo. Un 75% dicen que han sido abofeteadas o que les han\narrojado algo para hacerles da\u00f1o. El 63% se\u00f1alan que han sido golpeadas con el\npu\u00f1o o con alg\u00fan objeto. El 50% refieren haber recibido patadas, o haber sido\narrastradas por el suelo. La dificultad para \u201cromper el silencio\u201d obedece a una\nsituaci\u00f3n de \u201ccronificaci\u00f3n\u201d, esto es, \u201cuna vida entera sufriendo maltrato\u201d, a\nveces, con la complicidad de su entorno, que no se implica. Otro factor es la\ndependencia econ\u00f3mica y por \u00faltimo, la \u201cnormalizaci\u00f3n de la violencia, que\nafecta a todas las mujeres, aunque a ellas m\u00e1s\u201d, expuso Carmen Calvo.<\/p>\n\n\n\n<p class=\"wp-block-paragraph\"><strong>Las limitaciones del proceso penal<\/strong><\/p>\n\n\n\n<p class=\"wp-block-paragraph\">Los asesinatos y tambi\u00e9n las denuncias son la punta del iceberg de un\nproblema complejo y profundo. La violencia de g\u00e9nero exige respuestas\nestructurales que impliquen diversas perspectivas y acciones. La penal es una\nde ellas. Pero su alcance es limitado.<\/p>\n\n\n\n<p class=\"wp-block-paragraph\">Hay expertas que lamentan que en los 15 a\u00f1os desde que se aprobara la\nLey Org\u00e1nica 1\/2004, de Medidas de Protecci\u00f3n Integral contra la Violencia de\nG\u00e9nero, se haya priorizado su vertiente penal, descuid\u00e1ndose elementos que\ntienen que ver con la prevenci\u00f3n, la sensibilizaci\u00f3n y la educaci\u00f3n, que dicha\nnormativa contempla.<\/p>\n\n\n\n<p class=\"wp-block-paragraph\"><br>\nRecientemente, en una reflexi\u00f3n conjunta celebrada en Madrid, varias juristas y\nfeministas advirtieron que la denuncia no siempre es la mejor salida para las\nmujeres y el mismo proceso penal, tal y como est\u00e1 planteado, impone serias\ndificultades. \u201cEl sistema penal tiene unos l\u00edmites importantes\u201d, se\u00f1alaba Justa\nMontero, a\u00f1adiendo algo fundamental: el sistema penal tiende a convertir el\nproblema de la desigualdad en un problema de delito; lo individualiza y lo\ndesplaza de un enfoque estructural y radical.<\/p>\n\n\n\n<p class=\"wp-block-paragraph\">SEM-AmecoPress<\/p>\n","protected":false},"excerpt":{"rendered":"<p>Denunciar no es tan f\u00e1cil, todav\u00eda hay que mucho que mejorar<\/p>\n","protected":false},"author":3,"featured_media":16177,"comment_status":"open","ping_status":"open","sticky":false,"template":"","format":"standard","meta":{"_monsterinsights_skip_tracking":false,"footnotes":""},"categories":[691,53],"tags":[],"class_list":["post-16176","post","type-post","status-publish","format-standard","has-post-thumbnail","category-691","category-internacional"],"_links":{"self":[{"href":"https:\/\/redsemlac.com\/semmexico\/wp-json\/wp\/v2\/posts\/16176","targetHints":{"allow":["GET"]}}],"collection":[{"href":"https:\/\/redsemlac.com\/semmexico\/wp-json\/wp\/v2\/posts"}],"about":[{"href":"https:\/\/redsemlac.com\/semmexico\/wp-json\/wp\/v2\/types\/post"}],"author":[{"embeddable":true,"href":"https:\/\/redsemlac.com\/semmexico\/wp-json\/wp\/v2\/users\/3"}],"replies":[{"embeddable":true,"href":"https:\/\/redsemlac.com\/semmexico\/wp-json\/wp\/v2\/comments?post=16176"}],"version-history":[{"count":0,"href":"https:\/\/redsemlac.com\/semmexico\/wp-json\/wp\/v2\/posts\/16176\/revisions"}],"wp:featuredmedia":[{"embeddable":true,"href":"https:\/\/redsemlac.com\/semmexico\/wp-json\/wp\/v2\/media\/16177"}],"wp:attachment":[{"href":"https:\/\/redsemlac.com\/semmexico\/wp-json\/wp\/v2\/media?parent=16176"}],"wp:term":[{"taxonomy":"category","embeddable":true,"href":"https:\/\/redsemlac.com\/semmexico\/wp-json\/wp\/v2\/categories?post=16176"},{"taxonomy":"post_tag","embeddable":true,"href":"https:\/\/redsemlac.com\/semmexico\/wp-json\/wp\/v2\/tags?post=16176"}],"curies":[{"name":"wp","href":"https:\/\/api.w.org\/{rel}","templated":true}]}}