{"id":16146,"date":"2020-01-29T17:17:04","date_gmt":"2020-01-29T17:17:04","guid":{"rendered":"https:\/\/redsemlac.com\/semmexico\/?p=16146"},"modified":"2023-07-21T15:19:23","modified_gmt":"2023-07-21T20:19:23","slug":"asegura-fiscalia-que-fueron-4-atacantes-en-triple-feminicidio","status":"publish","type":"post","link":"https:\/\/redsemlac.com\/semmexico\/asegura-fiscalia-que-fueron-4-atacantes-en-triple-feminicidio\/","title":{"rendered":"Asegura Fiscal\u00eda que fueron 4 atacantes en triple feminicidio"},"content":{"rendered":"\n<p class=\"wp-block-paragraph\"><strong>* El m\u00f3vil ser\u00eda la\nvenganza contra l\u00edder comunitario <\/strong><\/p>\n\n\n\n<p class=\"wp-block-paragraph\"><strong>* Hasta el momento no\nhay personas detenidas<\/strong><\/p>\n\n\n\n<p class=\"wp-block-paragraph\"><strong>Patricia Brise\u00f1o <\/strong><\/p>\n\n\n\n<p class=\"wp-block-paragraph\">SemM\u00e9xico, Oaxaca, 28 de enero 2020.- Al menos cuatro\nindividuos participaron en el ataque armado a una vivienda donde falleci\u00f3 una\nmujer de 42 a\u00f1os con sus dos hijas, e hirieron a otras&nbsp; cinco personas, todas integrantes de una\nfamilia de la comunidad de El Huamuche, municipio de Santiago Ixtayutla, en la\nregi\u00f3n de la Costa, inform\u00f3 el fiscal de Oaxaca, Rub\u00e9n Vasconcelos M\u00e9ndez.<\/p>\n\n\n\n<p class=\"wp-block-paragraph\">A prop\u00f3sito del triple homicidio ocurrido la comunidad\nind\u00edgena mazateca coment\u00f3 que los atacantes iban por uno de los ocupantes del\ndomicilio, quien logr\u00f3 escapar; no as\u00ed su esposa e hijas, quienes no alcanzaron\na esconderse como el resto de los ocupantes de la vivienda.<\/p>\n\n\n\n<p class=\"wp-block-paragraph\">Seg\u00fan las periciales practicadas por la instituci\u00f3n dijo que\nlos autores materiales dispararon a la vivienda desde afuera, donde estaba la\nmujer e hijas.<\/p>\n\n\n\n<p class=\"wp-block-paragraph\">\u201cUna casa de madera y adobe que traspasaron los disparos que\nproyectil; en el exterior se encontraron 53 cartuchos percutidos, calibre 16 y\n20 mil\u00edmetros\u201d.<\/p>\n\n\n\n<p class=\"wp-block-paragraph\">Asegur\u00f3 que este como otros casos en los que mujeres han perdido\nla vida a consecuencia de delitos de alto impacto \u201cson de alta prioridad para\nla Fiscal\u00eda al investigar el homicidio, as\u00ed como brindar medidas cautelares y\napoyo psicol\u00f3gico a los sobrevivientes\u201d.<\/p>\n\n\n\n<p class=\"wp-block-paragraph\">En este sentido, el vicefiscal regional, Alejandro Pe\u00f1a D\u00edaz\nrevel\u00f3 a la prensa&nbsp; que los atacantes\nten\u00edan como objetivo asesinar al jefe de la familia, Jos\u00e9 Merino Merino, quien\nresult\u00f3 herido, mientras que a su esposa e hijas las asesinaron.<\/p>\n\n\n\n<p class=\"wp-block-paragraph\">Seg\u00fan el representante de la Fiscal\u00eda en la Costa de Oaxaca\nuno de las principales l\u00edneas de investigaci\u00f3n es la venganza, debido a que no\nexisten elementos para inferir que se trat\u00f3 de robo.<\/p>\n\n\n\n<p class=\"wp-block-paragraph\">\u201cLas investigaciones van muy avanzadas; se integran las\ncarpetas para proceder a entregarlo a la instancia responsable\u201d, mencion\u00f3.<\/p>\n\n\n\n<p class=\"wp-block-paragraph\">Inform\u00f3 que tres de las cinco personas heridas, ya&nbsp; fueron dadas de alta del Hospital Regional de\nSantiago Jamiltepec, cabecera de distrito regional.<\/p>\n","protected":false},"excerpt":{"rendered":"<p>El m\u00f3vil ser\u00eda la venganza contra l\u00edder comunitario <\/p>\n","protected":false},"author":3,"featured_media":16147,"comment_status":"open","ping_status":"open","sticky":false,"template":"","format":"standard","meta":{"_monsterinsights_skip_tracking":false,"footnotes":""},"categories":[691,51],"tags":[],"class_list":["post-16146","post","type-post","status-publish","format-standard","has-post-thumbnail","category-691","category-ejecutivo"],"_links":{"self":[{"href":"https:\/\/redsemlac.com\/semmexico\/wp-json\/wp\/v2\/posts\/16146","targetHints":{"allow":["GET"]}}],"collection":[{"href":"https:\/\/redsemlac.com\/semmexico\/wp-json\/wp\/v2\/posts"}],"about":[{"href":"https:\/\/redsemlac.com\/semmexico\/wp-json\/wp\/v2\/types\/post"}],"author":[{"embeddable":true,"href":"https:\/\/redsemlac.com\/semmexico\/wp-json\/wp\/v2\/users\/3"}],"replies":[{"embeddable":true,"href":"https:\/\/redsemlac.com\/semmexico\/wp-json\/wp\/v2\/comments?post=16146"}],"version-history":[{"count":0,"href":"https:\/\/redsemlac.com\/semmexico\/wp-json\/wp\/v2\/posts\/16146\/revisions"}],"wp:featuredmedia":[{"embeddable":true,"href":"https:\/\/redsemlac.com\/semmexico\/wp-json\/wp\/v2\/media\/16147"}],"wp:attachment":[{"href":"https:\/\/redsemlac.com\/semmexico\/wp-json\/wp\/v2\/media?parent=16146"}],"wp:term":[{"taxonomy":"category","embeddable":true,"href":"https:\/\/redsemlac.com\/semmexico\/wp-json\/wp\/v2\/categories?post=16146"},{"taxonomy":"post_tag","embeddable":true,"href":"https:\/\/redsemlac.com\/semmexico\/wp-json\/wp\/v2\/tags?post=16146"}],"curies":[{"name":"wp","href":"https:\/\/api.w.org\/{rel}","templated":true}]}}