{"id":15906,"date":"2020-01-22T22:11:25","date_gmt":"2020-01-22T22:11:25","guid":{"rendered":"https:\/\/redsemlac.com\/semmexico\/?p=15906"},"modified":"2023-07-21T15:18:50","modified_gmt":"2023-07-21T20:18:50","slug":"en-ultimo-momento-la-jornada-retira-propuesta-de-reinstalacion-de-despedidos","status":"publish","type":"post","link":"https:\/\/redsemlac.com\/semmexico\/en-ultimo-momento-la-jornada-retira-propuesta-de-reinstalacion-de-despedidos\/","title":{"rendered":"En \u00faltimo momento, La Jornada retira propuesta de reinstalaci\u00f3n de despedidos"},"content":{"rendered":"\n<ul class=\"wp-block-list\"><li><strong>Estrategia\npara desesperar a las y los afectados: Calder\u00f3n G\u00f3mez<\/strong><\/li><li><strong>Despidos\nen Notimex y La Jornada no son hechos aislados, reitera<\/strong><\/li><\/ul>\n\n\n\n<p class=\"wp-block-paragraph\"><strong>Redacci\u00f3n<\/strong><\/p>\n\n\n\n<p class=\"wp-block-paragraph\">SemM\u00e9xico,\nCiudad de M\u00e9xico, 22 de enero de 2020.- En \u00faltimo momento, los representantes\nlegales de la empresa Demos, que edita el peri\u00f3dico La Jornada, retiraron la\npropuesta de reinstalar a nueve de 18 despedidos, sin que se dieran a conocer\nlas causas de esa decisi\u00f3n, inform\u00f3 la exsecretaria general del Sindicato de\nTrabajadores de La Jornada (Sitrajor), quien tambi\u00e9n est\u00e1 en esa situaci\u00f3n. <\/p>\n\n\n\n<p class=\"wp-block-paragraph\">En\nnoviembre del a\u00f1o pasado, la empresa hab\u00eda acordado reinstalar este 21 y 22 de\nenero a cinco de los nueve trabajadoras\/es en las instalaciones del diario,\npero ayer no pudo resolverse ning\u00fan caso, debido a que el Sindicato Mexicano de\nElectricistas (SME) cerr\u00f3 la Junta Federal de Conciliaci\u00f3n y Arbitraje (JFCyA).\n<\/p>\n\n\n\n<p class=\"wp-block-paragraph\">Esta\nma\u00f1ana, como se hab\u00eda acordado, las y los trabajadores se presentaron a las 10\nde la ma\u00f1ana en la JFCyA para acudir con el actuario que llevar\u00eda el proceso;\nsin embargo, recibieron la noticia de que la empresa se hab\u00eda desistido, indic\u00f3\nSara Nubia Ju\u00e1rez Butr\u00f3n, del \u00e1rea de recursos naturales, quien ten\u00eda 21 a\u00f1os\nde laborar en el peri\u00f3dico, y que estaba entre la lista de quienes regresar\u00edan\na su fuente laboral. <\/p>\n\n\n\n<p class=\"wp-block-paragraph\">En la JFCyA, dijo, solo\nvieron al abogado Jonathan Rodr\u00edguez Jaime, del despacho de Alejandro Roel\nCalvillo, representantes de la parte patronal, pero nunca se les notific\u00f3 el\nmotivo por el cual Demos retir\u00f3 la propuesta de reinstalar a Mario Ru\u00edz\nTener\u00eda, Antonio Vera, Sandra Blanco, Mario Contreras, Oscar G\u00f3mez, Maricela\nDelgado, Guadalupe Silva, Mario Ru\u00edz Tener\u00eda y a Ju\u00e1rez Butr\u00f3n, despu\u00e9s de m\u00e1s\nde dos a\u00f1os de un juicio laboral, a ra\u00edz de un estallamiento a huelga, en junio\nde 2017, por violaci\u00f3n con Contrato Colectivo de Trabajo (CC).<\/p>\n\n\n\n<p class=\"wp-block-paragraph\">Calder\u00f3n G\u00f3mez se\u00f1al\u00f3 que el\nretiro de la propuesta es una estrategia de los abogados para desesperar a las\ny los trabajadores, quienes est\u00e1n dispuestos a continuar con sus demandas. Este\nd\u00eda, nuevamente hicieron una manifestaci\u00f3n frente a las instalaciones del\ndiario, con el respaldo de organizaciones sindicales. <\/p>\n\n\n\n<p class=\"wp-block-paragraph\">Lo que sucede en La Jornada\ny en Notimex, con cerca de 150 personas despedidas, no son hechos aislados,\nrecalc\u00f3, por lo que participar\u00e1n en la marcha convocada por la Uni\u00f3n Nacional\nde Trabajadores (UNT) para el 31 de enero, que partir\u00e1 del \u00c1ngel de la Independencia\nal Z\u00f3calo, donde plantear\u00e1n sus demandas. <\/p>\n\n\n\n<p class=\"wp-block-paragraph\">SEM\/glg<\/p>\n","protected":false},"excerpt":{"rendered":"<p>Estrategia para desesperar a las y los afectados: Calder\u00f3n G\u00f3mez<\/p>\n","protected":false},"author":3,"featured_media":15907,"comment_status":"open","ping_status":"open","sticky":false,"template":"","format":"standard","meta":{"_monsterinsights_skip_tracking":false,"footnotes":""},"categories":[691,55],"tags":[],"class_list":["post-15906","post","type-post","status-publish","format-standard","has-post-thumbnail","category-691","category-periodistas"],"_links":{"self":[{"href":"https:\/\/redsemlac.com\/semmexico\/wp-json\/wp\/v2\/posts\/15906","targetHints":{"allow":["GET"]}}],"collection":[{"href":"https:\/\/redsemlac.com\/semmexico\/wp-json\/wp\/v2\/posts"}],"about":[{"href":"https:\/\/redsemlac.com\/semmexico\/wp-json\/wp\/v2\/types\/post"}],"author":[{"embeddable":true,"href":"https:\/\/redsemlac.com\/semmexico\/wp-json\/wp\/v2\/users\/3"}],"replies":[{"embeddable":true,"href":"https:\/\/redsemlac.com\/semmexico\/wp-json\/wp\/v2\/comments?post=15906"}],"version-history":[{"count":0,"href":"https:\/\/redsemlac.com\/semmexico\/wp-json\/wp\/v2\/posts\/15906\/revisions"}],"wp:featuredmedia":[{"embeddable":true,"href":"https:\/\/redsemlac.com\/semmexico\/wp-json\/wp\/v2\/media\/15907"}],"wp:attachment":[{"href":"https:\/\/redsemlac.com\/semmexico\/wp-json\/wp\/v2\/media?parent=15906"}],"wp:term":[{"taxonomy":"category","embeddable":true,"href":"https:\/\/redsemlac.com\/semmexico\/wp-json\/wp\/v2\/categories?post=15906"},{"taxonomy":"post_tag","embeddable":true,"href":"https:\/\/redsemlac.com\/semmexico\/wp-json\/wp\/v2\/tags?post=15906"}],"curies":[{"name":"wp","href":"https:\/\/api.w.org\/{rel}","templated":true}]}}