{"id":15901,"date":"2020-01-22T21:42:41","date_gmt":"2020-01-22T21:42:41","guid":{"rendered":"https:\/\/redsemlac.com\/semmexico\/?p=15901"},"modified":"2023-07-21T15:18:50","modified_gmt":"2023-07-21T20:18:50","slug":"en-michoacan-se-atendio-a-9-mil-mujeres-en-prevencion-de-la-violencia","status":"publish","type":"post","link":"https:\/\/redsemlac.com\/semmexico\/en-michoacan-se-atendio-a-9-mil-mujeres-en-prevencion-de-la-violencia\/","title":{"rendered":"En Michoac\u00e1n se atendi\u00f3 a 9 mil mujeres en prevenci\u00f3n de la violencia"},"content":{"rendered":"\n<ul class=\"wp-block-list\"><li><strong>Participa&nbsp; Seimujer en reuni\u00f3n nacional de Inmujeres<\/strong><\/li><li><strong>&nbsp;7 mil servidores y servidoras p\u00fablicas\ncapacitadas y 5 mil adolescentes<\/strong><\/li><\/ul>\n\n\n\n<p class=\"wp-block-paragraph\"><strong>Redacci\u00f3n<\/strong><\/p>\n\n\n\n<p class=\"wp-block-paragraph\">SemM\u00e9xico. Ciudad de M\u00e9xico. 22 de enero 2020.- Durante la\nprimera reuni\u00f3n nacional de las Instancias de las Mujeres en las Entidades\nFederativas (IMEF), organizado por el Instituto Nacional de las Mujeres\n(INMUJERES), se inform\u00f3 que en Michoac\u00e1n se atendieron a 9 mil mujeres en\nprevenci\u00f3n de la violencia de g\u00e9nero.<\/p>\n\n\n\n<p class=\"wp-block-paragraph\">El informe a cargo de Nuria Gabriela Hern\u00e1ndez Abarca\nsecretaria de Igualdad Sustantiva y Desarrollo de las Mujeres (Seimujer),\ndestac\u00f3 la importancia de la construcci\u00f3n de pol\u00edticas p\u00fablicas para lograr la\nigualdad sustantiva que logre avances para las michoacanas.<\/p>\n\n\n\n<p class=\"wp-block-paragraph\">En la reuni\u00f3n de la IMEF, encabezada por la presienta de\nInmujeres, Nadine Gasman, la funcionaria michoacana destac\u00f3 que en Michoac\u00e1n se\nha dado prioridad a las tareas para conseguir la igualdad, y la no violencia contra\nlas mujeres; el embarazo infantil y los cambios en los medios de comunicaci\u00f3n\npara coadyuvar en la transformaci\u00f3n de la vida para las mujeres y las ni\u00f1as. <\/p>\n\n\n\n<figure class=\"wp-block-image\"><img decoding=\"async\" src=\"https:\/\/redsemlac.com\/semmexico\/wp-content\/uploads\/2020\/01\/nota-michoacan-1-1024x659.jpg\" alt=\"\" class=\"wp-image-15899\"\/><\/figure>\n\n\n\n<p class=\"wp-block-paragraph\">As\u00ed se han multiplicado las acciones de prevenci\u00f3n y\natenci\u00f3n de la violencia, modificado protocolos y reforzado acciones para\ndisminuir la impunidad, con capacitaci\u00f3n y seguimiento de los trabajos del\nfuncionariado estatal,&nbsp; donde participan\ntodos los niveles de gobierno.<\/p>\n\n\n\n<p class=\"wp-block-paragraph\">Expuso tambi\u00e9n que derivado de los recursos del Programa de\nFortalecimiento a la Transversalidad de la Perspectiva de G\u00e9nero,&nbsp; se logr\u00f3 capacitar a 7 mil servidoras y\nservidores p\u00fablicos, mientras con el recurso del programa del Programa de\nPROEQUIDAD, se atendieron a m\u00e1s 5 mil j\u00f3venes, as\u00ed como ni\u00f1as y ni\u00f1os de 3 a 6\nseis a\u00f1os, para prevenir el embarazo temprano.<\/p>\n\n\n\n<p class=\"wp-block-paragraph\">En la reuni\u00f3n donde participaron las representantes de las\n32 entidades federativas. Aunque est\u00e1 pendiente el detalle del Programa\nNacional de Igualdad, que se conocer\u00e1 este enero.<\/p>\n\n\n\n<p class=\"wp-block-paragraph\">SEM\/SL\/<\/p>\n","protected":false},"excerpt":{"rendered":"<p>Participa  Seimujer en reuni\u00f3n nacional de Inmujeres<\/p>\n","protected":false},"author":3,"featured_media":15900,"comment_status":"open","ping_status":"open","sticky":false,"template":"","format":"standard","meta":{"_monsterinsights_skip_tracking":false,"footnotes":""},"categories":[691,51],"tags":[],"class_list":["post-15901","post","type-post","status-publish","format-standard","has-post-thumbnail","category-691","category-ejecutivo"],"_links":{"self":[{"href":"https:\/\/redsemlac.com\/semmexico\/wp-json\/wp\/v2\/posts\/15901","targetHints":{"allow":["GET"]}}],"collection":[{"href":"https:\/\/redsemlac.com\/semmexico\/wp-json\/wp\/v2\/posts"}],"about":[{"href":"https:\/\/redsemlac.com\/semmexico\/wp-json\/wp\/v2\/types\/post"}],"author":[{"embeddable":true,"href":"https:\/\/redsemlac.com\/semmexico\/wp-json\/wp\/v2\/users\/3"}],"replies":[{"embeddable":true,"href":"https:\/\/redsemlac.com\/semmexico\/wp-json\/wp\/v2\/comments?post=15901"}],"version-history":[{"count":0,"href":"https:\/\/redsemlac.com\/semmexico\/wp-json\/wp\/v2\/posts\/15901\/revisions"}],"wp:featuredmedia":[{"embeddable":true,"href":"https:\/\/redsemlac.com\/semmexico\/wp-json\/wp\/v2\/media\/15900"}],"wp:attachment":[{"href":"https:\/\/redsemlac.com\/semmexico\/wp-json\/wp\/v2\/media?parent=15901"}],"wp:term":[{"taxonomy":"category","embeddable":true,"href":"https:\/\/redsemlac.com\/semmexico\/wp-json\/wp\/v2\/categories?post=15901"},{"taxonomy":"post_tag","embeddable":true,"href":"https:\/\/redsemlac.com\/semmexico\/wp-json\/wp\/v2\/tags?post=15901"}],"curies":[{"name":"wp","href":"https:\/\/api.w.org\/{rel}","templated":true}]}}