{"id":15896,"date":"2020-01-22T21:40:03","date_gmt":"2020-01-22T21:40:03","guid":{"rendered":"https:\/\/redsemlac.com\/semmexico\/?p=15896"},"modified":"2023-07-21T15:18:50","modified_gmt":"2023-07-21T20:18:50","slug":"xiv-conferencia-regional-sobre-la-mujer-de-america-latina-y-el-caribe-se-realizara-del-27-al-31-de-enero-en-chile","status":"publish","type":"post","link":"https:\/\/redsemlac.com\/semmexico\/xiv-conferencia-regional-sobre-la-mujer-de-america-latina-y-el-caribe-se-realizara-del-27-al-31-de-enero-en-chile\/","title":{"rendered":"XIV Conferencia Regional sobre la Mujer de Am\u00e9rica Latina y el Caribe se realizar\u00e1 del 27 al 31 de enero en Chile"},"content":{"rendered":"\n<ul class=\"wp-block-list\"><li><strong>La autonom\u00eda de las mujeres en escenarios econ\u00f3micos cambiantes ser\u00e1 el tema principal del encuentro organizado por la CEPAL con apoyo de ONU Mujeres.<\/strong><\/li><\/ul>\n\n\n\n<p class=\"wp-block-paragraph\"><strong>Redacci\u00f3n\u00a0<\/strong><\/p>\n\n\n\n<p class=\"wp-block-paragraph\">SemM\u00e9xico. Chile. 22 de enero de 20290.- Las Vicepresidentas de Colombia, Marta Luc\u00eda Ram\u00edrez, y de Costa Rica, Epsy Campbell, y el Vicepresidente de El Salvador, F\u00e9lix Ulloa, junto a una veintena de ministras de la Mujer y altas autoridades de los mecanismos para el adelanto de las mujeres, adem\u00e1s de representantes de otras carteras, se dar\u00e1n cita del 27 al 31 de enero en la sede de la CEPAL en Santiago, Chile, para participar en la&nbsp;<a href=\"https:\/\/conferenciamujer.cepal.org\/14\/es\" target=\"_blank\" rel=\"noreferrer noopener\">XIV Conferencia Regional sobre la Mujer de Am\u00e9rica Latina y el Caribe<\/a>, el principal foro intergubernamental sobre los derechos de las mujeres y la igualdad de g\u00e9nero en la regi\u00f3n.<\/p>\n\n\n\n<p class=\"wp-block-paragraph\">En encuentro, organizado por la Comisi\u00f3n Econ\u00f3mica para Am\u00e9rica Latina y el Caribe (CEPAL) con apoyo de la Entidad de las Naciones Unidas para la Igualdad de G\u00e9nero y el Empoderamiento de las Mujeres (ONU Mujeres), tendr\u00e1 como tema principal la autonom\u00eda de las mujeres en escenarios econ\u00f3micos cambiantes.<\/p>\n\n\n\n<p class=\"wp-block-paragraph\">La inauguraci\u00f3n se llevar\u00e1 a cabo el martes 28 de enero, a las 14:30 horas, con la intervenci\u00f3n de Isabel Pl\u00e1, Ministra de la Mujer y la Equidad de G\u00e9nero de Chile; Alicia B\u00e1rcena, Secretaria Ejecutiva de la CEPAL; Carolina Valdivia, Subsecretaria de Relaciones Exteriores de Chile; Mariella Mazzotti, Directora del Instituto Nacional de las Mujeres (INMUJERES) de Uruguay; \u00c5sa Regn\u00e9r, Directora Ejecutiva Adjunta de ONU-Mujeres, y Silvia Rucks, Coordinadora Residente del sistema de las Naciones Unidas en Chile.<\/p>\n\n\n\n<p class=\"wp-block-paragraph\">Se espera, adem\u00e1s,&nbsp;la asistencia de representantes de organizaciones de la sociedad civil, del sector acad\u00e9mico, de organismos intergubernamentales y del sistema de las Naciones Unidas, entre otras personalidades.<\/p>\n\n\n\n<p class=\"wp-block-paragraph\">La&nbsp;<a href=\"https:\/\/www.cepal.org\/es\/organos-subsidiarios\/conferencia-regional-la-mujer-america-latina-caribe\" target=\"_blank\" rel=\"noreferrer noopener\">Conferencia Regional sobre la Mujer de Am\u00e9rica Latina y el Caribe<\/a>&nbsp;es un \u00f3rgano subsidiario de la CEPAL, convocado regularmente desde 1977 para identificar la situaci\u00f3n regional y subregional respecto de la autonom\u00eda y los derechos de las mujeres, presentar recomendaciones en materia de pol\u00edticas p\u00fablicas de igualdad de g\u00e9nero y realizar evaluaciones peri\u00f3dicas de las actividades llevadas a cabo en cumplimiento de los acuerdos regionales e internacionales. Sus \u00faltimas ediciones se realizaron en Montevideo (2016), Santo Domingo (2013), Brasilia (2010) y Quito (2007).<\/p>\n\n\n\n<p class=\"wp-block-paragraph\">En la cita en Santiago, Alicia B\u00e1rcena presentar\u00e1 el documento de posici\u00f3n&nbsp;<em><strong>La autonom\u00eda de las mujeres en escenarios econ\u00f3micos cambiantes<\/strong><\/em>, el cual nutrir\u00e1 los debates de las delegaciones.<\/p>\n\n\n\n<p class=\"wp-block-paragraph\">El&nbsp;<a href=\"https:\/\/conferenciamujer.cepal.org\/14\/es\/programme\/all\" target=\"_blank\" rel=\"noreferrer noopener\">programa<\/a>&nbsp;de la Conferencia contempla seis paneles, una sesi\u00f3n especial, una mesa redonda&nbsp;y m\u00e1s de&nbsp;<a href=\"https:\/\/conferenciamujer.cepal.org\/14\/es\/Eventos-paralelos\" target=\"_blank\" rel=\"noreferrer noopener\">30 eventos paralelos<\/a>.<\/p>\n\n\n\n<p class=\"wp-block-paragraph\">Se destacan el panel de alto nivel sobre&nbsp;la&nbsp;<a href=\"https:\/\/www.cepal.org\/es\/publicaciones\/41011-estrategia-montevideo-la-implementacion-la-agenda-regional-genero-marco\" target=\"_blank\" rel=\"noreferrer noopener\">Estrategia de Montevideo para la Implementaci\u00f3n de la Agenda Regional de G\u00e9nero en el Marco del Desarrollo Sostenible hacia 2030<\/a>, adoptada en 2016, durante la XIII Conferencia Regional; la sesi\u00f3n especial sobre el vigesimoquinto aniversario de la Declaraci\u00f3n y Plataforma de Acci\u00f3n de Beijing (Beijing+25); y la mesa redonda sobre los desaf\u00edos de las pol\u00edticas integrales para la igualdad de g\u00e9nero.<\/p>\n\n\n\n<p class=\"wp-block-paragraph\">Tambi\u00e9n habr\u00e1 paneles tem\u00e1ticos sobre globalizaci\u00f3n e igualdad de g\u00e9nero, revoluci\u00f3n digital, econom\u00eda del cuidado y cambio clim\u00e1tico. Finalmente se realizar\u00e1 una sesi\u00f3n plenaria para la consideraci\u00f3n y aprobaci\u00f3n de los acuerdos de la Conferencia.<\/p>\n\n\n\n<p class=\"wp-block-paragraph\">SEM\/GR<\/p>\n","protected":false},"excerpt":{"rendered":"<p>La autonom\u00eda de las mujeres en escenarios econ\u00f3micos cambiantes ser\u00e1 el tema principal del encuentro organizado por la CEPAL con apoyo de ONU Mujeres.<\/p>\n","protected":false},"author":3,"featured_media":15897,"comment_status":"open","ping_status":"open","sticky":false,"template":"","format":"standard","meta":{"_monsterinsights_skip_tracking":false,"footnotes":""},"categories":[691,53],"tags":[],"class_list":["post-15896","post","type-post","status-publish","format-standard","has-post-thumbnail","category-691","category-internacional"],"_links":{"self":[{"href":"https:\/\/redsemlac.com\/semmexico\/wp-json\/wp\/v2\/posts\/15896","targetHints":{"allow":["GET"]}}],"collection":[{"href":"https:\/\/redsemlac.com\/semmexico\/wp-json\/wp\/v2\/posts"}],"about":[{"href":"https:\/\/redsemlac.com\/semmexico\/wp-json\/wp\/v2\/types\/post"}],"author":[{"embeddable":true,"href":"https:\/\/redsemlac.com\/semmexico\/wp-json\/wp\/v2\/users\/3"}],"replies":[{"embeddable":true,"href":"https:\/\/redsemlac.com\/semmexico\/wp-json\/wp\/v2\/comments?post=15896"}],"version-history":[{"count":0,"href":"https:\/\/redsemlac.com\/semmexico\/wp-json\/wp\/v2\/posts\/15896\/revisions"}],"wp:featuredmedia":[{"embeddable":true,"href":"https:\/\/redsemlac.com\/semmexico\/wp-json\/wp\/v2\/media\/15897"}],"wp:attachment":[{"href":"https:\/\/redsemlac.com\/semmexico\/wp-json\/wp\/v2\/media?parent=15896"}],"wp:term":[{"taxonomy":"category","embeddable":true,"href":"https:\/\/redsemlac.com\/semmexico\/wp-json\/wp\/v2\/categories?post=15896"},{"taxonomy":"post_tag","embeddable":true,"href":"https:\/\/redsemlac.com\/semmexico\/wp-json\/wp\/v2\/tags?post=15896"}],"curies":[{"name":"wp","href":"https:\/\/api.w.org\/{rel}","templated":true}]}}