{"id":15893,"date":"2020-01-22T21:36:18","date_gmt":"2020-01-22T21:36:18","guid":{"rendered":"https:\/\/redsemlac.com\/semmexico\/?p=15893"},"modified":"2023-07-21T15:18:50","modified_gmt":"2023-07-21T20:18:50","slug":"unfpa-lanza-junto-con-aliados-campana-combatir-embarazo-en-adolescentes","status":"publish","type":"post","link":"https:\/\/redsemlac.com\/semmexico\/unfpa-lanza-junto-con-aliados-campana-combatir-embarazo-en-adolescentes\/","title":{"rendered":"UNFPA lanza junto con aliados campa\u00f1a combatir embarazo en adolescentes"},"content":{"rendered":"\n<p class=\"wp-block-paragraph\"><strong> Redacci\u00f3n <\/strong><\/p>\n\n\n\n<p class=\"wp-block-paragraph\">SemM\u00e9xico. Cd. de M\u00e9xico. 22 de enero de 2020.- Esta ma\u00f1ana lanzaron la campa\u00f1a \u201cInf\u00f3rmate y decide. G\u00e1nale a las ganas\u201d que cuenta con una telenovela producida por Televisa, una plataforma digital y acciones de informaci\u00f3n comunitaria en varios estados de la rep\u00fablica.<\/p>\n\n\n\n<p class=\"wp-block-paragraph\"><strong>\u201cCuando una ni\u00f1a se embaraza significa que hemos fallido como sociedad\u201d<\/strong><\/p>\n\n\n\n<p class=\"wp-block-paragraph\">En M\u00e9xico se registran casi 400,000 nacimientos al a\u00f1o en adolescentes, es decir, m\u00e1s de 1,000 nacimientos al d\u00eda. De ellos, 30 ocurren en ni\u00f1as menores de 15 a\u00f1os. &nbsp;\u201cAs\u00ed que, si es preocupante la alta tasa de embarazo en adolescentes en M\u00e9xico\u201d, dijo Arie Hoekman, Representante del Fondo de Poblaci\u00f3n de las Naciones Unidas (UNFPA) en M\u00e9xico, durante la conferencia de prensa de lanzamiento de la campa\u00f1a.<\/p>\n\n\n\n<p class=\"wp-block-paragraph\">\u201cComo sabemos, estos embarazos se relacionan con violencia de g\u00e9nero y abuso sexual\u201d, asever\u00f3 Hoekman. \u201cCuando una ni\u00f1a o una adolescente se embaraza significa que hemos fallido como sociedad a garantizar sus derechos humanos: su derecho a la informaci\u00f3n, a recibir servicios de salud\u201d.<\/p>\n\n\n\n<p class=\"wp-block-paragraph\"><strong>Ser parte de la soluci\u00f3n<\/strong><\/p>\n\n\n\n<p class=\"wp-block-paragraph\">\u201cPara ser parte de la soluci\u00f3n, el Fondo de poblaci\u00f3n de la ONU, en alianza con otras asociaciones, estamos impulsando la campa\u00f1a Inf\u00f3rmate y decide. G\u00e1nale a las ganas<strong>,&nbsp;<\/strong>orientada a favorecer que las y los adolescentes y j\u00f3venes tomen sus propias decisiones de manera libre, responsable e informada\u201d<strong>,&nbsp;<\/strong>expres\u00f3 el representante de UNFPA.<\/p>\n\n\n\n<p class=\"wp-block-paragraph\">La campa\u00f1a \u201cInf\u00f3rmate y decide. G\u00e1nale a las ganas<strong>\u201d<\/strong>&nbsp;tiene como objetivo crear conciencia entre los padres y madres de familia, en personas del c\u00edrculo cercano a las y los adolescentes para acercarse y crear un v\u00ednculo de comunicaci\u00f3n entre ellos, para que hablen de la prevenci\u00f3n del embarazo oportunamente, impulsarles a que contin\u00faen sus estudios y brindarles apoyo para que puedan posponer el tener un embarazo hasta la edad adulta, resaltando la importancia de informarse y hablar sin prejuicios.<\/p>\n\n\n\n<p class=\"wp-block-paragraph\">Se contar\u00e1 con instrumentos para brindar informaci\u00f3n y dar respuesta a adolescentes, j\u00f3venes y padres de familia:&nbsp;<strong>OrientaSEX&nbsp;<\/strong>es una l\u00ednea telef\u00f3nica sin costo y confidencial 01 800 00 77 200 y&nbsp;&nbsp;<a href=\"http:\/\/www.miradajoven.org\/\" target=\"_blank\" rel=\"noreferrer noopener\">www.miradajoven.org<\/a>&nbsp;que es una plataforma para acceder a informaci\u00f3n y orientaci\u00f3n.<\/p>\n\n\n\n<p class=\"wp-block-paragraph\">La Telenovela \u201cVencer el miedo\u201d, que se estren\u00f3 el lunes pasado, forma parte tambi\u00e9n de la campa\u00f1a.<\/p>\n\n\n\n<p class=\"wp-block-paragraph\">La plataforma multicanal&nbsp;<strong><a href=\"http:\/\/www.miradajoven.org\/\" target=\"_blank\" rel=\"noreferrer noopener\">www.miradajoven.org<\/a><\/strong>&nbsp;busca construir un canal de comunicaci\u00f3n pensado por j\u00f3venes y para j\u00f3venes con el objetivo de ofrecer informaci\u00f3n clara, cient\u00edfica y oportuna adem\u00e1s de mejorar el acceso a los servicios de salud adecuados para sus edades.<\/p>\n\n\n\n<p class=\"wp-block-paragraph\">Es un proyecto en fase piloto que cuenta con el aporte t\u00e9cnico, supervisi\u00f3n y apoyo de diferentes organismos nacionales, estatales, internacionales y del sector privado: Fondo de Poblaci\u00f3n de las Naciones Unidas (UNFPA), Fundaci\u00f3n Televisa, Fundaci\u00f3n Mexicana para la Planeaci\u00f3n Familiar (Mexfam), Population Media Center (PMC), Fundaci\u00f3n Unidos por un M\u00e9xico Vivo, Radio Netherlands, World Wide y 1doc3, entre otros actores.<\/p>\n\n\n\n<p class=\"wp-block-paragraph\">SEM\/gr <\/p>\n","protected":false},"excerpt":{"rendered":"<p>En M\u00e9xico se registran casi 400,000 nacimientos al a\u00f1o en adolescentes, es decir, m\u00e1s de 1,000 nacimientos al d\u00eda. <\/p>\n","protected":false},"author":3,"featured_media":15894,"comment_status":"open","ping_status":"open","sticky":false,"template":"","format":"standard","meta":{"_monsterinsights_skip_tracking":false,"footnotes":""},"categories":[691,54],"tags":[],"class_list":["post-15893","post","type-post","status-publish","format-standard","has-post-thumbnail","category-691","category-mujeres"],"_links":{"self":[{"href":"https:\/\/redsemlac.com\/semmexico\/wp-json\/wp\/v2\/posts\/15893","targetHints":{"allow":["GET"]}}],"collection":[{"href":"https:\/\/redsemlac.com\/semmexico\/wp-json\/wp\/v2\/posts"}],"about":[{"href":"https:\/\/redsemlac.com\/semmexico\/wp-json\/wp\/v2\/types\/post"}],"author":[{"embeddable":true,"href":"https:\/\/redsemlac.com\/semmexico\/wp-json\/wp\/v2\/users\/3"}],"replies":[{"embeddable":true,"href":"https:\/\/redsemlac.com\/semmexico\/wp-json\/wp\/v2\/comments?post=15893"}],"version-history":[{"count":0,"href":"https:\/\/redsemlac.com\/semmexico\/wp-json\/wp\/v2\/posts\/15893\/revisions"}],"wp:featuredmedia":[{"embeddable":true,"href":"https:\/\/redsemlac.com\/semmexico\/wp-json\/wp\/v2\/media\/15894"}],"wp:attachment":[{"href":"https:\/\/redsemlac.com\/semmexico\/wp-json\/wp\/v2\/media?parent=15893"}],"wp:term":[{"taxonomy":"category","embeddable":true,"href":"https:\/\/redsemlac.com\/semmexico\/wp-json\/wp\/v2\/categories?post=15893"},{"taxonomy":"post_tag","embeddable":true,"href":"https:\/\/redsemlac.com\/semmexico\/wp-json\/wp\/v2\/tags?post=15893"}],"curies":[{"name":"wp","href":"https:\/\/api.w.org\/{rel}","templated":true}]}}