{"id":15884,"date":"2020-01-22T21:07:38","date_gmt":"2020-01-22T21:07:38","guid":{"rendered":"https:\/\/redsemlac.com\/semmexico\/?p=15884"},"modified":"2023-07-21T15:18:50","modified_gmt":"2023-07-21T20:18:50","slug":"veracruz-33","status":"publish","type":"post","link":"https:\/\/redsemlac.com\/semmexico\/veracruz-33\/","title":{"rendered":"Atentan contra periodista en Coatzacoalcos, Veracruz"},"content":{"rendered":"\n<ul class=\"wp-block-list\"><li><strong>Roc\u00edan con \u00e1cido su veh\u00edculo.<\/strong><\/li><\/ul>\n\n\n\n<p class=\"wp-block-paragraph\"><strong>Redacci\u00f3n<\/strong><\/p>\n\n\n\n<p class=\"wp-block-paragraph\">SemM\u00e9xico\/Billie Parker Noticias. Coatzacoalcos, Veracruz. &nbsp;22 de enero 2020.- En un claro atentado contra\nla libertad de expresi\u00f3n, el periodista Rafael Le\u00f3n Segovia, report\u00f3 que\nsujetos rociaron \u00e1cido a la carrocer\u00eda de la unidad en la que se desplaza, esta\nmadrugada de mi\u00e9rcoles.<\/p>\n\n\n\n<p class=\"wp-block-paragraph\">Los agresores en motocicleta rociaron un \u00e1cido que la\ncarrocer\u00eda de la unidad, misma que emplea como medio de transporte, para\nrealizar la labor informativa.<\/p>\n\n\n\n<p class=\"wp-block-paragraph\">Reporta que durante la cobertura de una noticia ocurrida\ncerca de la colonia L\u00f3pez Mateos, cuando los hampones que viajaban en\nmotocicleta, se le emparejan a la unidad Kia Soul color roja, para rociarle el\n\u00e1cido desconocido que transportaban en una botella, roci\u00e1ndolo a las puertas y\na la tapa del motor, luego de perpetrar su il\u00edcito, huyeron con rumbo\ndesconocido.<\/p>\n\n\n\n<p class=\"wp-block-paragraph\">Fue esta ma\u00f1ana, que el periodista se percat\u00f3 del hecho y de\nforma afortunadamente, un vecino que cuenta con una c\u00e1mara de video vigilancia,\nfacilit\u00f3 el material audiovisual, donde hoy se les puede conocer a estos\nrufianes.<\/p>\n\n\n\n<p class=\"wp-block-paragraph\">Le\u00f3n Segovia, quien es corresponsal de los portales Vive\nCoatza y Noticias con Lafita Le\u00f3n, dio a conocer que emprender\u00e1 una denuncia\npenal, en contra de quien o quienes resulten responsables, ante la Fiscal\u00eda\nveracruzana, y ante la Comisi\u00f3n Estatal de Atenci\u00f3n y Protecci\u00f3n a los\nPeriodistas (CEAPP), para el debido esclarecimiento del crimen.<\/p>\n\n\n\n<p class=\"wp-block-paragraph\">SEM\/BPN<\/p>\n","protected":false},"excerpt":{"rendered":"<p>Roc\u00edan con \u00e1cido su veh\u00edculo.<\/p>\n","protected":false},"author":3,"featured_media":15885,"comment_status":"open","ping_status":"open","sticky":false,"template":"","format":"standard","meta":{"_monsterinsights_skip_tracking":false,"footnotes":""},"categories":[691,55],"tags":[],"class_list":["post-15884","post","type-post","status-publish","format-standard","has-post-thumbnail","category-691","category-periodistas"],"_links":{"self":[{"href":"https:\/\/redsemlac.com\/semmexico\/wp-json\/wp\/v2\/posts\/15884","targetHints":{"allow":["GET"]}}],"collection":[{"href":"https:\/\/redsemlac.com\/semmexico\/wp-json\/wp\/v2\/posts"}],"about":[{"href":"https:\/\/redsemlac.com\/semmexico\/wp-json\/wp\/v2\/types\/post"}],"author":[{"embeddable":true,"href":"https:\/\/redsemlac.com\/semmexico\/wp-json\/wp\/v2\/users\/3"}],"replies":[{"embeddable":true,"href":"https:\/\/redsemlac.com\/semmexico\/wp-json\/wp\/v2\/comments?post=15884"}],"version-history":[{"count":0,"href":"https:\/\/redsemlac.com\/semmexico\/wp-json\/wp\/v2\/posts\/15884\/revisions"}],"wp:featuredmedia":[{"embeddable":true,"href":"https:\/\/redsemlac.com\/semmexico\/wp-json\/wp\/v2\/media\/15885"}],"wp:attachment":[{"href":"https:\/\/redsemlac.com\/semmexico\/wp-json\/wp\/v2\/media?parent=15884"}],"wp:term":[{"taxonomy":"category","embeddable":true,"href":"https:\/\/redsemlac.com\/semmexico\/wp-json\/wp\/v2\/categories?post=15884"},{"taxonomy":"post_tag","embeddable":true,"href":"https:\/\/redsemlac.com\/semmexico\/wp-json\/wp\/v2\/tags?post=15884"}],"curies":[{"name":"wp","href":"https:\/\/api.w.org\/{rel}","templated":true}]}}