{"id":15879,"date":"2020-01-22T20:54:31","date_gmt":"2020-01-22T20:54:31","guid":{"rendered":"https:\/\/redsemlac.com\/semmexico\/?p=15879"},"modified":"2023-07-21T15:18:51","modified_gmt":"2023-07-21T20:18:51","slug":"opinion-301","status":"publish","type":"post","link":"https:\/\/redsemlac.com\/semmexico\/opinion-301\/","title":{"rendered":"Mirada Violeta"},"content":{"rendered":"\n<h2 class=\"wp-block-heading\">Violencia feminicida<\/h2>\n\n\n\n<p class=\"wp-block-paragraph\"><strong>&nbsp;Guadalupe Ramos\nPonce<\/strong><\/p>\n\n\n\n<p class=\"wp-block-paragraph\">SemM\u00e9xico. 22 de enero 2020.- Mientras que el gobernador del\nestado solicita permiso oficial para portar armas, la violencia feminicida en\nJalisco ya tiene permiso de portaci\u00f3n. Es la impunidad quien le ha dado permiso\nde portaci\u00f3n a todos los feminicidas para que puedan asesinar mujeres en el\nEstado. En lo que va del a\u00f1o 2020, 14 mujeres han sido asesinadas, 12 en la\nzona metropolitana de Guadalajara y dos m\u00e1s en la regi\u00f3n ci\u00e9nega (una en\nOcotl\u00e1n y otra en Zapotl\u00e1n del Rey).<\/p>\n\n\n\n<p class=\"wp-block-paragraph\">De acuerdo a cifras propias y de CLADEM, el a\u00f1o 2019 fue el\na\u00f1o m\u00e1s violento para las mujeres en Jalisco donde m\u00e1s de 250 mujeres fueron\nasesinadas en el Estado, incremento que rebasa todas las estad\u00edsticas de los\n\u00faltimos 30 a\u00f1os.<\/p>\n\n\n\n<p class=\"wp-block-paragraph\">De acuerdo a las investigaciones que he realizado desde 1997\na la fecha documentando todos los casos de mujeres asesinadas en la Entidad, la\nviolencia feminicida ha crecido exponencialmente, ya que de 1997 al a\u00f1o 2005,\nel promedio de mujeres asesinadas por a\u00f1o en el Estado era de 3. A partir el\na\u00f1o 2006 el incremento es exponencial de tal manera que se duplica al pasar a\nun promedio de 78 mujeres asesinadas por a\u00f1o hasta 2010. <\/p>\n\n\n\n<p class=\"wp-block-paragraph\">El inicio de esa d\u00e9cada marc\u00f3 tambi\u00e9n el incremento de\nmujeres asesinadas por a\u00f1o de tal manera que cada a\u00f1o rebasaba el centenar de\nmujeres. Por tal motivo, fue necesario que se activara la Alerta de violencia\ncontra las mujeres desde el a\u00f1o 2016 y desde 2018 Jalisco cuenta tambi\u00e9n con la\nactivaci\u00f3n de la Alerta de violencia de G\u00e9nero a nivel federal. Sin embargo, a\npesar de las alertas y las movilizaciones de las activistas en el estado que\nse\u00f1alan la gravedad del problema de violencia de g\u00e9nero en el Estado, no\nexisten pol\u00edticas p\u00fablicas de prevenci\u00f3n y erradicaci\u00f3n de esas violencias\nfeminicidas, lo que ha permitido un incremento de las mismas ante la mirada\nindolente de las propias autoridades.<\/p>\n\n\n\n<p class=\"wp-block-paragraph\">En el&nbsp;Informe sobre Localizaci\u00f3n de Fosas Clandestinas\ny Desapariciones en M\u00e9xico&nbsp;presentado por la Secretar\u00eda de Gobernaci\u00f3n\n&nbsp;se reconoce que en M\u00e9xico existen&nbsp;61,637 personas desaparecidas;&nbsp;Jalisco\nse ubic\u00f3 como el estado con mayor&nbsp;n\u00famero de personas desaparecidas en el\npa\u00eds durante 2019 con 2,100 desapariciones. Por lo que respecta a las mujeres,\nel Estado encabeza la lista con mayor n\u00famero de mujeres desaparecidas con 275\ncasos, as\u00ed como el territorio donde desaparecieron m\u00e1s ni\u00f1as y ni\u00f1os en el pa\u00eds\ncon 212 registros.<\/p>\n\n\n\n<p class=\"wp-block-paragraph\">&nbsp;De acuerdo a la\ninformaci\u00f3n dada a conocer por Alejandro Encinas,&nbsp;Subsecretario de\nDerechos Humanos, Poblaci\u00f3n y Migraci\u00f3n de la Secretar\u00eda de Gobernaci\u00f3n,\nen&nbsp;Jalisco se han cometido el 15 por ciento de todas las desapariciones en\nel pa\u00eds; Jalisco en 2019 se ubica como el estado con mayor n\u00famero de\ndesapariciones en el pa\u00eds. <\/p>\n\n\n\n<p class=\"wp-block-paragraph\">El Sistema de Informaci\u00f3n sobre V\u00edctimas de Desaparici\u00f3n\n(Sisovid) reporta que en algunos meses, el promedio de desapariciones en\nJalisco es de ocho personas por d\u00eda. Las estad\u00edsticas indican que mil 49\nmujeres se encuentran desaparecidas en el Estado. La violencia feminicida ha\nencontrado en Jalisco un lugar propicio para desarrollarse bajo el manto protector\nde la impunidad, la indolencia de las autoridades y un gobernador tratando de\nconseguir armas de fuego preocupado solo por su seguridad personal. <\/p>\n\n\n\n<p class=\"wp-block-paragraph\"><a href=\"mailto:lupitaramosponce@gmail.com\">lupitaramosponce@gmail.com<\/a>\n<\/p>\n\n\n\n<p class=\"wp-block-paragraph\">@lupitaramosp<\/p>\n","protected":false},"excerpt":{"rendered":"<p>Violencia feminicida<\/p>\n","protected":false},"author":3,"featured_media":8967,"comment_status":"open","ping_status":"open","sticky":false,"template":"","format":"standard","meta":{"_monsterinsights_skip_tracking":false,"footnotes":""},"categories":[691,110,91],"tags":[],"class_list":["post-15879","post","type-post","status-publish","format-standard","has-post-thumbnail","category-691","category-la-opinion-columnas","category-lupita-ramos-ponce"],"_links":{"self":[{"href":"https:\/\/redsemlac.com\/semmexico\/wp-json\/wp\/v2\/posts\/15879","targetHints":{"allow":["GET"]}}],"collection":[{"href":"https:\/\/redsemlac.com\/semmexico\/wp-json\/wp\/v2\/posts"}],"about":[{"href":"https:\/\/redsemlac.com\/semmexico\/wp-json\/wp\/v2\/types\/post"}],"author":[{"embeddable":true,"href":"https:\/\/redsemlac.com\/semmexico\/wp-json\/wp\/v2\/users\/3"}],"replies":[{"embeddable":true,"href":"https:\/\/redsemlac.com\/semmexico\/wp-json\/wp\/v2\/comments?post=15879"}],"version-history":[{"count":0,"href":"https:\/\/redsemlac.com\/semmexico\/wp-json\/wp\/v2\/posts\/15879\/revisions"}],"wp:featuredmedia":[{"embeddable":true,"href":"https:\/\/redsemlac.com\/semmexico\/wp-json\/wp\/v2\/media\/8967"}],"wp:attachment":[{"href":"https:\/\/redsemlac.com\/semmexico\/wp-json\/wp\/v2\/media?parent=15879"}],"wp:term":[{"taxonomy":"category","embeddable":true,"href":"https:\/\/redsemlac.com\/semmexico\/wp-json\/wp\/v2\/categories?post=15879"},{"taxonomy":"post_tag","embeddable":true,"href":"https:\/\/redsemlac.com\/semmexico\/wp-json\/wp\/v2\/tags?post=15879"}],"curies":[{"name":"wp","href":"https:\/\/api.w.org\/{rel}","templated":true}]}}