{"id":15876,"date":"2020-01-22T20:49:15","date_gmt":"2020-01-22T20:49:15","guid":{"rendered":"https:\/\/redsemlac.com\/semmexico\/?p=15876"},"modified":"2023-07-21T15:18:51","modified_gmt":"2023-07-21T20:18:51","slug":"oxfam-el-trabajo-en-el-hogar-equivale-a-1-7-billones-de-pesos-y-no-se-paga","status":"publish","type":"post","link":"https:\/\/redsemlac.com\/semmexico\/oxfam-el-trabajo-en-el-hogar-equivale-a-1-7-billones-de-pesos-y-no-se-paga\/","title":{"rendered":"OXFAM: El trabajo en el hogar equivale a 1.7 billones de pesos y no se paga"},"content":{"rendered":"\n<ul class=\"wp-block-list\"><li> <strong>La organizaci\u00f3n advirti\u00f3 que este tipo de actividades recae sobre mujeres y ni\u00f1as, lo que aumenta la brecha de g\u00e9nero. OXFAM recomend\u00f3 establecer un Sistema Nacional de Cuidados. <\/strong><\/li><\/ul>\n\n\n\n<p class=\"wp-block-paragraph\"> <strong>Ariadna Ortega<\/strong><\/p>\n\n\n\n<p class=\"wp-block-paragraph\">SemM\u00e9xico\/Expansi\u00f3n Pol\u00edtica. Ciudad de M\u00e9xico. 22 de enero 2020.- En M\u00e9xico, el trabajo de cuidados no remunerado (lavar, planchar, cocinar, as\u00ed como el cuidado de menores, adultos mayores y personas con discapacidad) equivale al menos a 1.7 billones de pesos, de acuerdo con el informe\u00a0<em>Tiempo para el cuidado: el trabajo de cuidados y la crisis global de desigualdad<\/em>.<\/p>\n\n\n\n<p class=\"wp-block-paragraph\">El documento, presentado en el Foro Econ\u00f3mico Mundial de Davos, en Suiza, se\u00f1ala que hay alrededor de 12,500 millones de horas diarias de este tipo de trabajo realizado por mujeres.<\/p>\n\n\n\n<p class=\"wp-block-paragraph\">Expertos de la organizaci\u00f3n OXFAM coincidieron en que esto incrementa la desigualdad y las brechas de g\u00e9nero, pues los hombres dedican en promedio cuatro horas menos que las mujeres a estas actividades.<\/p>\n\n\n\n<p class=\"wp-block-paragraph\">\u201cLa desigualdad en las labores de cuidados crea un ciclo vicioso de desigualdad econ\u00f3mica y de g\u00e9nero, que impide a las mujeres acceder a servicios de educaci\u00f3n y salud, empleo digno y suficiente, participaci\u00f3n pol\u00edtica, contextos libres de violencia y, en general, medios y bienes que les permitan construir y disfrutar de vidas plenas y satisfactorias\u201d, plantearon.<\/p>\n\n\n\n<p class=\"wp-block-paragraph\">\u201cA partir de la experiencia del cuidado de las mujeres y las ni\u00f1as en todo el mundo, las brechas de g\u00e9nero y las brechas econ\u00f3micas que persisten se est\u00e1n retroalimentando la una a la otra, es com\u00fan pensar que las mujeres que cuidan son mujeres que no trabajan o no est\u00e1n haciendo nada, y lo que estamos intentando evidenciar es que este trabajo es una actividad productiva\u201d, dijo Roc\u00edo Stevens, directora de Movilidad y l\u00edder global de Investigaci\u00f3n de OXFAM.<\/p>\n\n\n\n<p class=\"wp-block-paragraph\">Los expertos se\u00f1alaron que se necesita un sistema econ\u00f3mico m\u00e1s justo, que reconozca el trabajo de cuidados no remunerado y mal remunerado. Tambi\u00e9n se requiere reducir el n\u00famero total de horas que las mujeres dedican a las labores de cuidados no remuneradas; \u200bredistribuir el trabajo de cuidados de forma m\u00e1s equitativa dentro de las familias y, al mismo tiempo, trasladar labores al Estado y al sector privado, y representar a las proveedoras de cuidados m\u00e1s excluidas, garantizando que se tengan en cuenta sus puntos de vista en el dise\u00f1o y la ejecuci\u00f3n de las pol\u00edticas, sistemas y servicios que afectan a sus vidas.<\/p>\n\n\n\n<p class=\"wp-block-paragraph\">OXFAM enfatiz\u00f3 que se deben garantizar salarios, jornadas, tratos dignos y justos. \u201cSe estima que hay 67 millones de trabajadores del hogar en el mundo, de los cuales 80% son mujeres, y tan solo el 10% est\u00e1n protegidas por la legislaci\u00f3n laboral general en la misma medida que el resto de los trabajadores\u201d, expone el documento.<\/p>\n\n\n\n<p class=\"wp-block-paragraph\">En M\u00e9xico, detalla el informe, existen aproximadamente 2.4 millones de personas trabajadoras dom\u00e9sticas, de las cuales 98% no tiene contrato y su ingreso promedio mensual es de 1,550 pesos, lo que no es suficiente para cubrir sus necesidades alimentarias b\u00e1sicas.<\/p>\n\n\n\n<h2 class=\"wp-block-heading\">Las recomendaciones de OXFAM a M\u00e9xico<\/h2>\n\n\n\n<p class=\"wp-block-paragraph\"><strong>1.<\/strong>&nbsp;Invertir en un Sistema Nacional de Cuidados, fondeado con impuestos progresivos a la riqueza, que permita reducir la desproporcionada responsabilidad de trabajo de cuidados que recae sobre mujeres y ni\u00f1as, lo que podr\u00eda avanzar progresivamente a un modelo universal, desligado del estatus laboral y financiado por impuestos generales para garantizar que toda la poblaci\u00f3n tenga licencia de maternidad pagada por 90 d\u00edas como m\u00ednimo; ampliar la licencia de paternidad al tiempo equivalente a la de maternidad; garantizar que todas las personas con hijos tengan acceso a una estancia infantil; aumentar la cobertura y calidad de los servicios de cuidados para personas con discapacidad; extender y mejorar la calidad de los servicios de cuidados para adultos mayores.<\/p>\n\n\n\n<p class=\"wp-block-paragraph\"><strong>2.<\/strong>&nbsp;Aumentar los impuestos progresivos y crear nuevos impuestos a la riqueza extrema para financiar servicios que reduzcan la desigualdad y pobreza. Para OXFAM, es fundamental aumentar impuestos progresivos como el ISR, reducir la evaci\u00f3n fiscal, disminuir subsidios regresivos y, particularmente, gravar la extrema riqueza para invertir en servicios p\u00fablicos gratuitos y universales que disminuyan los enormes niveles de desigualdad y pobreza. OXFAM plantea que \u201cun impuesto del 0.5% a la riqueza del 1% de las personas de mayores ingresos en M\u00e9xico podr\u00eda aumentar siete veces el presupuesto de guarder\u00edas del IMSS (12,500 millones de pesos)\u201d.<\/p>\n\n\n\n<p class=\"wp-block-paragraph\"><strong>3.<\/strong>&nbsp;Reconocer en la Constituci\u00f3n el derecho al cuidado como un derecho universal garantizado por el Estado. Actualmente, solo la Constituci\u00f3n de la Ciudad de M\u00e9xico reconoce expl\u00edcitamente el derecho al cuidado.<\/p>\n\n\n\n<p class=\"wp-block-paragraph\"><strong>4.<\/strong>\u00a0Hacer los cambios legislativos e implementar las pol\u00edticas pertinentes para el cumplimiento del Convenio 189 de la OIT. A finales de 2019, M\u00e9xico ratific\u00f3 el Convenio 189 de la OIT sobre la protecci\u00f3n de quienes trabajan en el hogar, pero debe esto ir acompa\u00f1ado de cambios legislativos y pol\u00edticas p\u00fablicas para que los compromisos se conviertan en realidades.<\/p>\n\n\n\n<p class=\"wp-block-paragraph\"> SEM\/Expansi\u00f3n Pol\u00edtica <\/p>\n","protected":false},"excerpt":{"rendered":"<p>La organizaci\u00f3n advirti\u00f3 que este tipo de actividades recae sobre mujeres y ni\u00f1as, lo que aumenta la brecha de g\u00e9nero. OXFAM recomend\u00f3 establecer un Sistema Nacional de Cuidados. <\/p>\n","protected":false},"author":3,"featured_media":15877,"comment_status":"open","ping_status":"open","sticky":false,"template":"","format":"standard","meta":{"_monsterinsights_skip_tracking":false,"footnotes":""},"categories":[691,56],"tags":[],"class_list":["post-15876","post","type-post","status-publish","format-standard","has-post-thumbnail","category-691","category-redes"],"_links":{"self":[{"href":"https:\/\/redsemlac.com\/semmexico\/wp-json\/wp\/v2\/posts\/15876","targetHints":{"allow":["GET"]}}],"collection":[{"href":"https:\/\/redsemlac.com\/semmexico\/wp-json\/wp\/v2\/posts"}],"about":[{"href":"https:\/\/redsemlac.com\/semmexico\/wp-json\/wp\/v2\/types\/post"}],"author":[{"embeddable":true,"href":"https:\/\/redsemlac.com\/semmexico\/wp-json\/wp\/v2\/users\/3"}],"replies":[{"embeddable":true,"href":"https:\/\/redsemlac.com\/semmexico\/wp-json\/wp\/v2\/comments?post=15876"}],"version-history":[{"count":0,"href":"https:\/\/redsemlac.com\/semmexico\/wp-json\/wp\/v2\/posts\/15876\/revisions"}],"wp:featuredmedia":[{"embeddable":true,"href":"https:\/\/redsemlac.com\/semmexico\/wp-json\/wp\/v2\/media\/15877"}],"wp:attachment":[{"href":"https:\/\/redsemlac.com\/semmexico\/wp-json\/wp\/v2\/media?parent=15876"}],"wp:term":[{"taxonomy":"category","embeddable":true,"href":"https:\/\/redsemlac.com\/semmexico\/wp-json\/wp\/v2\/categories?post=15876"},{"taxonomy":"post_tag","embeddable":true,"href":"https:\/\/redsemlac.com\/semmexico\/wp-json\/wp\/v2\/tags?post=15876"}],"curies":[{"name":"wp","href":"https:\/\/api.w.org\/{rel}","templated":true}]}}