{"id":15868,"date":"2020-01-22T18:41:28","date_gmt":"2020-01-22T18:41:28","guid":{"rendered":"https:\/\/redsemlac.com\/semmexico\/?p=15868"},"modified":"2023-07-21T15:18:51","modified_gmt":"2023-07-21T20:18:51","slug":"exigen-acciones-para-castigar-el-asesinato-de-activista-isabel-cabanillas","status":"publish","type":"post","link":"https:\/\/redsemlac.com\/semmexico\/exigen-acciones-para-castigar-el-asesinato-de-activista-isabel-cabanillas\/","title":{"rendered":"Exigen acciones para castigar el asesinato de activista Isabel Cabanillas"},"content":{"rendered":"\n<p class=\"wp-block-paragraph\"><strong>Redacci\u00f3n<\/strong><\/p>\n\n\n\n<p class=\"wp-block-paragraph\">\n\nSemM\u00e9xico. Cd. de M\u00e9xico. 22 de enero de 2020.-El colectivo Ni Una Menos M\u00e9xico condena el asesinato de la activista&nbsp; ISABEL CABANILLAS y exige a las autoridades acciones para evitar que este hecho quede impune.<\/p>\n\n\n\n<p class=\"wp-block-paragraph\">En un comunicado se\u00f1alan que la justicia para las v\u00edctimas de feminicidio y sus familias es sumamente escasa y deficiente debido a m\u00faltiples problemas relacionados, la mayor\u00eda de ellos, con instituciones del Estado encargadas de prevenir, investigar y sancionar este delito.<\/p>\n\n\n\n<p class=\"wp-block-paragraph\">Las irregularidades, omisiones y continuas violaciones a los derechos por parte de estas instancias policiales son innumerables y continuamente documentadas y denunciadas por la sociedad.<\/p>\n\n\n\n<p class=\"wp-block-paragraph\">\u201cDesde NI UNA MENOS M\u00c9XICO denunciamos p\u00fablicamente que est\u00e1s irregularidades tambi\u00e9n suceden desde otro tipo de instancias, las cuales deber\u00eda de apoyar las acciones de atenci\u00f3n al grav\u00edsimo problema del feminicidio\u201c.<\/p>\n\n\n\n<p class=\"wp-block-paragraph\">Como parte del trabajo de NI UNA MENOS M\u00c9XICO, alzan la voz por el feminicidio de ISABEL CABANILLAS, activistas y artista de Ciudad Ju\u00e1rez, Chihuahua, hermana, compa\u00f1era, combatiente contra los feminicidios y defensoras de los derechos de la mujer, condenan esta acci\u00f3n llevada a cabo el d\u00eda 18 de enero de 2020.<\/p>\n\n\n\n<p class=\"wp-block-paragraph\">\u201cConsideramos este tipo de eventos de extrema gravedad y preocupaci\u00f3n m\u00e1xima en un pa\u00eds como el nuestro en donde la crisis de derechos humanos ha trastocado violentamente la vida de muchas mujeres. Por lo anterior conminamos a todas las autoridades del Estado de Chihuahua y M\u00e9xico en general a reforzar sus obligaciones con el fin de garantizar a las mujeres mexicanas su derecho a una vida libre de violencia, as\u00ed como el ejercicio de todos sus derechos fundamentales, del mismo modo exigimos el cese a las agresiones cometidas a TODAS las COLECTIVAS, exhortando a las autoridades para que realicen mediciones de impacto que demuestren la efectividad de los programas de sensibilizaci\u00f3n en temas de violencia contra las mujeres dirigidos a la poblaci\u00f3n en general\u201d.<\/p>\n\n\n\n<p class=\"wp-block-paragraph\">Se\u00f1alan que las obligaciones estatales, requieren un cumplimiento cabal por parte de estas autoridades, no atenderlas manda un mensaje de permisibilidad sobre las agresiones contra las mujeres, lo cual no puede ser tolerado por ninguna autoridad ni mucho menos por miembros de COLECTIVAS.<\/p>\n\n\n\n<p class=\"wp-block-paragraph\">Familiares de v\u00edctimas de feminicidio, desaparici\u00f3n forzada, v\u00edctimas de diferentes violencias machistas, instituciones y colectivas feministas exigen el esclarecimiento de los feminicidios de nuestras compa\u00f1eras y sanciones pertinentes y no negociables para los asesinos. <\/p>\n\n\n\n<p class=\"wp-block-paragraph\">SEM\/GR<\/p>\n","protected":false},"excerpt":{"rendered":"<p>El colectivo Ni Una Menos M\u00e9xico condena el asesinato de la activista  ISABEL CABANILLAS y exige a las autoridades acciones para evitar que este hecho quede impune.<\/p>\n","protected":false},"author":3,"featured_media":15869,"comment_status":"open","ping_status":"open","sticky":false,"template":"","format":"standard","meta":{"_monsterinsights_skip_tracking":false,"footnotes":""},"categories":[691,54],"tags":[],"class_list":["post-15868","post","type-post","status-publish","format-standard","has-post-thumbnail","category-691","category-mujeres"],"_links":{"self":[{"href":"https:\/\/redsemlac.com\/semmexico\/wp-json\/wp\/v2\/posts\/15868","targetHints":{"allow":["GET"]}}],"collection":[{"href":"https:\/\/redsemlac.com\/semmexico\/wp-json\/wp\/v2\/posts"}],"about":[{"href":"https:\/\/redsemlac.com\/semmexico\/wp-json\/wp\/v2\/types\/post"}],"author":[{"embeddable":true,"href":"https:\/\/redsemlac.com\/semmexico\/wp-json\/wp\/v2\/users\/3"}],"replies":[{"embeddable":true,"href":"https:\/\/redsemlac.com\/semmexico\/wp-json\/wp\/v2\/comments?post=15868"}],"version-history":[{"count":0,"href":"https:\/\/redsemlac.com\/semmexico\/wp-json\/wp\/v2\/posts\/15868\/revisions"}],"wp:featuredmedia":[{"embeddable":true,"href":"https:\/\/redsemlac.com\/semmexico\/wp-json\/wp\/v2\/media\/15869"}],"wp:attachment":[{"href":"https:\/\/redsemlac.com\/semmexico\/wp-json\/wp\/v2\/media?parent=15868"}],"wp:term":[{"taxonomy":"category","embeddable":true,"href":"https:\/\/redsemlac.com\/semmexico\/wp-json\/wp\/v2\/categories?post=15868"},{"taxonomy":"post_tag","embeddable":true,"href":"https:\/\/redsemlac.com\/semmexico\/wp-json\/wp\/v2\/tags?post=15868"}],"curies":[{"name":"wp","href":"https:\/\/api.w.org\/{rel}","templated":true}]}}