{"id":15865,"date":"2020-01-22T18:34:44","date_gmt":"2020-01-22T18:34:44","guid":{"rendered":"https:\/\/redsemlac.com\/semmexico\/?p=15865"},"modified":"2023-07-21T15:18:51","modified_gmt":"2023-07-21T20:18:51","slug":"aumentar-al-doble-condenas-por-delitos-sexuales-cometidos-por-ministros-de-culto-ricardo-monreal-avila","status":"publish","type":"post","link":"https:\/\/redsemlac.com\/semmexico\/aumentar-al-doble-condenas-por-delitos-sexuales-cometidos-por-ministros-de-culto-ricardo-monreal-avila\/","title":{"rendered":"Aumentar al doble condenas por delitos sexuales cometidos por ministros de culto: Ricardo Monreal \u00c1vila"},"content":{"rendered":"\n<ul class=\"wp-block-list\"><li>&nbsp;<strong>Argumenta en iniciativa que en&nbsp;M\u00e9xico&nbsp;hay 101 sacerdotes en proceso.<\/strong><\/li><\/ul>\n\n\n\n<ul class=\"wp-block-list\"><li>&nbsp;<strong>Los abusos sexuales no deben prescribir para evitar la impunidad.<\/strong><\/li><\/ul>\n\n\n\n<ul class=\"wp-block-list\"><li>&nbsp;<strong>Hay mil querellas en tres pa\u00edses de Am\u00e9rica Latina, es un esc\u00e1ndalo.<\/strong><\/li><\/ul>\n\n\n\n<p class=\"wp-block-paragraph\"><strong>Por Redacci\u00f3n&nbsp;<\/strong><\/p>\n\n\n\n<p class=\"wp-block-paragraph\">SemM\u00e9xico. Cd. de M\u00e9xico. 22 de enero de 2020.- Ante el escandaloso incremento de impunidad por delitos sexuales cometidos por ministros de culto en el mundo,&nbsp;donde M\u00e9xico no es la excepci\u00f3n, el coordinador de Morena en el Senado&nbsp;de la Rep\u00fablica, Ricardo Monreal&nbsp;\u00c1vila, propuso hoy una iniciativa para&nbsp;establecer la imprescriptibilidad&nbsp;del delito&nbsp;e incrementar al doble las penas a religiosos que cometan lenocinio y corrupci\u00f3n contra menores.<\/p>\n\n\n\n<p class=\"wp-block-paragraph\">La iniciativa se present\u00f3 esta ma\u00f1ana&nbsp;ante el Pleno de la Comisi\u00f3n Permanente, es una reforma al&nbsp;C\u00f3digo Penal Federal.&nbsp;El senador zacatecano lament\u00f3 que nuestro pa\u00eds siga siendo v\u00edctima de estos hechos y sostuvo que se debe garantizar la protecci\u00f3n de las v\u00edctimas.<\/p>\n\n\n\n<p class=\"wp-block-paragraph\">Argument\u00f3 que&nbsp;\u201ctal como lo ha sostenido la propia Conferencia del Episcopado Mexicano (CEM), es necesario robustecer la legislaci\u00f3n penal al respecto para garantizar una verdadera protecci\u00f3n a las v\u00edctimas de estos reprochables actos\u201d.<\/p>\n\n\n\n<p class=\"wp-block-paragraph\">En&nbsp;el&nbsp;texto&nbsp;de la iniciativa se\u00f1al\u00f3&nbsp;que a las cuantiosas v\u00edctimas alrededor del mundo por el delito se suman las cifras dadas a conocer en d\u00edas pasados, por el secretario de la CEM, Alfonso Miranda Guardiola, en las que se indica que al menos 101 sacerdotes han sido sometidos a procesos por haber cometido delitos sexuales.<\/p>\n\n\n\n<p class=\"wp-block-paragraph\">Por otro lado, la ONG Child Rights International Network revel\u00f3&nbsp;en&nbsp;un informe que a pesar de que Am\u00e9rica Latina tiene el mayor n\u00famero de fieles cat\u00f3licos, est\u00e1n registradas casi mil querellas o denuncias por abusos sexuales, sobre todo en Argentina, M\u00e9xico, Chile y Colombia, en contra de miembros de la iglesia cat\u00f3lica.<\/p>\n\n\n\n<p class=\"wp-block-paragraph\">Esta realidad, reiter\u00f3 Monreal&nbsp;\u00c1vila&nbsp;es escandalosa&nbsp;y dijo&nbsp;que debe considerarse que al ser ministros de culto los comenten estos delitos&nbsp;aprovechando la existencia de ello la&nbsp;relaci\u00f3n cercana y de confianza&nbsp;delas v\u00edctimas,&nbsp;eso, consider\u00f3 \u201cdebe constituirse&nbsp;como&nbsp;un agravante a la hora de ejercer la acci\u00f3n penal en su contra\u201d.&nbsp;<\/p>\n\n\n\n<p class=\"wp-block-paragraph\">Es tiempo de romper con la impunidad que por a\u00f1os ha revestido los miles de casos que hoy siguen en el silencio y de fortalecer la legislaci\u00f3n penal para proteger el libre desarrollo de la personalidad y el libre desarrollo psicosexual, especialmente de la ni\u00f1ez y la adolescencia mexicanas,\u00a0detalla la\u00a0propuesta\u00a0del tambi\u00e9n presidente de la Junta de Coordinaci\u00f3n Pol\u00edtica\u00a0del Senado de la Rep\u00fablica.<\/p>\n\n\n\n<p class=\"wp-block-paragraph\"><\/p>\n\n\n","protected":false},"excerpt":{"rendered":"<p>Hay mil querellas en tres pa\u00edses de Am\u00e9rica Latina, es un esc\u00e1ndalo.<\/p>\n","protected":false},"author":3,"featured_media":15866,"comment_status":"open","ping_status":"open","sticky":false,"template":"","format":"standard","meta":{"_monsterinsights_skip_tracking":false,"footnotes":""},"categories":[691,50],"tags":[],"class_list":["post-15865","post","type-post","status-publish","format-standard","has-post-thumbnail","category-691","category-congreso"],"_links":{"self":[{"href":"https:\/\/redsemlac.com\/semmexico\/wp-json\/wp\/v2\/posts\/15865","targetHints":{"allow":["GET"]}}],"collection":[{"href":"https:\/\/redsemlac.com\/semmexico\/wp-json\/wp\/v2\/posts"}],"about":[{"href":"https:\/\/redsemlac.com\/semmexico\/wp-json\/wp\/v2\/types\/post"}],"author":[{"embeddable":true,"href":"https:\/\/redsemlac.com\/semmexico\/wp-json\/wp\/v2\/users\/3"}],"replies":[{"embeddable":true,"href":"https:\/\/redsemlac.com\/semmexico\/wp-json\/wp\/v2\/comments?post=15865"}],"version-history":[{"count":0,"href":"https:\/\/redsemlac.com\/semmexico\/wp-json\/wp\/v2\/posts\/15865\/revisions"}],"wp:featuredmedia":[{"embeddable":true,"href":"https:\/\/redsemlac.com\/semmexico\/wp-json\/wp\/v2\/media\/15866"}],"wp:attachment":[{"href":"https:\/\/redsemlac.com\/semmexico\/wp-json\/wp\/v2\/media?parent=15865"}],"wp:term":[{"taxonomy":"category","embeddable":true,"href":"https:\/\/redsemlac.com\/semmexico\/wp-json\/wp\/v2\/categories?post=15865"},{"taxonomy":"post_tag","embeddable":true,"href":"https:\/\/redsemlac.com\/semmexico\/wp-json\/wp\/v2\/tags?post=15865"}],"curies":[{"name":"wp","href":"https:\/\/api.w.org\/{rel}","templated":true}]}}