{"id":15859,"date":"2020-01-22T16:48:04","date_gmt":"2020-01-22T16:48:04","guid":{"rendered":"https:\/\/redsemlac.com\/semmexico\/?p=15859"},"modified":"2023-07-21T15:18:51","modified_gmt":"2023-07-21T20:18:51","slug":"reinstalan-a-nueve-trabajadores-en-la-jornada-y-despiden-a-cuatro-mas-en-notimex","status":"publish","type":"post","link":"https:\/\/redsemlac.com\/semmexico\/reinstalan-a-nueve-trabajadores-en-la-jornada-y-despiden-a-cuatro-mas-en-notimex\/","title":{"rendered":"Reinstalan a nueve trabajadores en La Jornada y despiden a cuatro m\u00e1s en Notimex"},"content":{"rendered":"\n<p class=\"wp-block-paragraph\">\u2022    <strong>\u201cJuicio vergonzoso\u201d de dos a\u00f1os en la Jornada: Judith Calder\u00f3n. Contin\u00faan nueve demandas m\u00e1s<br> \u2022    Rotas, las negociaciones con Notimex, ante emplazamiento a huelga: Adriana Urrea<br> <\/strong><\/p>\n\n\n\n<p class=\"wp-block-paragraph\"><strong>Redacci\u00f3n<\/strong><br> SemM\u00e9xico, Ciudad de M\u00e9xico, 22 de enero de 2020.- La reinstalaci\u00f3n de nueve trabajadoras\/es despedidas\/os injustificadamente de La Jornada representa un logro importante, ante un contexto en el que el gobierno federal, supuestamente de izquierda, viola derechos laborales y constitucionales, por el gran n\u00famero de despidos que se han dado en el pa\u00eds, en especial en medios de comunicaci\u00f3n, indic\u00f3 la reportera Elizabeth Velasco, en un mitin en las instalaciones del peri\u00f3dico, efectuado este martes.<br> Presente en la protesta, Adriana Urrea, secretaria general del Sindicato \u00danico de Trabajadores de Notimex (Sutnotimex), celebr\u00f3 la reincorporaci\u00f3n de las y los trabajadores a su fuente laboral, lo que se da en un momento complicado para los medios de comunicaci\u00f3n. \u201cEs parte de un sistema que quiere achicar a los medios, manejar una l\u00ednea discursiva contraria a las circunstancias que estamos viviendo y que son violatorias de la ley\u201d.<br> <\/p>\n\n\n\n<p class=\"wp-block-paragraph\">\u201cLos periodistas siempre hemos estado expuestos a diferentes riesgos y lo triste es que eso se d\u00e9 en nuestra propia casa\u201d, se\u00f1al\u00f3 al momento de informar de cuatro despidos m\u00e1s de Notimex (dos mujeres y dos hombres) este mismo martes, con los que llegan a m\u00e1s de 200 trabajadores y directivos despedida\/os y liquidadas\/os de la agencia, de los cuales, casi 150 son sindicalizados.<br> <\/p>\n\n\n\n<p class=\"wp-block-paragraph\">La exsecretaria general del Sindicato de trabajadores de La Jornada (Sitrajor), Judith Calder\u00f3n G\u00f3mez, dijo que los despidos tanto de La Jornada como de Notimex representan un golpeteo contra los trabajadores de los medios de comunicaci\u00f3n. El del peri\u00f3dico \u201cHa sido un juicio vergonzoso de m\u00e1s de dos a\u00f1os, en donde muchos hemos dado la lucha, entre ellos mi hijo que ten\u00eda 21 a\u00f1os\u201d, en ese entonces, destac\u00f3.<br><\/p>\n\n\n\n<p class=\"wp-block-paragraph\"> Sandra de F\u00e1tima Blanco Ar\u00e9valo, del \u00e1rea de tipograf\u00eda, quien tiene programada su reinstalaci\u00f3n para este d\u00eda, entre otros tres compa\u00f1eros, coment\u00f3 que para la empresa Demos \u201csomos una piedra en el zapato\u201d. Nos califican de \u201crevoltosos\u201d, cuando lo \u00fanico que ped\u00edamos era lo justo. Con 37 a\u00f1os de antig\u00fcedad, Sandra fue una de las fundadoras de La Jornada; tiempo en el que, asegur\u00f3, nunca hubo represalias contra las y los trabajadores. Siempre se llegaban a acuerdos con la empresa en la revisi\u00f3n del Contrato Colectivo de Trabajo (CCT), pero ahora se perdi\u00f3 el compa\u00f1erismo y se trabaja con temor, apunt\u00f3.<br> <\/p>\n\n\n\n<p class=\"wp-block-paragraph\">Velasco, quien tambi\u00e9n fue separada de su puesto como reportera, detall\u00f3 que las reinstalaciones en La Jornada se dan a dos a\u00f1os y medio de que la empresa Demos hab\u00eda violentado sus derechos; entre ellos, el tener un empleo digno. Mencion\u00f3 que un peri\u00f3dico, supuestamente progresista, \u201cde golpe y porrazo\u201d hab\u00eda eliminado todos los derechos de los trabajadores, dejando de reconocer un CCT que ten\u00eda tres d\u00e9cadas y que se hab\u00eda construido en una lucha conjunta entre directivos y trabajadores de La Jornada, motivo por el cual estall\u00f3 una huelga, en junio de 2017. <br> <\/p>\n\n\n\n<p class=\"wp-block-paragraph\">Velasco ten\u00eda 22 a\u00f1os de antig\u00fcedad al momento de su destituci\u00f3n, en noviembre de 2018. Fue secretaria general del Sitrajor en el periodo 2002-2004, cuando se reconoci\u00f3 el CCT y se dio por primera vez la toma de nota del sindicato. Ella considera que la t\u00e1ctica de despidos en el peri\u00f3dico, dirigido por Carmen Lira, es diferente a la de Notimex, bajo la direcci\u00f3n de Sanjuana Mart\u00ednez, pues en el primer caso, lo hicieron \u201cpor racimos\u201d. Empezaron en julio de 2017 y continuaron en 2018 y 2019. <br><\/p>\n\n\n\n<p class=\"wp-block-paragraph\"> Relat\u00f3 que a otras\/os trabajadores se les ofreci\u00f3 su liquidaci\u00f3n, pero menor a la que por ley les correspond\u00eda, como sucedi\u00f3 en Notimex. Hab\u00edan aceptado la oferta de la empresa de que les pagar\u00edan una parte y posteriormente otra, con la condici\u00f3n de firmar ante las autoridades laborales de que hab\u00edan llegado a un acuerdo. Sin embargo, refiri\u00f3, la empresa no cumpli\u00f3, significando \u201cun abuso de confianza\u201d y una violaci\u00f3n fragante a la constituci\u00f3n mexicana, la Ley Federal del Trabajo y al CCT. <br> <\/p>\n\n\n\n<p class=\"wp-block-paragraph\">Calder\u00f3n, junto con el secretario de organizaci\u00f3n del Sitrajor, Leonardo Mondrag\u00f3n, fueron despedidos en agosto de 2017, adem\u00e1s de que la empresa los denunci\u00f3 penalmente, junto con Alejandro Caballero, hijo de la l\u00edder sindical, por supuesta privaci\u00f3n ilegal de la libertad de trabajadores y directivos de Demos, el d\u00eda del estallamiento de la huelga. Alejandro fue exculpado en enero de 2018, pero falta la \u00faltima etapa de ese proceso penal, a pesar de que el juez determin\u00f3 que nunca se demostr\u00f3 el supuesto delito, indic\u00f3 Calder\u00f3n.<br> <\/p>\n\n\n\n<p class=\"wp-block-paragraph\">Precis\u00f3 que son 18 las y los trabajadores despedidos, de los cuales la empresa acept\u00f3 la reinstalaci\u00f3n de nueve. El martes se ten\u00eda que reinstalar un trabajador; sin embargo, la Junta Federal de Conciliaci\u00f3n y Arbitraje (JFCyA) no sesion\u00f3, debido a que fue cerrada por el Sindicato Mexicano de Electricistas. Hoy est\u00e1 programada la reinstalaci\u00f3n de cuatro personas. Las demandas de Velasco, Calder\u00f3n, Mondrag\u00f3n, de la reportera Miriam Posada, presente en el mitin, y de otros cinco m\u00e1s contin\u00faan con el proceso legal.<br> <\/p>\n\n\n\n<p class=\"wp-block-paragraph\">La exdirigente sindical, tambi\u00e9n fundadora de La Jornada, puntualiz\u00f3 que ya se cumplieron 55 meses de que La Jornada no aplica el CCT, pese a que las autoridades laborales les han mandatado hacerlo. La plantilla de trabajadores se ha reducido en unas 60 plazas, sin recibir diversas prestaciones como seguro de vida y m\u00e1s d\u00edas de aguinaldo y de vacaciones, entre otras que se lograron en los primeros 32 a\u00f1os de vida del Sitrajor. <br> <\/p>\n\n\n\n<p class=\"wp-block-paragraph\"><strong>Sin soluci\u00f3n, conflicto laboral en Notimex<\/strong><br> Adriana Urrea indic\u00f3 que, con los cuatro trabajadores despedidos este martes de Notimex, uno con cerca de 20 a\u00f1os de antig\u00fcedad, lejos de resolver el conflicto laboral, Sanjuana Mart\u00ednez est\u00e1 aumentando la problem\u00e1tica y est\u00e1 rompiendo el di\u00e1logo, adem\u00e1s de que la empresa estatal solo se present\u00f3 a una mesa de trabajo, pero desestim\u00f3 las dem\u00e1s, por lo que se preparan para estallar la huelga en el primer minuto del pr\u00f3ximo 30 de enero.<br> <\/p>\n\n\n\n<p class=\"wp-block-paragraph\">Adriana fue despedida en octubre de 2019, poco despu\u00e9s de haber sido electa para dirigir al Sutnotimex, el cual es desconocido por Mart\u00ednez, quien \u2013a su vez- promovi\u00f3 la creaci\u00f3n de un sindicato \u201cblanco\u201d. A trav\u00e9s de la presi\u00f3n y amenazas de despido, la funcionaria est\u00e1 obligando a las y los trabajadores a afiliarse a ese gremio. No obstante, Urrea asegura que sigue teniendo el apoyo de las y los trabajadores.<br> <\/p>\n\n\n\n<p class=\"wp-block-paragraph\">La l\u00ednea de Mart\u00ednez no tiene nada que ver con la pol\u00edtica de austeridad del gobierno federal, puesto que la funcionaria ha contratado a 122 trabajadores m\u00e1s en diversos puestos y ha otorgado contratos millonarios de manera directa a sus amigos. Lo que busca, dijo, es disminuir los derechos sindicales y eliminar el CCT. <br> Judith Calder\u00f3n mencion\u00f3 el caso de los 22 corresponsales extranjeros de Notimex, quienes est\u00e1n \u201cvarados\u201d, puesto que se les dej\u00f3 de pagar. Entre ellos, mencion\u00f3 a Rodolfo Rivera, corresponsal en Venezuela, con 78 a\u00f1os de edad, quien padece Parkinson.<br> <\/p>\n\n\n\n<p class=\"wp-block-paragraph\">La agencia estatal de noticias public\u00f3 ayer en su portal de internet una nota en la que afirma que representantes sindicales no se presentaron a la mesa de di\u00e1logo en la JFCyA, programada para el 21 de enero a las 11 horas. Asimismo, acus\u00f3 a Urrea de emprender \u201cuna campa\u00f1a de mentiras\u201d en contra de ese organismo p\u00fablico. En respuesta, el Sutnotimex pidi\u00f3 a la direcci\u00f3n de Notimex apegarse a la verdad, ya que la parte patronal acudi\u00f3 a la unidad de la JFCyA que fue cerrada por el SME, en la alcald\u00eda de Azcapotzalco, pero la reuni\u00f3n se llevar\u00eda a cabo en la Unidad de Funcionarios Conciliadores, de la Secretar\u00eda de Trabajo y Previsi\u00f3n Social.<br> <\/p>\n\n\n\n<p class=\"wp-block-paragraph\">A la protesta de este martes acudieron integrantes del Sindicato Nacional de Redactores de la Prensa, del Sindicato de Trabajadores de la UNAM, del Sindicato Independientes de Trabajadores del Instituto de Educaci\u00f3n Media Superior de la Ciudad de M\u00e9xico, del Movimiento de Trabajadores Socialistas (MTS) y del Frente Feminista Nacional para expresar su respaldo a los movimientos sindicales de La Jornada y de Notimex. <br> Representantes del MTS reconocieron la lucha de las mujeres sindicalistas en esos movimientos, demandaron un alto a la pol\u00edtica represora del gobierno federal contra trabajadoras\/es de medios y demandaron la inmediata reinstalaci\u00f3n de las y los despedidos.<br> SEM\/glg<\/p>\n","protected":false},"excerpt":{"rendered":"<p> \u201cJuicio vergonzoso\u201d de dos a\u00f1os en la Jornada: Judith Calder\u00f3n. Contin\u00faan nueve demandas m\u00e1s<\/p>\n","protected":false},"author":3,"featured_media":15860,"comment_status":"open","ping_status":"open","sticky":false,"template":"","format":"standard","meta":{"_monsterinsights_skip_tracking":false,"footnotes":""},"categories":[691,55],"tags":[],"class_list":["post-15859","post","type-post","status-publish","format-standard","has-post-thumbnail","category-691","category-periodistas"],"_links":{"self":[{"href":"https:\/\/redsemlac.com\/semmexico\/wp-json\/wp\/v2\/posts\/15859","targetHints":{"allow":["GET"]}}],"collection":[{"href":"https:\/\/redsemlac.com\/semmexico\/wp-json\/wp\/v2\/posts"}],"about":[{"href":"https:\/\/redsemlac.com\/semmexico\/wp-json\/wp\/v2\/types\/post"}],"author":[{"embeddable":true,"href":"https:\/\/redsemlac.com\/semmexico\/wp-json\/wp\/v2\/users\/3"}],"replies":[{"embeddable":true,"href":"https:\/\/redsemlac.com\/semmexico\/wp-json\/wp\/v2\/comments?post=15859"}],"version-history":[{"count":0,"href":"https:\/\/redsemlac.com\/semmexico\/wp-json\/wp\/v2\/posts\/15859\/revisions"}],"wp:featuredmedia":[{"embeddable":true,"href":"https:\/\/redsemlac.com\/semmexico\/wp-json\/wp\/v2\/media\/15860"}],"wp:attachment":[{"href":"https:\/\/redsemlac.com\/semmexico\/wp-json\/wp\/v2\/media?parent=15859"}],"wp:term":[{"taxonomy":"category","embeddable":true,"href":"https:\/\/redsemlac.com\/semmexico\/wp-json\/wp\/v2\/categories?post=15859"},{"taxonomy":"post_tag","embeddable":true,"href":"https:\/\/redsemlac.com\/semmexico\/wp-json\/wp\/v2\/tags?post=15859"}],"curies":[{"name":"wp","href":"https:\/\/api.w.org\/{rel}","templated":true}]}}