{"id":15856,"date":"2020-01-22T01:45:16","date_gmt":"2020-01-22T01:45:16","guid":{"rendered":"https:\/\/redsemlac.com\/semmexico\/?p=15856"},"modified":"2023-07-21T15:18:51","modified_gmt":"2023-07-21T20:18:51","slug":"veracruz-32","status":"publish","type":"post","link":"https:\/\/redsemlac.com\/semmexico\/veracruz-32\/","title":{"rendered":"Cancelan \u201cEncuentro por la Igualdad\u201d en Boca del R\u00edo; no hay condiciones de seguridad"},"content":{"rendered":"\n<ul class=\"wp-block-list\"><li><strong>No hay\ncondiciones de seguridad suficientes para realizar el Encuentro por la Igualdad\nen Boca del R\u00edo: organizadoras.<\/strong><\/li><\/ul>\n\n\n\n<p class=\"wp-block-paragraph\"><strong>Redacci\u00f3n<\/strong><\/p>\n\n\n\n<p class=\"wp-block-paragraph\">SemM\u00e9xico\/Billie Parker Noticias. Xalapa, Veracruz. \u00a021 de enero 2020.- Para no exponer a una situaci\u00f3n que vulnere la seguridad de las personas que acudan a informarse al Encuentro por la Igualdad y la No Discriminaci\u00f3n, Hacia un C\u00f3digo Civil Incluyente que se celebrar\u00eda en el WTC el d\u00eda mi\u00e9rcoles 22 a las 11:00 horas, se pospone hasta nuevo aviso.<\/p>\n\n\n\n<p class=\"wp-block-paragraph\">Luego de que un grupo organizado de personas han estado\nviajando a los distintos puntos en los cuales se han realizado los Encuentros\npara protestar por la Iniciativa de Reforma al C\u00f3digo Civil y que con acciones\nviolentas han buscado impedir la realizaci\u00f3n de los mismos, la Diputada M\u00f3nica\nRobles Barajas consider\u00f3 innecesario exponer a la ciudadan\u00eda a una protesta que\npueda generar una situaci\u00f3n que se salga de control.<\/p>\n\n\n\n<p class=\"wp-block-paragraph\">Reiter\u00f3 que respeta las creencias ideol\u00f3gicas y religiosas\nde todas las personas, as\u00ed como su derecho a expresarse; sin embargo debido a\nque estas manifestaciones inducidas ante la falta de argumentos, han ido\nescalando en violencia y ante las amenazas que de parte de estos grupos se han\nrecibido, estim\u00f3 prudente no realizar por el momento el Encuentro programado a\ncelebrarse en la ciudad de Boca del R\u00edo.<\/p>\n\n\n\n<p class=\"wp-block-paragraph\">La finalidad de estos Encuentros es dar a conocer los\navances que significa esta reforma legal, misma que pretende ser negada por un\ngrupo de personas que anteponen sus creencias a la realidad, pero \u2013 dijo \u2013\nestamos conscientes de que no podemos poner en riesgo la seguridad de a quienes\ns\u00ed les interesa enterarse sobre ello, pues no sabemos c\u00f3mo van a reaccionar\nestos grupos desinformados y agresivos.<\/p>\n","protected":false},"excerpt":{"rendered":"<p>No hay condiciones de seguridad suficientes para realizar el Encuentro por la Igualdad en Boca del R\u00edo: organizadoras.<\/p>\n","protected":false},"author":3,"featured_media":15782,"comment_status":"open","ping_status":"open","sticky":false,"template":"","format":"standard","meta":{"_monsterinsights_skip_tracking":false,"footnotes":""},"categories":[691,54],"tags":[],"class_list":["post-15856","post","type-post","status-publish","format-standard","has-post-thumbnail","category-691","category-mujeres"],"_links":{"self":[{"href":"https:\/\/redsemlac.com\/semmexico\/wp-json\/wp\/v2\/posts\/15856","targetHints":{"allow":["GET"]}}],"collection":[{"href":"https:\/\/redsemlac.com\/semmexico\/wp-json\/wp\/v2\/posts"}],"about":[{"href":"https:\/\/redsemlac.com\/semmexico\/wp-json\/wp\/v2\/types\/post"}],"author":[{"embeddable":true,"href":"https:\/\/redsemlac.com\/semmexico\/wp-json\/wp\/v2\/users\/3"}],"replies":[{"embeddable":true,"href":"https:\/\/redsemlac.com\/semmexico\/wp-json\/wp\/v2\/comments?post=15856"}],"version-history":[{"count":0,"href":"https:\/\/redsemlac.com\/semmexico\/wp-json\/wp\/v2\/posts\/15856\/revisions"}],"wp:featuredmedia":[{"embeddable":true,"href":"https:\/\/redsemlac.com\/semmexico\/wp-json\/wp\/v2\/media\/15782"}],"wp:attachment":[{"href":"https:\/\/redsemlac.com\/semmexico\/wp-json\/wp\/v2\/media?parent=15856"}],"wp:term":[{"taxonomy":"category","embeddable":true,"href":"https:\/\/redsemlac.com\/semmexico\/wp-json\/wp\/v2\/categories?post=15856"},{"taxonomy":"post_tag","embeddable":true,"href":"https:\/\/redsemlac.com\/semmexico\/wp-json\/wp\/v2\/tags?post=15856"}],"curies":[{"name":"wp","href":"https:\/\/api.w.org\/{rel}","templated":true}]}}