{"id":15849,"date":"2020-01-22T01:27:04","date_gmt":"2020-01-22T01:27:04","guid":{"rendered":"https:\/\/redsemlac.com\/semmexico\/?p=15849"},"modified":"2023-07-21T15:18:51","modified_gmt":"2023-07-21T20:18:51","slug":"oaxaca-123","status":"publish","type":"post","link":"https:\/\/redsemlac.com\/semmexico\/oaxaca-123\/","title":{"rendered":"Deja hospital saxofonista lesionada con \u00e1cido"},"content":{"rendered":"\n<ul class=\"wp-block-list\"><li><strong>Continuar\u00e1 su tratamiento de forma ambulatoria.<\/strong><\/li><li><strong> Presunto autor intelectual sigue pr\u00f3fugo.<\/strong><\/li><\/ul>\n\n\n\n<p class=\"wp-block-paragraph\"><strong>Patricia Brise\u00f1o<\/strong><\/p>\n\n\n\n<p class=\"wp-block-paragraph\">SemM\u00e9xico, Oaxaca, 21 de enero 2020.- Mar\u00eda Elena, la joven saxofonista de 26 a\u00f1os, atacada con \u00e1cido en el rostro en septiembre del a\u00f1o pasado, fue dada de alta en la v\u00edspera del Centro&nbsp; Nacional de Investigaci\u00f3n y Atenci\u00f3n a Quemados, en la Ciudad de M\u00e9xico, para dirigirse a su localidad de origen, en Huajuapan de Le\u00f3n, en la regi\u00f3n Mixteca de Oaxaca, donde permanecer\u00e1 hasta su pr\u00f3xima revisi\u00f3n.<\/p>\n\n\n\n<p class=\"wp-block-paragraph\">De acuerdo con la carpeta de investigaci\u00f3n 553\/2019, la ma\u00f1ana del 9 de septiembre del 2019, la v\u00edctima recibi\u00f3 a un sujeto en su casa y negocio, en la ciudad de Huajuapan,&nbsp; quien perpetr\u00f3 el ataque con&nbsp; \u00e1cido.<\/p>\n\n\n\n<p class=\"wp-block-paragraph\">Un d\u00eda despu\u00e9s,&nbsp; ingres\u00f3 al Hospital General \u201cAurelio Valdivieso\u201d donde se abri\u00f3 su expediente de acuerdo con los protocolos y normatividad.&nbsp; En el nosocomio fue valorada por el m\u00e9dico oftalm\u00f3logo que descart\u00f3 da\u00f1o ocular permanente, adem\u00e1s, se indic\u00f3 protocolo quir\u00fargico y tratamiento especifico con analg\u00e9sicos y antibi\u00f3ticos.<\/p>\n\n\n\n<p class=\"wp-block-paragraph\">Posteriormente, los d\u00edas 2 y 21 de octubre se le&nbsp; realizaron dos intervenciones quir\u00fargicas, donde se le tom\u00f3 y coloc\u00f3 injerto en el brazo derecho. Semanas despu\u00e9s se le da de alta, continuando con seguimiento y valoraci\u00f3n por parte del servicio de cirug\u00eda pl\u00e1stica.<\/p>\n\n\n\n<p class=\"wp-block-paragraph\">Al siguiente mes, el 27 de noviembre se le tom\u00f3 y coloc\u00f3 injertos en zona anterior de torax, sin embargo, present\u00f3 necrosis de tejido en algunas lesiones, por esta raz\u00f3n, se determin\u00f3 la referencia al tercer nivel de atenci\u00f3n.<\/p>\n\n\n\n<p class=\"wp-block-paragraph\">El d\u00eda 11 de diciembre, la Secretar\u00eda de Salud de Oaxaca solicit\u00f3 su ingreso al Instituto Nacional de Rehabilitaci\u00f3n, para su canalizaci\u00f3n al Centro&nbsp; Nacional de Investigaci\u00f3n y Atenci\u00f3n a Quemados; la mencionada instituci\u00f3n la recibi\u00f3 dos d\u00edas despu\u00e9s.<\/p>\n\n\n\n<p class=\"wp-block-paragraph\">La paciente dej\u00f3 el hospital este 20 de enero de 2020, para continuar con su tratamiento ambulatorio, aunque continuar\u00e1 a cargo del \u00e1rea de Cirug\u00eda Especializada.<\/p>\n\n\n\n<p class=\"wp-block-paragraph\">Luego de tres meses, y por presi\u00f3n de los familiares, a trav\u00e9s de la prensa, la Fiscal\u00eda General de Oaxaca (FGO) aceler\u00f3 la investigaci\u00f3n que en un principio consider\u00f3&nbsp; una lesi\u00f3n, para reclasificarlo&nbsp; a intento de feminicidio.<\/p>\n\n\n\n<p class=\"wp-block-paragraph\">La Fiscal\u00eda sostiene que la investigaci\u00f3n ya est\u00e1 completa, sin embargo, la familia acusa que a\u00fan falta por ejecutar la orden de aprehensi\u00f3n contra el ex diputado local pri\u00edsta,&nbsp; Juan V.C. , as\u00ed como el hijo de este se\u00f1alados como los autores intelectuales del ataque<\/p>\n\n\n\n<p class=\"wp-block-paragraph\">Seg\u00fan el fiscal de Oaxaca, Rub\u00e9n Vasconcelos M\u00e9ndez la instituci\u00f3n a su cargo solicit\u00f3 ayuda a la Interpol para emitir una ficha roja y localizar a imputado por el ataque con \u00e1cido a la saxofonistas mixteca.<\/p>\n\n\n\n<p class=\"wp-block-paragraph\">\u201cYa se solicit\u00f3 el apoyo de la fiscal\u00eda de los estados y de la Ciudad de M\u00e9xico, adem\u00e1s de la Interpol para lograr su captura\u201d, asegur\u00f3 a la prensa.<\/p>\n\n\n\n<p class=\"wp-block-paragraph\">El Juzgado Cuarto de Distrito de la entidad instruy\u00f3 hacer efectiva la orden de aprehensi\u00f3n, en contra del empresario gasolinero.\n\n<\/p>\n","protected":false},"excerpt":{"rendered":"<p>Fue dada de alta en la v\u00edspera del Centro  Nacional de Investigaci\u00f3n y Atenci\u00f3n a Quemados, en la Ciudad de M\u00e9xico, para dirigirse a su localidad de origen, en Huajuapan de Le\u00f3n, en la regi\u00f3n Mixteca de Oaxaca, donde permanecer\u00e1 hasta su pr\u00f3xima revisi\u00f3n.<\/p>\n","protected":false},"author":3,"featured_media":15850,"comment_status":"open","ping_status":"open","sticky":false,"template":"","format":"standard","meta":{"_monsterinsights_skip_tracking":false,"footnotes":""},"categories":[691,54],"tags":[],"class_list":["post-15849","post","type-post","status-publish","format-standard","has-post-thumbnail","category-691","category-mujeres"],"_links":{"self":[{"href":"https:\/\/redsemlac.com\/semmexico\/wp-json\/wp\/v2\/posts\/15849","targetHints":{"allow":["GET"]}}],"collection":[{"href":"https:\/\/redsemlac.com\/semmexico\/wp-json\/wp\/v2\/posts"}],"about":[{"href":"https:\/\/redsemlac.com\/semmexico\/wp-json\/wp\/v2\/types\/post"}],"author":[{"embeddable":true,"href":"https:\/\/redsemlac.com\/semmexico\/wp-json\/wp\/v2\/users\/3"}],"replies":[{"embeddable":true,"href":"https:\/\/redsemlac.com\/semmexico\/wp-json\/wp\/v2\/comments?post=15849"}],"version-history":[{"count":0,"href":"https:\/\/redsemlac.com\/semmexico\/wp-json\/wp\/v2\/posts\/15849\/revisions"}],"wp:featuredmedia":[{"embeddable":true,"href":"https:\/\/redsemlac.com\/semmexico\/wp-json\/wp\/v2\/media\/15850"}],"wp:attachment":[{"href":"https:\/\/redsemlac.com\/semmexico\/wp-json\/wp\/v2\/media?parent=15849"}],"wp:term":[{"taxonomy":"category","embeddable":true,"href":"https:\/\/redsemlac.com\/semmexico\/wp-json\/wp\/v2\/categories?post=15849"},{"taxonomy":"post_tag","embeddable":true,"href":"https:\/\/redsemlac.com\/semmexico\/wp-json\/wp\/v2\/tags?post=15849"}],"curies":[{"name":"wp","href":"https:\/\/api.w.org\/{rel}","templated":true}]}}