{"id":15825,"date":"2020-01-21T22:41:07","date_gmt":"2020-01-21T22:41:07","guid":{"rendered":"https:\/\/redsemlac.com\/semmexico\/?p=15825"},"modified":"2023-07-21T15:18:51","modified_gmt":"2023-07-21T20:18:51","slug":"el-inmujeres-y-el-instituto-chihuahuense-de-las-mujeres-condenan-el-feminicidio-de-la-artista-y-activista-juarense-isabel-cabanilla","status":"publish","type":"post","link":"https:\/\/redsemlac.com\/semmexico\/el-inmujeres-y-el-instituto-chihuahuense-de-las-mujeres-condenan-el-feminicidio-de-la-artista-y-activista-juarense-isabel-cabanilla\/","title":{"rendered":"El Inmujeres y el Instituto Chihuahuense de las Mujeres condenan el feminicidio de la artista y activista juarense Isabel Cabanilla"},"content":{"rendered":"\n<p class=\"wp-block-paragraph\"><strong>Elda Montiel<\/strong><\/p>\n\n\n\n<p class=\"wp-block-paragraph\">SemM\u00e9xico. Cd. de M\u00e9xico. 21 de enero de 2019.- El Instituto Nacional de las Mujeres (Inmujeres) y el Instituto Chihuahuense de las Mujeres (Ichmujeres) lamentan con tristeza el artero feminicidio de la artista pl\u00e1stica, dise\u00f1adora y defensora de los derechos humanos de las mujeres, Isabel Cabanilla, integrante tambi\u00e9n de la Colectiva Hijas de su Maquilera Madre en Ciudad Ju\u00e1rez, organizaci\u00f3n a la que abrazamos y le extendemos nuestras sentidas condolencias, al igual que a sus familiares, seres queridos y amistades<\/p>\n\n\n\n<p class=\"wp-block-paragraph\">De nueva cuenta el estado de Chihuahua se enluta ante un nuevo caso de violencia de g\u00e9nero contra las mujeres. El crimen contra Isabel representa un ataque al activismo, el cual desde hace meses ha sido hostigado y agredido por quienes intentan silenciar el leg\u00edtimo derecho de las mujeres a manifestarse para exigir una vida libre de violencia.<\/p>\n\n\n\n<p class=\"wp-block-paragraph\">Es por ello, que ambas instancias de los gobiernos federal y estatal condenan estos hechos y solicitan a las autoridades de procuraci\u00f3n e impartici\u00f3n de justicia que garanticen una investigaci\u00f3n transparente y eficaz para resolver el feminicidio de Isabel, y principalmente, que no sea sujeta a una revictimizaci\u00f3n ante los medios de comunicaci\u00f3n y la sociedad, filtr\u00e1ndose aspectos privados de las indagatorias.<\/p>\n\n\n\n<p class=\"wp-block-paragraph\">Asimismo, hacen un llamado a las autoridades estatal y municipal, para que, en el \u00e1mbito de sus atribuciones, generen pol\u00edticas p\u00fablicas con perspectiva de g\u00e9nero, y tomen decisiones en\u00e9rgicas para combatir la violencia hacia las ni\u00f1as, las adolescentes y las mujeres que, constantemente, son v\u00edctimas de todas las expresiones de violencia.<\/p>\n\n\n\n<p class=\"wp-block-paragraph\">Confiamos en la actuaci\u00f3n de las autoridades responsables de la impartici\u00f3n de justicia, para encontrar y castigar al o los responsables de este feminicidio, pues la muerte de Isabel no debe quedar impune, ni en el olvido.<\/p>\n\n\n\n<p class=\"wp-block-paragraph\">Finalmente, apelamos a la solidaridad de la comunidad para sumarse a la condena y que alce la voz para exigir #JusticiaParaIsabel, as\u00ed como cero tolerancia a la violencia contra las mujeres.<\/p>\n\n\n\n<p class=\"wp-block-paragraph\">SEM\/em\/gr<\/p>\n","protected":false},"excerpt":{"rendered":"<p>#JusticiaParaIsabel, as\u00ed como cero tolerancia a la violencia contra las mujeres.<\/p>\n","protected":false},"author":3,"featured_media":15826,"comment_status":"open","ping_status":"open","sticky":false,"template":"","format":"standard","meta":{"_monsterinsights_skip_tracking":false,"footnotes":""},"categories":[691,51],"tags":[],"class_list":["post-15825","post","type-post","status-publish","format-standard","has-post-thumbnail","category-691","category-ejecutivo"],"_links":{"self":[{"href":"https:\/\/redsemlac.com\/semmexico\/wp-json\/wp\/v2\/posts\/15825","targetHints":{"allow":["GET"]}}],"collection":[{"href":"https:\/\/redsemlac.com\/semmexico\/wp-json\/wp\/v2\/posts"}],"about":[{"href":"https:\/\/redsemlac.com\/semmexico\/wp-json\/wp\/v2\/types\/post"}],"author":[{"embeddable":true,"href":"https:\/\/redsemlac.com\/semmexico\/wp-json\/wp\/v2\/users\/3"}],"replies":[{"embeddable":true,"href":"https:\/\/redsemlac.com\/semmexico\/wp-json\/wp\/v2\/comments?post=15825"}],"version-history":[{"count":0,"href":"https:\/\/redsemlac.com\/semmexico\/wp-json\/wp\/v2\/posts\/15825\/revisions"}],"wp:featuredmedia":[{"embeddable":true,"href":"https:\/\/redsemlac.com\/semmexico\/wp-json\/wp\/v2\/media\/15826"}],"wp:attachment":[{"href":"https:\/\/redsemlac.com\/semmexico\/wp-json\/wp\/v2\/media?parent=15825"}],"wp:term":[{"taxonomy":"category","embeddable":true,"href":"https:\/\/redsemlac.com\/semmexico\/wp-json\/wp\/v2\/categories?post=15825"},{"taxonomy":"post_tag","embeddable":true,"href":"https:\/\/redsemlac.com\/semmexico\/wp-json\/wp\/v2\/tags?post=15825"}],"curies":[{"name":"wp","href":"https:\/\/api.w.org\/{rel}","templated":true}]}}