{"id":15749,"date":"2020-01-20T17:50:44","date_gmt":"2020-01-20T17:50:44","guid":{"rendered":"https:\/\/redsemlac.com\/semmexico\/?p=15749"},"modified":"2023-07-21T15:18:52","modified_gmt":"2023-07-21T20:18:52","slug":"repudio-e-indignacion-por-feminicidio-de-isabel-cabanillas-activista-de-cd-juarez","status":"publish","type":"post","link":"https:\/\/redsemlac.com\/semmexico\/repudio-e-indignacion-por-feminicidio-de-isabel-cabanillas-activista-de-cd-juarez\/","title":{"rendered":"Repudio e indignaci\u00f3n por feminicidio de Isabel Cabanillas, activista de Cd. Ju\u00e1rez"},"content":{"rendered":"\n<ul class=\"wp-block-list\"><li><strong> Con una movilizaci\u00f3n de cientos de mujeres y j\u00f3venes este domingo 19 de enero, en la fronteriza Ciudad Ju\u00e1rez, se realiz\u00f3 una marcha para repudiar y exigir justicia ante la noticia del feminicidio de Isabel Cabanillas. <\/strong><\/li><\/ul>\n\n\n\n<p class=\"wp-block-paragraph\"><strong>Pan y Rosas Ciudad Ju\u00e1rez<\/strong><\/p>\n\n\n\n<p class=\"wp-block-paragraph\">SemM\u00e9xico\/La Izquierda Diario. Ciudad Ju\u00e1rez. 20 de enero 2020.- Luego de una campa\u00f1a emergente el d\u00eda de ayer por la b\u00fasqueda de activista Isabel Cabanillas de la Torre tras ser reportada como desaparecida, la noticia de la localizaci\u00f3n del cuerpo acribillado de esta joven pintora ha desatado una fuerte indignaci\u00f3n en esta frontera.<\/p>\n\n\n\n<p class=\"wp-block-paragraph\">La noticia pone de relieve una realidad que contrasta con los dichos del presidente de la Rep\u00fablica que, en su reciente visita, puso como ejemplo de compromiso en el tema de seguridad al presidente municipal Armando Cabada.<\/p>\n\n\n\n<p class=\"wp-block-paragraph\">Ante este canalla asesinato, el llamado a la movilizaci\u00f3n en las calles no se hizo esperar. Cientos de manifestantes se dieron cita con mantas, pancartas y consignas en el Monumento a Benito Ju\u00e1rez, de donde partieron marchando por el centro hasta el lugar del crimen.<\/p>\n\n\n\n<p class=\"wp-block-paragraph\">Durante la marcha se realizaron pintas de denuncia y repudio a las distintas autoridades. Se pudo ver a los manifestantes visiblemente consternados y enojados ante una realidad atroz que no deja de golpear a los fronterizos.<\/p>\n\n\n\n<figure><iframe loading=\"lazy\" src=\"https:\/\/www.facebook.com\/plugins\/video.php?href=https%3A%2F%2Fwww.facebook.com%2FPanyRosasCiudadJuarez%2Fvideos%2F156250182343242%2F&amp;show_text=0&amp;width=560\" width=\"560\" height=\"308\" allowfullscreen=\"true\"><\/iframe><\/figure>\n\n\n\n<h5 class=\"wp-block-heading\"><em>En el lugar, destac\u00f3 el escandaloso despliegue polic\u00edaco, en su mayor\u00eda de mujeres polic\u00edas, quienes en todo momento custodiaron la manifestaci\u00f3n, un proceder a todas luces intimidatorio. No pocos manifestantes repudiaron este despliegue de una corporaci\u00f3n que participa activamente, no solo por ineficiencia u omisi\u00f3n en la violencia que golpea a los juarenses y con especial \u00e9nfasis a las mujeres.<\/em><\/h5>\n\n\n\n<p class=\"wp-block-paragraph\">Ciudad Ju\u00e1rez tiene una alta tasa de feminicidio desde hace d\u00e9cadas, y por desgracia los asesinatos de mujeres no cesan, sumando en este caso, a una joven mujer que era parte del Movimiento de Mujeres que luchan contra la violencia Feminicida,&nbsp;<strong>Integrante del colectivo Hijxs de su Maquilera Madre&nbsp;<\/strong>en esta ciudad fronteriza.<\/p>\n\n\n\n<p class=\"wp-block-paragraph\"><strong>Es fundamental que este caso no quede impune y que se esclarezca. Que la respuesta ante cada asesinato sea el camino de la movilizaci\u00f3n<\/strong>&nbsp;retomado hoy en las calles de Ciudad Ju\u00e1rez que es la v\u00eda para que verdaderamente se logre el juicio y castigo a quien o quienes hayan perpetrado este feminicidio contra Isabel Cabanillas. No podemos dejar de denunciarlo de esta manera, porque m\u00e1s all\u00e1 del cobarde que dispar\u00f3 el arma, el escandaloso grado de impunidad y desprecio por las vidas de las mujeres por parte de los tres niveles de gobierno nos confirman que el feminicidio es un Crimen de Estado, por acci\u00f3n, omisi\u00f3n o aquiesencia.<\/p>\n\n\n\n<blockquote class=\"wp-block-quote is-layout-flow wp-block-quote-is-layout-flow\"><p>Bajo el grito de \u201cNi Una Menos\u201d, la reciente movilizaci\u00f3n llama a continuar con las manifestaciones y se convoca para ma\u00f1ana a marchar.<\/p><\/blockquote>\n\n\n\n<p class=\"wp-block-paragraph\">El feminicidio de Isabel tuvo lugar en el centro hist\u00f3rico de Ciudad Ju\u00e1rez, mismo que se promueve por las autoridades locales como \u00abcorredor seguro\u00bb para las mujeres. Es el centro de esta ciudad uno de los puntos donde m\u00e1s se cometen desapariciones de mujeres y feminicidios.<\/p>\n\n\n\n<p class=\"wp-block-paragraph\">Los botones de p\u00e1nico no responden con celeridad ni al mismo presidente municipal que los promociona, y al momento de hacer uso de ellos, la se\u00f1al de Internet que emiten es inservible, aunado a esto, la mayor\u00eda de las calles del centro permanecen en la oscuridad por capricho del presidente municipal en turno.<\/p>\n\n\n\n<h6 class=\"wp-block-heading\"><em>Este discurso de los corredores seguros para las mujeres, as\u00ed como los llamados botones de p\u00e1nico ante posibles escenarios de peligro terminan siendo una estrategia impotente del Estado, que a trav\u00e9s del gobierno municipal trata de limpiarse la cara, sin \u00e9xito, del discurso de que Ciudad Ju\u00e1rez es la ciudad del feminicidio.<\/em><\/h6>\n\n\n\n<p class=\"wp-block-paragraph\"><strong>Lo denunciamos fuerte y claro. Es el Estado quien legitima, perpet\u00faa y fortalece la violencia machista y patriarcal contra las mujeres,<\/strong>\u00a0Mientras las organizaciones no gubernamentales que dicen estar con las v\u00edctimas, no pocas organizaciones sociales, pol\u00edticas, sindicales y democr\u00e1ticas de esta ciudad, de Chihuahua y del pa\u00eds contin\u00faan manteniendo desde hace 30 a\u00f1os una estrategia impotente de conciliaci\u00f3n y coadyuvancia con el Estado cuyo resultados no ha bajado ni menos detenido el aumento descarnado de los feminicidios que nos acechan.<\/p>\n\n\n\n<p class=\"wp-block-paragraph\"><strong>Desde Pan y Rosas repudiamos el feminicidio de Isabel Cabanillas y exijimos justicia. Respaldamos el llamado a movilizarnos en las calles por justicia para nuestra compa\u00f1era.<\/strong><\/p>\n","protected":false},"excerpt":{"rendered":"<p>Con una movilizaci\u00f3n de cientos de mujeres y j\u00f3venes este domingo 19 de enero, en la fronteriza Ciudad Ju\u00e1rez, se realiz\u00f3 una marcha para repudiar y exigir justicia ante la noticia del feminicidio de Isabel Cabanillas. <\/p>\n","protected":false},"author":3,"featured_media":15750,"comment_status":"open","ping_status":"open","sticky":false,"template":"","format":"standard","meta":{"_monsterinsights_skip_tracking":false,"footnotes":""},"categories":[691,47],"tags":[],"class_list":["post-15749","post","type-post","status-publish","format-standard","has-post-thumbnail","category-691","category-no-mas-impunidad"],"_links":{"self":[{"href":"https:\/\/redsemlac.com\/semmexico\/wp-json\/wp\/v2\/posts\/15749","targetHints":{"allow":["GET"]}}],"collection":[{"href":"https:\/\/redsemlac.com\/semmexico\/wp-json\/wp\/v2\/posts"}],"about":[{"href":"https:\/\/redsemlac.com\/semmexico\/wp-json\/wp\/v2\/types\/post"}],"author":[{"embeddable":true,"href":"https:\/\/redsemlac.com\/semmexico\/wp-json\/wp\/v2\/users\/3"}],"replies":[{"embeddable":true,"href":"https:\/\/redsemlac.com\/semmexico\/wp-json\/wp\/v2\/comments?post=15749"}],"version-history":[{"count":0,"href":"https:\/\/redsemlac.com\/semmexico\/wp-json\/wp\/v2\/posts\/15749\/revisions"}],"wp:featuredmedia":[{"embeddable":true,"href":"https:\/\/redsemlac.com\/semmexico\/wp-json\/wp\/v2\/media\/15750"}],"wp:attachment":[{"href":"https:\/\/redsemlac.com\/semmexico\/wp-json\/wp\/v2\/media?parent=15749"}],"wp:term":[{"taxonomy":"category","embeddable":true,"href":"https:\/\/redsemlac.com\/semmexico\/wp-json\/wp\/v2\/categories?post=15749"},{"taxonomy":"post_tag","embeddable":true,"href":"https:\/\/redsemlac.com\/semmexico\/wp-json\/wp\/v2\/tags?post=15749"}],"curies":[{"name":"wp","href":"https:\/\/api.w.org\/{rel}","templated":true}]}}