{"id":15735,"date":"2020-01-20T16:50:49","date_gmt":"2020-01-20T16:50:49","guid":{"rendered":"https:\/\/redsemlac.com\/semmexico\/?p=15735"},"modified":"2023-07-21T15:18:54","modified_gmt":"2023-07-21T20:18:54","slug":"aumentan-los-niveles-de-pobreza-en-america-latina","status":"publish","type":"post","link":"https:\/\/redsemlac.com\/semmexico\/aumentan-los-niveles-de-pobreza-en-america-latina\/","title":{"rendered":"Aumentan los niveles de pobreza en Am\u00e9rica Latina"},"content":{"rendered":"\n<p class=\"wp-block-paragraph\"><strong>* Los responsables pol\u00edticos deber\u00edan\nir m\u00e1s all\u00e1 de&nbsp;una visi\u00f3n enfocada \u00fanicamente a fomentar el crecimiento\ndel PIB<\/strong><\/p>\n\n\n\n<p class=\"wp-block-paragraph\"><strong>* Deber\u00edan aspirar a mejorar el\nbienestar en todos los sectores de la sociedad<\/strong><\/p>\n\n\n\n<p class=\"wp-block-paragraph\"><strong>Redacci\u00f3n<\/strong><\/p>\n\n\n\n<p class=\"wp-block-paragraph\">SemM\u00e9xico\/PeriodistasenEspa\u00f1ol,\nCd. de M\u00e9xico, 20 de enero 2020.- En su informe econ\u00f3mico para el a\u00f1o 2020, la\nONU advierte que el mundo sigue minimizando la urgencia de la transici\u00f3n\nenerg\u00e9tica en relaci\u00f3n con el cambio clim\u00e1tico, y aporta datos sobre el\ncrecimiento de la pobreza en Am\u00e9rica Latina en el marco de una ca\u00edda producto\ninterno bruto mundial del 2,3 %, su nivel m\u00e1s bajo desde la crisis financiera\nglobal.<\/p>\n\n\n\n<p class=\"wp-block-paragraph\">Debido al impacto de conflictos comerciales prolongados, la ONU indica que la econom\u00eda mundial ha experimentado su crecimiento m\u00e1s bajo en una d\u00e9cada, solamente un 2,3 % en 2019, seg\u00fan se desprende de los datos presentados este jueves 16 de enero de 2020 en Nueva York durante el lanzamiento del informe Situaci\u00f3n y Perspectivas de la Econom\u00eda Mundial 2020.<\/p>\n\n\n\n<p class=\"wp-block-paragraph\">El\nestudio, elaborado por el Departamento de Asuntos Econ\u00f3micos de la ONU (DESA),\napunta no obstante la posibilidad de que se llegue a producir un crecimiento\necon\u00f3mico del 2,5 % durante este a\u00f1o 2020, aunque destaca que una serie de\nelementos, como la reactivaci\u00f3n de las tensiones comerciales, la inestabilidad\nfinanciera o la intensificaci\u00f3n de las tensiones geopol\u00edticas, podr\u00edan frustrar\ndicha recuperaci\u00f3n.<\/p>\n\n\n\n<p class=\"wp-block-paragraph\">En\ncaso de producirse un escenario negativo, se estima que el crecimiento global\nse ralentizar\u00eda a un 1,8 %, y estar\u00edamos ante \u201cuna fragilidad prolongada de la\nactividad econ\u00f3mica mundial que puede provocar importantes retrocesos para el\ndesarrollo sostenible, incluidos los objetivos de erradicaci\u00f3n de la pobreza y\ncreaci\u00f3n de empleos dignos para todos\u00bb.<\/p>\n\n\n\n<p class=\"wp-block-paragraph\">Adem\u00e1s,\nlas desigualdades predominantes y el agravamiento de la crisis clim\u00e1tica est\u00e1n\nalimentando el creciente descontento en numerosas partes del mundo, escenario\nque el secretario general de las Naciones Unidas, Ant\u00f2nio Guterres, percibe\ncomo generadora de una \u00abinsatisfacci\u00f3n popular\u00bb creciente y advierte que \u201cestos\nriesgos podr\u00edan infligir da\u00f1os graves y duraderos a las perspectivas de\ndesarrollo\u201d, para concluir que \u201camenazan con fomentar una mayor preponderancia\nde las pol\u00edticas orientadas hacia adentro en un momento en el que la\ncooperaci\u00f3n global resulta fundamental\u201d.<\/p>\n\n\n\n<p class=\"wp-block-paragraph\">Por\notro lado, el estudio indica que el aumento de los aranceles y los r\u00e1pidos\ncambios en las pol\u00edticas comerciales frenaron el crecimiento del comercio mundial\na 0,3 % en 2019, su nivel m\u00e1s bajo desde 2009, y que las inversiones se\nredujeron significativamente.<\/p>\n\n\n\n<p class=\"wp-block-paragraph\">En\nlo que respecta a la renta per c\u00e1pita, prev\u00e9 que la econom\u00eda mundial crezca un\n1,5 % en 2020 y, aunque se proyecta una modesta aceleraci\u00f3n del crecimiento del\nProducto Interno Bruto (PIB) en muchas regiones en desarrollo, los ingresos per\nc\u00e1pita se estancar\u00edan o disminuir\u00edan en uno de cada cinco pa\u00edses.<\/p>\n\n\n\n<p class=\"wp-block-paragraph\">El\ninforme indica que el comercio bilateral entre Estados Unidos y China se ha\ndesplomado m\u00e1s de un 13 %, provocando \u201cimportantes trastornos en las cadenas de\nsuministro mundiales\u201d, y detalla que las industrias electr\u00f3nica y\nautomovil\u00edstica se han visto duramente afectadas.<\/p>\n\n\n\n<p class=\"wp-block-paragraph\">En\nla Uni\u00f3n Europea se prev\u00e9 un modesto crecimiento del PIB, que pasar\u00eda del 1,4 %\nde 2019 a un 1,6 % en 2020, en parte gracias a un aumento estable del consumo\nprivado, pese a que la incertidumbre global continuar\u00e1 frenando al sector\nmanufacturero.<\/p>\n\n\n\n<p class=\"wp-block-paragraph\">En\neste escenario, la regi\u00f3n del mundo que crece a un mayor ritmo&nbsp;y\ncontribuye m\u00e1s al crecimiento global es Asia Oriental.<\/p>\n\n\n\n<p class=\"wp-block-paragraph\">El\ncrecimiento del PIB en China se mitigar\u00e1 paulatinamente del 6,1 % de 2019 a un\n6,0 % en 2020 y a un 5,9 % en 2021 apoyada en \u201cpol\u00edticas monetarias y fiscales\nm\u00e1s acomodaticias\u201d.<\/p>\n\n\n\n<p class=\"wp-block-paragraph\">Adem\u00e1s,\nse espera que la econom\u00eda de otros pa\u00edses emergentes como Brasil, India,\nM\u00e9xico, Rusia y Turqu\u00eda \u201cadquiera cierto impulso en 2020\u201d.<\/p>\n\n\n\n<p class=\"wp-block-paragraph\">PNUD\/Giulianna\nCamarena: La comunidad Chullpia en Per\u00fa ha desarrollado paneles solares para\nsuministrar electricidad en los proyectos de irrigaci\u00f3n<\/p>\n\n\n\n<p class=\"wp-block-paragraph\">Pobreza\nen Am\u00e9rica Latina<\/p>\n\n\n\n<p class=\"wp-block-paragraph\">En\nAm\u00e9rica Latina y el Caribe las previsiones de crecimiento econ\u00f3mico tampoco son\ndemasiado optimistas y \u201cse mantienen d\u00e9biles\u201d a causa de \u201cunas dif\u00edciles\ncondiciones externas y una gran incertidumbre pol\u00edtica\u201d.<\/p>\n\n\n\n<p class=\"wp-block-paragraph\">De\neste modo, se prev\u00e9 una recuperaci\u00f3n \u201clenta y desigual\u201d durante los pr\u00f3ximos\ndos a\u00f1os, tras un crecimiento del 0,1 % en 2019. El avance podr\u00eda aumentar\nhasta un 1,3 % en 2020 y un 2 % en 2021.<\/p>\n\n\n\n<p class=\"wp-block-paragraph\">\u201cLa\nactividad econ\u00f3mica se ver\u00e1 respaldada por una pol\u00edtica monetaria expansiva&nbsp;y\nun repunte en la demanda interna en Brasil y M\u00e9xico. Pero incluso esta modesta\nrecuperaci\u00f3n estar\u00eda sujeta a importantes riesgos, como un mayor deterioro del\ncomercio mundial, una renovada volatilidad financiera y una mayor incertidumbre\npol\u00edtica\u201d.<\/p>\n\n\n\n<p class=\"wp-block-paragraph\">El\nestudio indica que&nbsp;durante 2019 la renta per c\u00e1pita se estanc\u00f3 o\ndescendi\u00f3&nbsp;en muchas de las econom\u00edas de la regi\u00f3n, incluidas las de\nArgentina, Brasil y M\u00e9xico, y que el PIB promedio per c\u00e1pita actual es un 4 %\ninferior al de 2014.<\/p>\n\n\n\n<p class=\"wp-block-paragraph\">\u201cEntre\nuna renta promedio inferior y una desigualdad persistentemente\nelevada,&nbsp;los niveles de pobreza han aumentado\u201d, destaca el informe.<\/p>\n\n\n\n<p class=\"wp-block-paragraph\">Las\nperspectivas iniciales para este a\u00f1o en Am\u00e9rica del Sur&nbsp;prev\u00e9n un tercer\na\u00f1o de recesi\u00f3n,&nbsp;\u201caunque a un ritmo menor que en 2019\u201d, mientras que en\nAm\u00e9rica Central y M\u00e9xico se espera \u201cuna lenta recuperaci\u00f3n de la actividad\necon\u00f3mica, despu\u00e9s de que el crecimiento ha alcanzado su punto m\u00e1s bajo en los\n\u00faltimos diez a\u00f1os en 2019\u201d.<\/p>\n\n\n\n<p class=\"wp-block-paragraph\"><strong>Fundamentalismo sobre el PIB<\/strong><\/p>\n\n\n\n<p class=\"wp-block-paragraph\">Otro\nde los puntos destacados del informe indica que el crecimiento general del PIB\npasa por alto aspectos cruciales de la sostenibilidad y el bienestar y que, a\nnivel global, \u201cla calidad de vida contin\u00faa&nbsp;muy por debajo de los niveles\nadecuados&nbsp;en medio de la crisis clim\u00e1tica, el aumento de los niveles de\ninseguridad alimentaria y subnutrici\u00f3n, y las persistentes y elevadas\ndesigualdades de ingresos y oportunidades que sustentan profundas\ndiscriminaciones sociales\u201d.<\/p>\n\n\n\n<p class=\"wp-block-paragraph\">Apoy\u00f3\nesta visi\u00f3n el subsecretario general de desarrollo econ\u00f3mico y economista jefe\nde la ONU,&nbsp;Elliot Harris, quien subray\u00f3 la necesidad&nbsp;de favorecer la\ninversi\u00f3n en desarrollo sostenible, en vez de buscar \u00fanicamente un aumento del\nPIB.<\/p>\n\n\n\n<p class=\"wp-block-paragraph\">\u201cLos\nresponsables de formular pol\u00edticas deber\u00edan ir m\u00e1s all\u00e1 de&nbsp;una visi\u00f3n\nlimitada y enfocada \u00fanicamente a fomentar el crecimiento del PIB; en cambio,\ndeber\u00edan aspirar a mejorar el bienestar en todos los sectores de la sociedad.\nEsto requiere priorizar la inversi\u00f3n en proyectos de desarrollo sostenible para\nfomentar la educaci\u00f3n, la energ\u00eda renovable y una infraestructura resiliente\u201d.<\/p>\n\n\n\n<p class=\"wp-block-paragraph\">Se\nminimiza la urgencia de la transici\u00f3n energ\u00e9tica<\/p>\n\n\n\n<p class=\"wp-block-paragraph\">En\nrelaci\u00f3n con el cambio clim\u00e1tico, el estudio destaca que la respuesta a las\ncrecientes necesidades energ\u00e9ticas se debe atender&nbsp;mediante fuentes de\nenerg\u00eda renovables o con bajos niveles de emisiones de carbono.<\/p>\n\n\n\n<p class=\"wp-block-paragraph\">Este\nescenario precisar\u00e1 de \u201cenormes ajustes en el sector energ\u00e9tico\u201d, al que se\nresponsabiliza de producir \u201ctres cuartas partes de las emisiones globales de\nefecto invernadero\u201d.<\/p>\n\n\n\n<p class=\"wp-block-paragraph\">Tambi\u00e9n\nse\u00f1ala que se&nbsp;sigue minimizando la urgencia de la transici\u00f3n\nenerg\u00e9tica&nbsp;y se toman decisiones \u201cde escasa perspectiva\u201d, como la\nascendente inversi\u00f3n en prospecciones de gas y petr\u00f3leo y la producci\u00f3n de\nelectricidad mediante plantas de carb\u00f3n.<\/p>\n\n\n\n<p class=\"wp-block-paragraph\">\u201cEsto\nno solo deja expuestos a numerosos inversores y Gobiernos a p\u00e9rdidas\nrepentinas, sino que tambi\u00e9n&nbsp;plantea considerables riesgos para los\nobjetivos relacionados con el medio ambiente. Cualquier dilaci\u00f3n de medidas\ndecisivas que promuevan la transici\u00f3n energ\u00e9tica podr\u00eda duplicar los futuros\ncostes. La transici\u00f3n hacia una matriz energ\u00e9tica m\u00e1s limpia no solo traer\u00e1\nconsigo beneficios ambientales y de salud, sino oportunidades econ\u00f3micas para\nmuchos pa\u00edses\u201d, pronostica el estudio.<\/p>\n\n\n\n<p class=\"wp-block-paragraph\">SEM-PeriodistasenEspa\u00f1ol<\/p>\n","protected":false},"excerpt":{"rendered":"<p>La ONU indica que la econom\u00eda mundial ha experimentado su crecimiento m\u00e1s bajo en una d\u00e9cada, solamente un 2,3 % en 2019<\/p>\n","protected":false},"author":3,"featured_media":15736,"comment_status":"open","ping_status":"open","sticky":false,"template":"","format":"standard","meta":{"_monsterinsights_skip_tracking":false,"footnotes":""},"categories":[691,53],"tags":[],"class_list":["post-15735","post","type-post","status-publish","format-standard","has-post-thumbnail","category-691","category-internacional"],"_links":{"self":[{"href":"https:\/\/redsemlac.com\/semmexico\/wp-json\/wp\/v2\/posts\/15735","targetHints":{"allow":["GET"]}}],"collection":[{"href":"https:\/\/redsemlac.com\/semmexico\/wp-json\/wp\/v2\/posts"}],"about":[{"href":"https:\/\/redsemlac.com\/semmexico\/wp-json\/wp\/v2\/types\/post"}],"author":[{"embeddable":true,"href":"https:\/\/redsemlac.com\/semmexico\/wp-json\/wp\/v2\/users\/3"}],"replies":[{"embeddable":true,"href":"https:\/\/redsemlac.com\/semmexico\/wp-json\/wp\/v2\/comments?post=15735"}],"version-history":[{"count":0,"href":"https:\/\/redsemlac.com\/semmexico\/wp-json\/wp\/v2\/posts\/15735\/revisions"}],"wp:featuredmedia":[{"embeddable":true,"href":"https:\/\/redsemlac.com\/semmexico\/wp-json\/wp\/v2\/media\/15736"}],"wp:attachment":[{"href":"https:\/\/redsemlac.com\/semmexico\/wp-json\/wp\/v2\/media?parent=15735"}],"wp:term":[{"taxonomy":"category","embeddable":true,"href":"https:\/\/redsemlac.com\/semmexico\/wp-json\/wp\/v2\/categories?post=15735"},{"taxonomy":"post_tag","embeddable":true,"href":"https:\/\/redsemlac.com\/semmexico\/wp-json\/wp\/v2\/tags?post=15735"}],"curies":[{"name":"wp","href":"https:\/\/api.w.org\/{rel}","templated":true}]}}