{"id":15722,"date":"2020-01-19T00:06:34","date_gmt":"2020-01-19T00:06:34","guid":{"rendered":"https:\/\/redsemlac.com\/semmexico\/?p=15722"},"modified":"2023-07-21T15:18:56","modified_gmt":"2023-07-21T20:18:56","slug":"bachelet-denuncia-asesinatos-y-desplazamiento-de-civiles-en-siria","status":"publish","type":"post","link":"https:\/\/redsemlac.com\/semmexico\/bachelet-denuncia-asesinatos-y-desplazamiento-de-civiles-en-siria\/","title":{"rendered":"Bachelet denuncia asesinatos y desplazamiento de civiles en Siria"},"content":{"rendered":"\n<p class=\"wp-block-paragraph\"><strong>Redacci\u00f3n<\/strong><\/p>\n\n\n\n<p class=\"wp-block-paragraph\">SemM\u00e9xico\/Periodistas en Espa\u00f1ol. 18 de enero 2020.- Las\nmuertes de civiles en Siria se suceden a diario, sostiene la alta comisionada\nde la ONU para los Derechos Humanos, Michelle Bachelet, quien destaca que tanto\nhombres y mujeres como ni\u00f1os fallecen \u201cen actos de absurda violencia\u201d y pide\nque se detengan las hostilidades de inmediato.<\/p>\n\n\n\n<p class=\"wp-block-paragraph\">Pese a la entrada en vigor de un alto el fuego en el\nnoroeste de Siria el pasado d\u00eda 12 de enero de 2020, la Alta Comisionada de la\nONU para los Derechos Humanos conden\u00f3 este viernes 17 de enero los continuos\nasesinatos y desplazamientos en el pa\u00eds \u00e1rabe.<\/p>\n\n\n\n<p class=\"wp-block-paragraph\">Michelle Bachelet pidi\u00f3 un cese inmediato de las\nhostilidades en la zona de distensi\u00f3n de la provincia de Idlib y sus\nalrededores, adem\u00e1s de la protecci\u00f3n de los civiles y la infraestructura civil.\nDel mismo modo, resalt\u00f3 que \u201ceste acuerdo -como otros suscritos el a\u00f1o pasado-\ntampoco ha logrado proteger a la poblaci\u00f3n civil\u201d.<\/p>\n\n\n\n<p class=\"wp-block-paragraph\">&nbsp;\u201cEs muy alarmante que\ncada d\u00eda sigan muriendo civiles a causa de los proyectiles de la aviaci\u00f3n y la\nartiller\u00eda terrestre. Mujeres, hombres y ni\u00f1os que son sorprendidos en sus\nactividades cotidianas en el hogar, el centro de trabajo, la escuela o el mercado,\nmueren o resultan heridos en actos de absurda violencia\u201d, explicaba en Ginebra\nante los medios de comunicaci\u00f3n el portavoz de Bachelet, Jeremy Laurence.<\/p>\n\n\n\n<p class=\"wp-block-paragraph\">El portavoz explic\u00f3 que tanto el cese de hostilidades como\nel establecimiento de \u201cpasillos de seguridad\u201d por el Gobierno sirio no evitaron\nlos bombardeos sobre civiles que tuvieron lugar entre las fuerzas\ngubernamentales y los grupos armados irregulares.<\/p>\n\n\n\n<p class=\"wp-block-paragraph\">Seg\u00fan Laurence, estos ataques buscaban \u201cobtener ventajas\nt\u00e1cticas sobre el terreno\u201d, y evidenciaron un menosprecio al derecho\nhumanitario internacional y a la protecci\u00f3n de vidas civiles.<\/p>\n\n\n\n<p class=\"wp-block-paragraph\"><strong>Cronolog\u00eda de los\nataques<\/strong><\/p>\n\n\n\n<p class=\"wp-block-paragraph\">11-01-2020: Horas antes de entrar en vigor el cese de\nhostilidades, se intensificaron las operaciones militares en la provincia de\nIdlib con un balance de al menos veinte civiles muertos. Los ataques a\u00e9reos\nafectaron a varias zonas del territorio, como el propio casco urbano, el pueblo\nde Binnish o la aldea de al-Nairab.<\/p>\n\n\n\n<p class=\"wp-block-paragraph\">12-01-2020: Cuatro civiles fallecieron y otros tres, entre\nellos dos ni\u00f1os, resultaron heridos por los disparos de artiller\u00eda terrestre\nque afectaron a varios barrios residenciales de la ciudad de Alepo, controlada\npor el Gobierno.<\/p>\n\n\n\n<p class=\"wp-block-paragraph\">13-01-2020: Un civil pereci\u00f3 cuando un misil alcanz\u00f3 su\ndomicilio en la aldea de al-Dana, en la zona rural de Maarat An Numan, dominada\npor las milicias armadas.<\/p>\n\n\n\n<p class=\"wp-block-paragraph\">15-01-2020:&nbsp; Los\nataques de la aviaci\u00f3n contra el pol\u00edgono industrial y el mercado de al-Hal, en\nla ciudad de Idlib, se cobraron al menos quince v\u00edctimas civiles y sesenta\nheridos -entre ellos dieciocho ni\u00f1os y cuatro mujeres-. El mismo d\u00eda, se\nprodujo otro ataque a\u00e9reo en la ciudad de Ariha, en la zona rural al sur de\nIdlib, en el que resultaron heridas dos mujeres y tres ni\u00f1os. El asalto tambi\u00e9n\nda\u00f1\u00f3 a un colegio de ni\u00f1as.<\/p>\n\n\n\n<p class=\"wp-block-paragraph\">Entre el 29 de abril de 2019, cuando se reiniciaron los\ncombates en la zona de reducci\u00f3n de hostilidades de Idlib, y el 15 de enero de\n2020, la Oficina de la Alta Comisionada verific\u00f3 numerosos incidentes en los\nque murieron 1506 civiles, entre ellos 293 mujeres y 433 ni\u00f1os.<\/p>\n","protected":false},"excerpt":{"rendered":"<p>Bachelet pidi\u00f3 un cese inmediato de las hostilidades en la zona de distensi\u00f3n de la provincia de Idlib y sus alrededores, adem\u00e1s de la protecci\u00f3n de los civiles y la infraestructura civil. <\/p>\n","protected":false},"author":3,"featured_media":15723,"comment_status":"open","ping_status":"open","sticky":false,"template":"","format":"standard","meta":{"_monsterinsights_skip_tracking":false,"footnotes":""},"categories":[691,53],"tags":[],"class_list":["post-15722","post","type-post","status-publish","format-standard","has-post-thumbnail","category-691","category-internacional"],"_links":{"self":[{"href":"https:\/\/redsemlac.com\/semmexico\/wp-json\/wp\/v2\/posts\/15722","targetHints":{"allow":["GET"]}}],"collection":[{"href":"https:\/\/redsemlac.com\/semmexico\/wp-json\/wp\/v2\/posts"}],"about":[{"href":"https:\/\/redsemlac.com\/semmexico\/wp-json\/wp\/v2\/types\/post"}],"author":[{"embeddable":true,"href":"https:\/\/redsemlac.com\/semmexico\/wp-json\/wp\/v2\/users\/3"}],"replies":[{"embeddable":true,"href":"https:\/\/redsemlac.com\/semmexico\/wp-json\/wp\/v2\/comments?post=15722"}],"version-history":[{"count":0,"href":"https:\/\/redsemlac.com\/semmexico\/wp-json\/wp\/v2\/posts\/15722\/revisions"}],"wp:featuredmedia":[{"embeddable":true,"href":"https:\/\/redsemlac.com\/semmexico\/wp-json\/wp\/v2\/media\/15723"}],"wp:attachment":[{"href":"https:\/\/redsemlac.com\/semmexico\/wp-json\/wp\/v2\/media?parent=15722"}],"wp:term":[{"taxonomy":"category","embeddable":true,"href":"https:\/\/redsemlac.com\/semmexico\/wp-json\/wp\/v2\/categories?post=15722"},{"taxonomy":"post_tag","embeddable":true,"href":"https:\/\/redsemlac.com\/semmexico\/wp-json\/wp\/v2\/tags?post=15722"}],"curies":[{"name":"wp","href":"https:\/\/api.w.org\/{rel}","templated":true}]}}