{"id":15719,"date":"2020-01-18T23:59:23","date_gmt":"2020-01-18T23:59:23","guid":{"rendered":"https:\/\/redsemlac.com\/semmexico\/?p=15719"},"modified":"2023-07-21T15:18:56","modified_gmt":"2023-07-21T20:18:56","slug":"judibana-una-de-las-primeras-heroinas-venezolanas","status":"publish","type":"post","link":"https:\/\/redsemlac.com\/semmexico\/judibana-una-de-las-primeras-heroinas-venezolanas\/","title":{"rendered":"Judibana, una de las primeras hero\u00ednas venezolanas"},"content":{"rendered":"\n<p class=\"wp-block-paragraph\"><strong>Redacci\u00f3n Periodistas\nen Espa\u00f1ol\/ Foto: Xulio Formoso<\/strong><\/p>\n\n\n\n<p class=\"wp-block-paragraph\">SemM\u00e9xico\/Periodistas en Espa\u00f1ol. 18 de enero 2020.- Soy\nJudibana, princesa del pueblo caquet\u00edo, hija de Yanara y del cacique Manaure.\nNac\u00ed en el territorio que en 1527 se llamar\u00eda Coro. A mi hermana Caubana la\ncasaron con Juan Amp\u00edes \u00c1vila (muchos historiadores dicen que \u00e9ste fue el\nprimer matrimonio formal que se dio entre un espa\u00f1ol y una ind\u00edgena). Manaure y\nmi familia hicieron un pacto con los espa\u00f1oles, pero yo no.<\/p>\n\n\n\n<p class=\"wp-block-paragraph\">Yo opt\u00e9 por la dignidad y por eso me fui a la Pen\u00ednsula de\nParaguan\u00e1 con mi esposo, Jurijurebo. All\u00ed aprend\u00ed a cultivar la tierra, a\nprotegerme del sol cubriendo mi piel con barro, adornarme con flores del cuj\u00ed\nnegro y beber leche de las ubres de mis ovejas.<\/p>\n\n\n\n<p class=\"wp-block-paragraph\">Jurijurebo me acompa\u00f1\u00f3 en la b\u00fasqueda de la libertad para mi\npueblo. Lo apresaron m\u00e1s logr\u00f3 escapar y huy\u00f3 por las playas. Una jaur\u00eda de\nperros le persigui\u00f3, lo alcanzaron y destrozaron su cuerpo. Llor\u00e9 mi soledad\nhasta que mis l\u00e1grimas formaron la laguna de Guaranao, espejo de mi alma\nconvertida en humedal. Me hice dura como el palo del sup\u00ed y fui a pelear contra\nlos invasores. Tambi\u00e9n me apresaron, me violaron, torturaron y cortaron las\npiernas: jam\u00e1s me doblegaron.<\/p>\n\n\n\n<p class=\"wp-block-paragraph\">Cada ma\u00f1ana renazco en el coraz\u00f3n de los cardenales y\nturpiales que habitan en el estado Falc\u00f3n. Ahora, Judibana es el nombre de una\nhermosa ciudad ubicada al borde de la Refiner\u00eda de Amuay. El complejo\nurban\u00edstico que lleva mi nombre fue proyectado en 1948 y fundado en 1955.\nSiendo el primer campo petrolero fundado en Venezuela, en sus primeros a\u00f1os fue\nadministrado por los trabajadores estadounidenses y venezolanos y, desde 1976\nforma parte de los activos de la empresa venezolana Petr\u00f3leos de Venezuela\n(PDVSA, antes Lagoven).<\/p>\n\n\n\n<p class=\"wp-block-paragraph\">Por su parte, la Refiner\u00eda de Amuay, fundada en 1950, es la\nm\u00e1s grande en su g\u00e9nero en Venezuela. En 1997, se uni\u00f3 con la Refiner\u00eda de\nCard\u00f3n (tambi\u00e9n ubicada en la Pen\u00ednsula de Paraguan\u00e1) y con la Refiner\u00eda Bajo\nGrande (en el estado Zulia), cre\u00e1ndose el Centro de Refinaci\u00f3n de Paraguan\u00e1,\nuno de los m\u00e1s grandes del mundo, el cual posee, adem\u00e1s, una localizaci\u00f3n\ngeoestrat\u00e9gica frente a las costas del Mar Caribe lo cual le permite un\nintercambio comercial amplio con otras zonas del pa\u00eds y del mundo.<\/p>\n\n\n\n<p class=\"wp-block-paragraph\">En los \u00faltimos a\u00f1os (1985, 2012, 2017, 2018, 2019), este\ncentro de refinaci\u00f3n ha sufrido explosiones e incendios siendo la m\u00e1s grave la\nocurrida el 25 de agosto de 2012 cuando perdieron la vida 55 personas y\nresultaron heridas otras 156. Las cicatrices humanas y materiales de la\nTragedia de Amuay a\u00fan duelen en la memoria y en la econom\u00eda al igual que las\nconsecuencias sobre la producci\u00f3n industrial que gener\u00f3 el llamado Paro\nPetrolero sostenido durante los a\u00f1os 2002 y 2003.<\/p>\n\n\n\n<p class=\"wp-block-paragraph\">Soy s\u00edmbolo de resistencia: he vencido a los conquistadores\nespa\u00f1oles, a los Wesler de Augsburgo, a la industrializaci\u00f3n contaminante de la\nCreole Petroleum Corporation, al \u201caro Petrolero, a los reveses de gerencia, a\nlas explosiones e incendios y al bloqueo econ\u00f3mico impuesto por la presidencia\nde los Estados Unidos de Am\u00e9rica.<\/p>\n\n\n\n<p class=\"wp-block-paragraph\">Cada tarde, en el malec\u00f3n del Club Bah\u00eda, me siento a\ncontemplar la belleza del atardecer sobre el mar y pido a las olas y al viento\nincesante que traigan tiempos mejores.<\/p>\n","protected":false},"excerpt":{"rendered":"<p>Soy Judibana, princesa del pueblo caquet\u00edo, hija de Yanara y del cacique Manaure. Nac\u00ed en el territorio que en 1527 se llamar\u00eda Coro. <\/p>\n","protected":false},"author":3,"featured_media":15720,"comment_status":"open","ping_status":"open","sticky":false,"template":"","format":"standard","meta":{"_monsterinsights_skip_tracking":false,"footnotes":""},"categories":[691,53],"tags":[],"class_list":["post-15719","post","type-post","status-publish","format-standard","has-post-thumbnail","category-691","category-internacional"],"_links":{"self":[{"href":"https:\/\/redsemlac.com\/semmexico\/wp-json\/wp\/v2\/posts\/15719","targetHints":{"allow":["GET"]}}],"collection":[{"href":"https:\/\/redsemlac.com\/semmexico\/wp-json\/wp\/v2\/posts"}],"about":[{"href":"https:\/\/redsemlac.com\/semmexico\/wp-json\/wp\/v2\/types\/post"}],"author":[{"embeddable":true,"href":"https:\/\/redsemlac.com\/semmexico\/wp-json\/wp\/v2\/users\/3"}],"replies":[{"embeddable":true,"href":"https:\/\/redsemlac.com\/semmexico\/wp-json\/wp\/v2\/comments?post=15719"}],"version-history":[{"count":0,"href":"https:\/\/redsemlac.com\/semmexico\/wp-json\/wp\/v2\/posts\/15719\/revisions"}],"wp:featuredmedia":[{"embeddable":true,"href":"https:\/\/redsemlac.com\/semmexico\/wp-json\/wp\/v2\/media\/15720"}],"wp:attachment":[{"href":"https:\/\/redsemlac.com\/semmexico\/wp-json\/wp\/v2\/media?parent=15719"}],"wp:term":[{"taxonomy":"category","embeddable":true,"href":"https:\/\/redsemlac.com\/semmexico\/wp-json\/wp\/v2\/categories?post=15719"},{"taxonomy":"post_tag","embeddable":true,"href":"https:\/\/redsemlac.com\/semmexico\/wp-json\/wp\/v2\/tags?post=15719"}],"curies":[{"name":"wp","href":"https:\/\/api.w.org\/{rel}","templated":true}]}}