{"id":15690,"date":"2020-01-17T01:40:23","date_gmt":"2020-01-17T01:40:23","guid":{"rendered":"https:\/\/redsemlac.com\/semmexico\/?p=15690"},"modified":"2023-07-21T15:18:59","modified_gmt":"2023-07-21T20:18:59","slug":"ambigu-20","status":"publish","type":"post","link":"https:\/\/redsemlac.com\/semmexico\/ambigu-20\/","title":{"rendered":"Ambig\u00fa"},"content":{"rendered":"\n<h2 class=\"wp-block-heading\"> <strong>M\u00e1s bueno que malo, en reforma de Amlo al SJP<\/strong> <\/h2>\n\n\n\n<p class=\"wp-block-paragraph\"><strong>+ Reivindica a v\u00edctimas, el arraigo para todos los delitos<\/strong><\/p>\n\n\n\n<p class=\"wp-block-paragraph\"><strong>+ Justicia cotidiana: menores ser\u00e1n sancionados como adulto<\/strong><\/p>\n\n\n\n<p class=\"wp-block-paragraph\">Por Martha Elba Torres Mart\u00ednez<\/p>\n\n\n\n<p class=\"wp-block-paragraph\">SemM\u00e9xico. 16 de enero 2020.- Tres temas fundamentales dominaron el escenario medi\u00e1tico esta semana, que debemos revisar con cautela: <\/p>\n\n\n\n<p class=\"wp-block-paragraph\">El Insabi y los discursos cruzados que solo generan\nconfusi\u00f3n: L\u00f3pez Obrador dice gratuidad en todos los niveles de atenci\u00f3n\nm\u00e9dica; la Secretar\u00eda de Salud, que s\u00ed, pero hasta el 2021, y los enfermos que\ntienen que pagar las cuotas de recuperaci\u00f3n, pero tambi\u00e9n los medicamentos e\ninsumos, que tampoco hay.<\/p>\n\n\n\n<p class=\"wp-block-paragraph\">Todos nos preguntamos, \u00bfd\u00f3nde jodidos est\u00e1n los 40 mil\nmillones de pesos del Fondo de Gastos Catastr\u00f3ficos que se usar\u00edan supuestamente\npara crear el Instituto Nacional de Salud para el Bienestar, que ni siquiera\nfue capaz de elaborar sus propias reglas de operaci\u00f3n y que este a\u00f1o ejerce 272\nmil mdp? <\/p>\n\n\n\n<p class=\"wp-block-paragraph\">\u00bfLa gratuidad total en diciembre de 2020 o en 2021?, como\nasegur\u00f3 el subsecretario de Prevenci\u00f3n y Promoci\u00f3n de Salud, Hugo L\u00f3pez-Gadell?\n<\/p>\n\n\n\n<p class=\"wp-block-paragraph\">\u00bfDe d\u00f3nde saldr\u00e1n los 4 mil mdp para subsanar las cuotas de\nrecuperaci\u00f3n de los hospitales de especialidades, establecidas por la propia\nSecretar\u00eda de Hacienda? <\/p>\n\n\n\n<p class=\"wp-block-paragraph\">\u00bfC\u00f3mo entender que corren al personal que operaba Seguro\nPopular y van a contratar a nuevos para el Insabi? \u00bfSe trata de pagar compromisos\npol\u00edticos o qu\u00e9? <\/p>\n\n\n\n<p class=\"wp-block-paragraph\">Hacer mal las cosas, es corrupci\u00f3n. Por donde se le vea.<\/p>\n\n\n\n<p class=\"wp-block-paragraph\">En materia de seguridad, hubo acuerdos tambi\u00e9n esta semana,\ncon la reuni\u00f3n de la Conago con el gabinete de seguridad. Lo importante: el\nofrecimiento de la Secretar\u00eda del ramo federal, para que los estados contraten\na polic\u00edas federales que no quieren, definitivamente, incorporarse a la Guardia\nNacional.<\/p>\n\n\n\n<p class=\"wp-block-paragraph\">Ya no gastar\u00edan en reclutamiento, capacitaci\u00f3n y\ncertificaci\u00f3n. Se estiman que son unos 15 mil elementos que se encuentran a\ndisposici\u00f3n de la Unidad de Transici\u00f3n de la SSPC. Como no quiere el gobierno\nde cuarta, pagar las liquidaciones conforme a la ley, esta \u00e1rea extender\u00eda una\n\u201clicencia\u201d para poder ser contratados en los estados.<\/p>\n\n\n\n<p class=\"wp-block-paragraph\">Pero esto tambi\u00e9n tiene sus bemoles. Por un lado, el recorte\na las entidades para seguridad, porque en la narrativa es para la GN que se har\u00e1\ncargo de toda la seguridad -\u00bfcu\u00e1ndo? quien sabe-; por el otro, los sueldos de\nex polic\u00edas con experiencia, bien entrenados y muchos de alto nivel, que ten\u00edan\nsueldos decorosos. <\/p>\n\n\n\n<p class=\"wp-block-paragraph\">En Michoac\u00e1n, un polic\u00eda gana 15 mil pesos, mientras que un\nigual federal, era en promedio de 22 mil pesos. Y la dependencia de Alfonso\nDurazo no est\u00e1 dispuesta a soltar ni un quinto para apoyar a los gobernadores y\nmenos a los alcaldes. Recordemos que el desplazamiento de la GN a estados y\nparticularmente a los municipios m\u00e1s inseguros, cuesta. \u00bfD\u00f3nde no? En Chiapas,\npor ejemplo, donde se encuentran unos 27 mil elementos para frenar a los\nmigrantes centroamericanos. Y en la frontera norte. Las razones son las ordenes\nde Estados Unidos: ilegales y narcotraficantes\u2026<\/p>\n\n\n\n<p class=\"wp-block-paragraph\">&nbsp;&nbsp;&nbsp;&nbsp;&nbsp;&nbsp;&nbsp;&nbsp;&nbsp;&nbsp;&nbsp;&nbsp;&nbsp;&nbsp;&nbsp;&nbsp;&nbsp;&nbsp;&nbsp;&nbsp;&nbsp;&nbsp;&nbsp;&nbsp;&nbsp;&nbsp;&nbsp;&nbsp;&nbsp;&nbsp;&nbsp;&nbsp;&nbsp;&nbsp;&nbsp;&nbsp;&nbsp;&nbsp;&nbsp;&nbsp;&nbsp;&nbsp;&nbsp;&nbsp;&nbsp;&nbsp;&nbsp;&nbsp;&nbsp;&nbsp;&nbsp;&nbsp;&nbsp;&nbsp;&nbsp;&nbsp;&nbsp;&nbsp;&nbsp;&nbsp;&nbsp;&nbsp;&nbsp;&nbsp;&nbsp;&nbsp;&nbsp;&nbsp;&nbsp;&nbsp;&nbsp;&nbsp;&nbsp;&nbsp;&nbsp;&nbsp;&nbsp; ***<\/p>\n\n\n\n<p class=\"wp-block-paragraph\">El tercer tema en la agenda medi\u00e1tica, incluso sobre la\nfirma del T-MEC por parte del Senado estadunidense, es la reforma al Sistema de\nJusticia Penal del 2008, y que ahora propone L\u00f3pez Obrador. Y que no les\nsorprenda, queridas y queridos lectores, pero ahora s\u00ed estoy de acuerdo con el\nresidente de Palacio Nacional.<\/p>\n\n\n\n<p class=\"wp-block-paragraph\">Somos millones y millones de v\u00edctimas de los delincuentes.\nHace dos a\u00f1os, por ah\u00ed le\u00ed que se estimaba en unas 500 mil personas las que directamente\nse dedican a delinquir. Desde raterillos y conejos (robo a casa-habitaci\u00f3n),\nhasta sicarios del crimen organizado o por contrato y narcotraficantes. <\/p>\n\n\n\n<p class=\"wp-block-paragraph\">A esto hay que sumar a los c\u00f3mplices, las familias \u2013madres,\nparejas, hijos- que, conscientes de tal ocupaci\u00f3n, no solo los solapan, sino\nlos ayudan y hasta les dan la bendici\u00f3n para que la Santa Muerte los cuide y\nlos regrese sanos y salvos, despu\u00e9s de haber asesinado a un modesto conductor\npara quitarle el coche o la cartera con unos cuantos pesos y el celular.<\/p>\n\n\n\n<p class=\"wp-block-paragraph\">Una relator\u00eda del 2017, del Observatorio Nacional Ciudadano\npuede ejemplificar con mucha claridad, como poco o nada cambi\u00f3 el Sistema\nAcusatorio, la seguridad y la justicia en M\u00e9xico. Por el contrario, el\nsupergarantista modelo solo benefici\u00f3 a la delincuencia con la presunci\u00f3n de\ninocencia y dej\u00f3 en la indefensi\u00f3n a las v\u00edctimas.<\/p>\n\n\n\n<p class=\"wp-block-paragraph\">El caso que a tres a\u00f1os, uno, bajo el gobierno de cuarta, en\nmateria de seguridad y justicia todo sigue igual. O peor:<\/p>\n\n\n\n<p class=\"wp-block-paragraph\">-La lucha entre grupos de delincuencia organizada, y de\nestos contra el Estado, con la finalidad de obtener el control de territorios,\nes m\u00e1s desafiante, extendida y sanguinaria.<\/p>\n\n\n\n<p class=\"wp-block-paragraph\">-La debilidad institucional para controlar y combatir el\ndelito se agudiz\u00f3 con esa memorable expresi\u00f3n: a los criminales, abrazos no\nbalazos.<\/p>\n\n\n\n<p class=\"wp-block-paragraph\">La corrupci\u00f3n de autoridades, mandos e incluso de municipios\nenteros, que por dinero o por miedo, se entregan a los grupos criminales. <\/p>\n\n\n\n<p class=\"wp-block-paragraph\">Un bot\u00f3n de muestra, es el caso de La Huacana, donde en mayo\nde 2019, videos mostraron el desarme y secuestro de un grupo de soldados. El\nrescate que pag\u00f3 el Ej\u00e9rcito, fue la devoluci\u00f3n de las armas que les hab\u00edan\ndecomisado \u2013incluido un Barret-, tras un enfrentamiento con el grupo\ndelincuencial de Churumuco. Pues el pasado fin de semana, \u00e9ste mismo atac\u00f3 a\npolic\u00edas. Hasta el cierre de esta entrega, cuatro de estos segu\u00edan en calidad\nde desaparecidos.<\/p>\n\n\n\n<p class=\"wp-block-paragraph\">En rueda de prensa, el pasado lunes 13, y a pregunta de esta\ncolumnista, el secretario de Seguridad P\u00fablica del estado, Israel Patr\u00f3n,\nacept\u00f3 que los grupos que operan en estos municipios \u201cest\u00e1n plenamente\nidentificados\u201d.<\/p>\n\n\n\n<p class=\"wp-block-paragraph\"><strong>\u00bfY por qu\u00e9 no los\ndetienen?<\/strong><\/p>\n\n\n\n<p class=\"wp-block-paragraph\">-Estamos trabajando en ello.<\/p>\n\n\n\n<p class=\"wp-block-paragraph\">Mientras, m\u00e1s polic\u00edas pueden ser desaparecidos o\nasesinados. Que para el caso, tr\u00e1gicamente, es lo mismo\u2026<\/p>\n\n\n\n<p class=\"wp-block-paragraph\">&nbsp;&nbsp;&nbsp;&nbsp;&nbsp;&nbsp;&nbsp;&nbsp;&nbsp;&nbsp;&nbsp;&nbsp;&nbsp;&nbsp;&nbsp;&nbsp;&nbsp;&nbsp;&nbsp;&nbsp;&nbsp;&nbsp;&nbsp;&nbsp;&nbsp;&nbsp;&nbsp;&nbsp;&nbsp;&nbsp;&nbsp;&nbsp;&nbsp;&nbsp;&nbsp;&nbsp;&nbsp;&nbsp;&nbsp;&nbsp;&nbsp;&nbsp;&nbsp;&nbsp;&nbsp;&nbsp;&nbsp;&nbsp;&nbsp;&nbsp;&nbsp;&nbsp;&nbsp;&nbsp;&nbsp;&nbsp;&nbsp;&nbsp;&nbsp;&nbsp;&nbsp;&nbsp;&nbsp;&nbsp;&nbsp;&nbsp;&nbsp;&nbsp;&nbsp;&nbsp;&nbsp;&nbsp;&nbsp;&nbsp;&nbsp;&nbsp;&nbsp;&nbsp;&nbsp;&nbsp;&nbsp;&nbsp;&nbsp;&nbsp;&nbsp;&nbsp;&nbsp;&nbsp;&nbsp;&nbsp;&nbsp;&nbsp;&nbsp; ***<\/p>\n\n\n\n<p class=\"wp-block-paragraph\">Pero en lo que estoy. <\/p>\n\n\n\n<p class=\"wp-block-paragraph\">Es multifactorial la raz\u00f3n por la que el Sistema Acusatorio\nno dio lo resultados esperados. Desde mi mirada, tiene que ver con la cultura\nde la legalidad. A Estados Unidos le funciona porque la ley se aplica y ya. No\nse discute ni negocia.<\/p>\n\n\n\n<p class=\"wp-block-paragraph\">El otro aspecto, y posiblemente en esto tambi\u00e9n tenga raz\u00f3n\nAmlo, se destinaron muchos recursos a la capacitaci\u00f3n, equipamiento e infraestructura\nde las \u00e1reas de procuraci\u00f3n y administraci\u00f3n de justicia \u00bfy qu\u00e9 pas\u00f3?<\/p>\n\n\n\n<p class=\"wp-block-paragraph\">Pues todo indica que el 1 de febrero, entrar\u00e1 al Senado como\nC\u00e1mara de origen, el paquete de reformas al Sistema Judicial, que recuperar\u00e1\nelementos del Sistema Inquisitivo Mixto y rescatar\u00e1 lo que funcion\u00f3, del\nAcusatorio.<\/p>\n\n\n\n<p class=\"wp-block-paragraph\">Por cuestiones de espacio, se resume lo relevante de la\npropuesta:<\/p>\n\n\n\n<p class=\"wp-block-paragraph\">-Elimina los jueces de control. Lo que se le llam\u00f3 la puerta\ngiratoria para los delincuentes. Con la reforma, solo ser\u00e1n jueces en general.<\/p>\n\n\n\n<p class=\"wp-block-paragraph\">-Regresa la c\u00e1rcel para todo tipo de delincuentes, no nada\nm\u00e1s secuestradores, homicidas y narcos. Pero ahora bajo la figura del arraigo,\nque no exceda de 40 d\u00edas, y que sea necesaria para el \u00e9xito de la\ninvestigaci\u00f3n, la protecci\u00f3n de personas o bienes jur\u00eddicos, o cuando exista\nriesgo de que se pele.<\/p>\n\n\n\n<p class=\"wp-block-paragraph\">-Las v\u00edctimas u ofendidos de un delito podr\u00e1n solicitar la\nrealizaci\u00f3n de un cateo domiciliario y no s\u00f3lo el Ministerio P\u00fablico.<\/p>\n\n\n\n<p class=\"wp-block-paragraph\">-Las pruebas consideradas il\u00edcitas por c\u00f3mo fueron\nobtenidas, podr\u00e1n ser tomadas en consideraci\u00f3n y valoradas por el juzgador de\nuna causa.<\/p>\n\n\n\n<p class=\"wp-block-paragraph\">-Como los delitos fiscales y electorales ya son graves,\npodr\u00e1 autorizarse intervenci\u00f3n telef\u00f3nica. No aplica en materia mercantil,\ncivil, laboral o administrativo, ni en el caso de las comunicaciones del\ndetenido con su defensor.<\/p>\n\n\n\n<p class=\"wp-block-paragraph\">-Los jueces y magistrados de todo el pa\u00eds podr\u00e1n ser\nacusados ante el Senado por incurrir en corrupci\u00f3n en los procesos judiciales penales\nque tienen en sus manos. Lo p\u00e9simo, porque politiza: que sean investigados por\nlegisladores federales y un tribunal especial \u2013no el Consejo de la Judicatura-,\nnombrado por el Presidente de la Rep\u00fablica y la C\u00e1mara Alta.<\/p>\n\n\n\n<p class=\"wp-block-paragraph\">-La administraci\u00f3n de los Juzgados y Tribunales\nespecializados en materia de responsabilidad penal estar\u00e1 a cargo de la Suprema\nCorte de Justicia de la Naci\u00f3n, pero la vigilancia y disciplina, estar\u00e1 a cargo\ndel Senado. \u00a1Uff!<\/p>\n\n\n\n<p class=\"wp-block-paragraph\">-C\u00e1rceles abiertas para los reclusos que no representen un\npeligro grave para la sociedad, a partir de la reclasificaci\u00f3n de niveles de\nseguridad en los penales.<\/p>\n\n\n\n<p class=\"wp-block-paragraph\">-Incluye la figura de la comisi\u00f3n de delitos por\nadolescentes que participen en pandillas y asociaci\u00f3n delictuosa, sean\nprestanombres de la defraudaci\u00f3n fiscal y equiparable. Mantiene el principio de\nque la reclusi\u00f3n de los menores ser\u00e1 s\u00f3lo en caso extremo y refrenda el respeto\nal debido proceso en todo lo relacionado con delitos en los que se vea\ninvolucrado.<\/p>\n\n\n\n<p class=\"wp-block-paragraph\">-Por lo que toca a la justicia cotidiana, los adolescentes,\nde entre 12 y 18 a\u00f1os, s\u00ed ser\u00e1n considerados responsables c\u00edvicamente, por lo\nque ser\u00e1n sancionados de la misma forma que un adulto, con amonestaciones y\nservicios a la comunidad; en algunos casos, con multas, que deber\u00e1n pagar sus\npadres o tutores.<\/p>\n\n\n\n<p class=\"wp-block-paragraph\">Objetivamente, sin filias ni fobias, sin juicios de valor\nemocional, \u00bfes o no, en la mayor\u00eda de los t\u00e9rminos, adecuada la reforma que\npropone Amlo?<\/p>\n","protected":false},"excerpt":{"rendered":"<p>M\u00e1s bueno que malo, en reforma de Amlo al SJP<\/p>\n","protected":false},"author":3,"featured_media":9024,"comment_status":"open","ping_status":"open","sticky":false,"template":"","format":"standard","meta":{"_monsterinsights_skip_tracking":false,"footnotes":""},"categories":[691,99,90],"tags":[],"class_list":["post-15690","post","type-post","status-publish","format-standard","has-post-thumbnail","category-691","category-ambigu","category-martha-elba-torres-martinez"],"_links":{"self":[{"href":"https:\/\/redsemlac.com\/semmexico\/wp-json\/wp\/v2\/posts\/15690","targetHints":{"allow":["GET"]}}],"collection":[{"href":"https:\/\/redsemlac.com\/semmexico\/wp-json\/wp\/v2\/posts"}],"about":[{"href":"https:\/\/redsemlac.com\/semmexico\/wp-json\/wp\/v2\/types\/post"}],"author":[{"embeddable":true,"href":"https:\/\/redsemlac.com\/semmexico\/wp-json\/wp\/v2\/users\/3"}],"replies":[{"embeddable":true,"href":"https:\/\/redsemlac.com\/semmexico\/wp-json\/wp\/v2\/comments?post=15690"}],"version-history":[{"count":0,"href":"https:\/\/redsemlac.com\/semmexico\/wp-json\/wp\/v2\/posts\/15690\/revisions"}],"wp:featuredmedia":[{"embeddable":true,"href":"https:\/\/redsemlac.com\/semmexico\/wp-json\/wp\/v2\/media\/9024"}],"wp:attachment":[{"href":"https:\/\/redsemlac.com\/semmexico\/wp-json\/wp\/v2\/media?parent=15690"}],"wp:term":[{"taxonomy":"category","embeddable":true,"href":"https:\/\/redsemlac.com\/semmexico\/wp-json\/wp\/v2\/categories?post=15690"},{"taxonomy":"post_tag","embeddable":true,"href":"https:\/\/redsemlac.com\/semmexico\/wp-json\/wp\/v2\/tags?post=15690"}],"curies":[{"name":"wp","href":"https:\/\/api.w.org\/{rel}","templated":true}]}}