{"id":15687,"date":"2020-01-17T01:38:00","date_gmt":"2020-01-17T01:38:00","guid":{"rendered":"https:\/\/redsemlac.com\/semmexico\/?p=15687"},"modified":"2023-07-21T15:18:24","modified_gmt":"2023-07-21T20:18:24","slug":"oaxaca-119","status":"publish","type":"post","link":"https:\/\/redsemlac.com\/semmexico\/oaxaca-119\/","title":{"rendered":"Impunidad en Oaxaca: \u201cS\u00f3lo muertas nos escuchan\u201d"},"content":{"rendered":"\n<p class=\"wp-block-paragraph\"><strong>* Ex agente de\nFiscal\u00eda exige justicia<\/strong><\/p>\n\n\n\n<p class=\"wp-block-paragraph\"><strong>* Su victimario\nprincipal es el director de la FERI<\/strong><\/p>\n\n\n\n<p class=\"wp-block-paragraph\"><strong>Yuridiana Sosa<\/strong><\/p>\n\n\n\n<p class=\"wp-block-paragraph\">SemM\u00e9xico\/ZonaRoja, Oaxaca, 16 de enero&nbsp; 2020.- El\nsue\u00f1o de ser parte de la justicia en Oaxaca acab\u00f3 pronto para Lucero.<\/p>\n\n\n\n<p class=\"wp-block-paragraph\">Desde las entra\u00f1as de la Fiscal\u00eda General del Estado (FGE)\nla vida de la joven de 31 a\u00f1os se quebr\u00f3. Su caso, v\u00edctima de una violaci\u00f3n, es\nuno m\u00e1s para el archivo de la Fiscal\u00eda Especializada para la Atenci\u00f3n a Delitos\nContra la Mujer por Raz\u00f3n de G\u00e9nero.<\/p>\n\n\n\n<p class=\"wp-block-paragraph\">La investigaci\u00f3n bajo el n\u00famero 17679\/FMUJ\/USEX\/2019 no\navanza. Es m\u00e1s, piden testigos para respaldar el caso que, a decir del personal\ndel Ministerio P\u00fablico, es d\u00e9bil, refiere la v\u00edctima en entrevista para Zona\nRoja.<\/p>\n\n\n\n<p class=\"wp-block-paragraph\">La ex integrante de Fuerza Especial de Reacci\u00f3n Inmediata\n(FERI), de la Agencia Estatal de Investigaciones (AEI), a cargo de la FGE,\ntambi\u00e9n se\u00f1al\u00f3 en su declaraci\u00f3n una serie de hechos violatorios en su contra.\nAbuso de poder, acoso sexual, hostigamiento sexual y laboral.<\/p>\n\n\n\n<p class=\"wp-block-paragraph\">Frustrada por la injusticia, Lucero explica que la\ninvestigaci\u00f3n quiz\u00e1 no avanza porque su victimario principal es el director de\nla FERI, Te\u00f3filo Ruiz Carmona, entre otros cuatro comandantes de esa\ncorporaci\u00f3n.<\/p>\n\n\n\n<p class=\"wp-block-paragraph\">Este caso tambi\u00e9n qued\u00f3 asentado en la Defensor\u00eda de los\nDerechos Humanos del Pueblo de Oaxaca, bajo el expediente\nDDHPO\/1038\/(01)OAX\/2019, pues adem\u00e1s ha recibido amenazas de sus agresores para\nque retire el proceso penal o podr\u00edan afectar a su padre.<\/p>\n\n\n\n<p class=\"wp-block-paragraph\">El fiscal Rub\u00e9n Vasconcelos M\u00e9ndez jam\u00e1s la recibi\u00f3 para\nescucharla, recuerda la joven madre con estudios de Criminolog\u00eda y\nCriminalista, quien desde su retiro de la corporaci\u00f3n y ante los hechos no ha\nlogrado incorporarse al mundo laboral.<\/p>\n\n\n\n<p class=\"wp-block-paragraph\">&nbsp;\u201cNo encuentro el\nvalor de pararme frente a la gente, menos frente a un hombre\u201d, sostiene con la\nvoz quebrantada.<\/p>\n\n\n\n<p class=\"wp-block-paragraph\"><strong>Agresi\u00f3n desde el MP<\/strong><\/p>\n\n\n\n<p class=\"wp-block-paragraph\">\u201cEsto no se supera (\u2026) S\u00f3lo muertas nos escuchan, qu\u00e9 m\u00e1s\nda\u00f1os quieren que nos causen\u201d, sentencia la ex agente ante la tardanza e\nincluso se\u00f1alamientos por raz\u00f3n de g\u00e9nero que recibi\u00f3 por parte del Ministerio\nP\u00fablico al realizar su demanda.<\/p>\n\n\n\n<p class=\"wp-block-paragraph\">En la entrevista, Lucero fue cuestionada c\u00f3mo iba vestida en\nel momento que fue atacada sexualmente por su agresor. \u201cMe hicieron sentir\nculpable\u201d, confiesa, a pesar que cada uno de los actos en su contra se\nrealizaron en el entorno laboral, cuando vest\u00eda su uniforme.<\/p>\n\n\n\n<p class=\"wp-block-paragraph\">Por verg\u00fcenza y miedo, la mujer realiz\u00f3 una primera denuncia\npor abuso sexual y hostigamiento ante los hechos ocurridos en 2018, luego de\ncasi un a\u00f1o de sufrir las agresiones. Sin embargo, se decidi\u00f3 a confesar que\ntambi\u00e9n se trat\u00f3 de una violaci\u00f3n, por lo que el proceso de reclasificaci\u00f3n de\ndelito es una excusa m\u00e1s para dilatar en el proceso.<\/p>\n\n\n\n<p class=\"wp-block-paragraph\">Para reforzar la investigaci\u00f3n le solicitan testigos, pero\nbajo esas circunstancias, donde el agresor es el jefe, los mandos medios\ntambi\u00e9n son victimarios y el resto teme de un despido, castigo u hostigamiento\nlaboral, no hay quien apoye su declaraci\u00f3n.<\/p>\n\n\n\n<p class=\"wp-block-paragraph\">Lucero se siente desesperada. Renunci\u00f3 a su trabajo, cambi\u00f3\nde domicili\u00f3. Trat\u00f3 de buscar una nueva vida junto a sus hijos, quienes tambi\u00e9n\nsufren los hechos y de la impunidad.<\/p>\n\n\n\n<p class=\"wp-block-paragraph\">Mientras que Ruiz Carmina contin\u00faa al mando de la FERI; de\neste comandante, con varios lustros en el cargo, pesan diversas denuncias de\nacoso sexual, pese a que \u00e9l es responsable de indagar casos especiales de\nfeminicidio y agresiones a mujeres, por encargo del fiscal Vasconcelos, de\nquien recibe \u00f3rdenes de manera directa.<\/p>\n\n\n\n<p class=\"wp-block-paragraph\"><strong>Otro caso impune<\/strong><\/p>\n\n\n\n<p class=\"wp-block-paragraph\">Para Alfonsina el caso no es menos grave. Ella perdi\u00f3 a su\nbeb\u00e9 como consecuencia del abuso de autoridad de sus altos mandos en distintas\nunidades de la Fiscal\u00eda General del Estado, en donde los problemas comenzaron\npor impedir el abuso sexual de uno de ellos frente a una serie de constante\nacoso.<\/p>\n\n\n\n<p class=\"wp-block-paragraph\">El caso, donde el se\u00f1alado tambi\u00e9n es el director del Fuerza\nEspecial de Reacci\u00f3n Inmediata (FERI), Te\u00f3filo Ruiz Carmona, qued\u00f3 asentado\nante la Fiscal\u00eda Especializada para la Atenci\u00f3n a Delitos Contra la Mujer por\nRaz\u00f3n de G\u00e9nero y en la Defensor\u00eda de Derechos Humanos del Pueblo de Oaxaca con\nel expediente DDHPO\/725\/(01)\/ OAX\/2019.<\/p>\n\n\n\n<p class=\"wp-block-paragraph\">Tres meses despu\u00e9s de llegar a la FERI, como parte de su\nsuperaci\u00f3n laboral y profesional, y durante su primer operativo, en marzo de\n2019, el director trat\u00f3 de abusar sexualmente de ella, a quien reubic\u00f3 de\nunidad, con menos salario, como una represi\u00f3n.<\/p>\n\n\n\n<p class=\"wp-block-paragraph\">La mujer de 36 a\u00f1os, quien se mantienen como trabajadora de\nla Fiscal\u00eda General del Estado, no se rinde en busca de justicia, pues como\nparte de las represiones que sufri\u00f3 se encuentra la asignaci\u00f3n a unidades\noperativas que expusieron su embarazo de alto riesgo, aun bajo el conocimiento\nde los comandantes.<\/p>\n\n\n\n<p class=\"wp-block-paragraph\">Por los distintos abusos, Alfonsina tambi\u00e9n responsabiliz\u00f3\nal ex director de la Agencia Estatal de Investigaci\u00f3n, el Comandante, Francisco\nGinez; el Supervisor Comandante, Sonfon\u00edas Hern\u00e1ndez y la Comandante de\nFeminicidios, Elizabeth Torija.<\/p>\n\n\n\n<p class=\"wp-block-paragraph\">Alfonsina no pierde las esperanzas y a\u00fan conf\u00eda en que el\nfiscal Rub\u00e9n Vasconcelos no dejar\u00e1 pasar por alto su caso y el de Lucero,\nquienes sufrieron las agresiones dentro de \u201ccasa\u201d, donde supuestamente se\nprocura la justicia.<\/p>\n\n\n\n<p class=\"wp-block-paragraph\">El FERI fue creado en 1997 para llevar a cabo comisiones de\ncombate de acci\u00f3n directa e indirecta,&nbsp; mediante operaciones ofensivas que\ncubren un amplio espectro de operaciones; se dedican asimismo a obtener\ninformaci\u00f3n por distintas v\u00edas y est\u00e1n al mando directo del titular de la\nFiscal\u00eda General del Estado; Ruiz Carmona permanece en el cargo pese a diversas\ndenuncias de acoso, adem\u00e1s de ingresar a amigos y familiares en la corporaci\u00f3n.<\/p>\n\n\n\n<p class=\"wp-block-paragraph\">SEM\/ys<\/p>\n","protected":false},"excerpt":{"rendered":"<p>Ex agente de Fiscal\u00eda exige justicia<\/p>\n","protected":false},"author":3,"featured_media":15688,"comment_status":"open","ping_status":"open","sticky":false,"template":"","format":"standard","meta":{"_monsterinsights_skip_tracking":false,"footnotes":""},"categories":[691,47,48],"tags":[],"class_list":["post-15687","post","type-post","status-publish","format-standard","has-post-thumbnail","category-691","category-no-mas-impunidad","category-no-mas-impunidad-no-mas-impunidad"],"_links":{"self":[{"href":"https:\/\/redsemlac.com\/semmexico\/wp-json\/wp\/v2\/posts\/15687","targetHints":{"allow":["GET"]}}],"collection":[{"href":"https:\/\/redsemlac.com\/semmexico\/wp-json\/wp\/v2\/posts"}],"about":[{"href":"https:\/\/redsemlac.com\/semmexico\/wp-json\/wp\/v2\/types\/post"}],"author":[{"embeddable":true,"href":"https:\/\/redsemlac.com\/semmexico\/wp-json\/wp\/v2\/users\/3"}],"replies":[{"embeddable":true,"href":"https:\/\/redsemlac.com\/semmexico\/wp-json\/wp\/v2\/comments?post=15687"}],"version-history":[{"count":0,"href":"https:\/\/redsemlac.com\/semmexico\/wp-json\/wp\/v2\/posts\/15687\/revisions"}],"wp:featuredmedia":[{"embeddable":true,"href":"https:\/\/redsemlac.com\/semmexico\/wp-json\/wp\/v2\/media\/15688"}],"wp:attachment":[{"href":"https:\/\/redsemlac.com\/semmexico\/wp-json\/wp\/v2\/media?parent=15687"}],"wp:term":[{"taxonomy":"category","embeddable":true,"href":"https:\/\/redsemlac.com\/semmexico\/wp-json\/wp\/v2\/categories?post=15687"},{"taxonomy":"post_tag","embeddable":true,"href":"https:\/\/redsemlac.com\/semmexico\/wp-json\/wp\/v2\/tags?post=15687"}],"curies":[{"name":"wp","href":"https:\/\/api.w.org\/{rel}","templated":true}]}}