{"id":15641,"date":"2020-01-16T01:07:16","date_gmt":"2020-01-16T01:07:16","guid":{"rendered":"https:\/\/redsemlac.com\/semmexico\/?p=15641"},"modified":"2023-07-21T15:18:25","modified_gmt":"2023-07-21T20:18:25","slug":"con-perspectiva-de-genero-la-reforma-al-sistema-de-justicia","status":"publish","type":"post","link":"https:\/\/redsemlac.com\/semmexico\/con-perspectiva-de-genero-la-reforma-al-sistema-de-justicia\/","title":{"rendered":"Con perspectiva de g\u00e9nero la reforma al sistema de justicia"},"content":{"rendered":"\n<ul class=\"wp-block-list\"><li><strong>M\u00f3nica Fern\u00e1ndez\u00a0Balboa, presidenta\u00a0del Senado de la Rep\u00fablica lo ofrece.\u00a0<\/strong><\/li><\/ul>\n\n\n\n<ul class=\"wp-block-list\"><li><strong>Modificar\u00e1n 14 Art\u00edculos de la Constituci\u00f3n de la Rep\u00fablica y habr\u00e1 dos c\u00f3digos sombrilla.<\/strong>\u00a0<\/li><\/ul>\n\n\n\n<p class=\"wp-block-paragraph\"><strong>Por Sara Lovera<\/strong><\/p>\n\n\n\n<p class=\"wp-block-paragraph\">SemM\u00e9xico. Cd. de M\u00e9xico. 15 de enero de 2020.- La presidenta del Senado de la Rep\u00fablica, M\u00f3nica Fern\u00e1ndez Balboa se comprometi\u00f3 a impulsar en la Reforma Integral del Sistema de Justicia desde la perspectiva de g\u00e9nero, para combatir&nbsp;la violencia&nbsp;contra las mujeres&nbsp;y todas las formas de discriminaci\u00f3n que afectan a la&nbsp;mitad de la poblaci\u00f3n.<\/p>\n\n\n\n<p class=\"wp-block-paragraph\">Adem\u00e1s se comprometi\u00f3 a&nbsp;una reforma integral al sistema de justicia,&nbsp;para&nbsp;proteger a las v\u00edctimas; asegurar que los responsables de los delitos no queden impunes y que las autoridades act\u00faen con la mayor rectitud y honestidad en el cumplimiento de sus funciones, siempre respetando los derechos humanos\u201d.<\/p>\n\n\n\n<p class=\"wp-block-paragraph\">Ello sucedi\u00f3 en la&nbsp;reuni\u00f3n de&nbsp;Junta de Coordinaci\u00f3n Pol\u00edtica del Senado en donde se inici\u00f3 el examen del contenido de las iniciativas que presentar\u00e1 el Ejecutivo al comienzo de febrero, iniciativas que buscan reformar el sistema de justicia en el pa\u00eds, y en la que participaron Olga S\u00e1nchez Cordero, titular de Gobernaci\u00f3n y en paridad alrededor de 12 senadoras, algunas jefas de las comisiones dictaminadoras.<\/p>\n\n\n\n<p class=\"wp-block-paragraph\">En esa reuni\u00f3n estuvieron el funcionariado federal y las coordinaciones de todos los grupos parlamentarios,&nbsp;&#8211; s\u00f3lo una mujer coordinadora-,&nbsp;as\u00ed como las comisiones especializadas,&nbsp;Ricardo Monreal, presidente de la Junta dijo que se har\u00e1 un an\u00e1lisis profundo y se discutir\u00e1 con la sociedad en parlamento abierto, antes de &nbsp;hacer los cambios.&nbsp;O sea que ser\u00e1n citadas personas conocedoras, especialistas, intelectuales, defensoras y defensores, de las universidades y centros de estudios superiores. Jueces, juezas, integrantes de tribunales.&nbsp;<\/p>\n\n\n\n<ul class=\"wp-block-gallery columns-2 is-cropped wp-block-gallery-1 is-layout-flex wp-block-gallery-is-layout-flex\"><li class=\"blocks-gallery-item\"><figure><img decoding=\"async\" src=\"https:\/\/redsemlac.com\/semmexico\/wp-content\/uploads\/2020\/01\/WhatsApp-Image-2020-01-15-at-6.45.42-PM-1024x682.jpeg\" alt=\"\" data-id=\"15643\" data-link=\"https:\/\/redsemlac.com\/semmexico\/?attachment_id=15643\" class=\"wp-image-15643\"\/><\/figure><\/li><li class=\"blocks-gallery-item\"><figure><img decoding=\"async\" src=\"https:\/\/redsemlac.com\/semmexico\/wp-content\/uploads\/2020\/01\/WhatsApp-Image-2020-01-15-at-6.45.50-PM-1024x682.jpeg\" alt=\"\" data-id=\"15644\" data-link=\"https:\/\/redsemlac.com\/semmexico\/?attachment_id=15644\" class=\"wp-image-15644\"\/><\/figure><\/li><li class=\"blocks-gallery-item\"><figure><img decoding=\"async\" src=\"https:\/\/redsemlac.com\/semmexico\/wp-content\/uploads\/2020\/01\/WhatsApp-Image-2020-01-15-at-6.46.06-PM-1024x682.jpeg\" alt=\"\" data-id=\"15645\" data-link=\"https:\/\/redsemlac.com\/semmexico\/?attachment_id=15645\" class=\"wp-image-15645\"\/><\/figure><\/li><li class=\"blocks-gallery-item\"><figure><img decoding=\"async\" src=\"https:\/\/redsemlac.com\/semmexico\/wp-content\/uploads\/2020\/01\/WhatsApp-Image-2020-01-15-at-6.46.52-PM-1024x682.jpeg\" alt=\"\" data-id=\"15646\" data-link=\"https:\/\/redsemlac.com\/semmexico\/?attachment_id=15646\" class=\"wp-image-15646\"\/><\/figure><\/li><\/ul>\n\n\n\n<p class=\"wp-block-paragraph\">Le llaman Parlamento Abierto, antes Consulta&nbsp;Parlamntaria, o Asamblea Comunitaria. Todas las personas que se apunten podr\u00e1n dar sus puntos de vista.&nbsp;<\/p>\n\n\n\n<p class=\"wp-block-paragraph\">La presidenta del&nbsp;Senado hizo notar que se inici\u00f3 una nueva fase de di\u00e1logo republicano, que el paquete de iniciativas para la reforma se har\u00e1 con y para el Poder Judicial, y dijo estar segura que se dar\u00e1&nbsp;respuesta a uno de los reclamos m\u00e1s sentidos de la sociedad mexicana, una sociedad cansada e indignada por los problemas de violencia e inseguridad que nos aquejan desde hace ya m\u00e1s de una d\u00e9cada.<\/p>\n\n\n\n<p class=\"wp-block-paragraph\">En esta reuni\u00f3n, con el&nbsp;env\u00edo de este paquete de iniciativas al Congreso de la Uni\u00f3n, arranc\u00f3 formalmente&nbsp;el proceso legislativo de una reforma profunda, compleja e integral&nbsp;al sistema, porque hoy el 98 por ciento de los delitos quedan impunes.&nbsp;<\/p>\n\n\n\n<p class=\"wp-block-paragraph\">La presidenta del Senado record\u00f3 que esta es la&nbsp;C\u00e1mara de origen,&nbsp;y&nbsp;ofreci\u00f3n&nbsp;analizar&nbsp;las&nbsp;iniciativas&nbsp;\u201cde manera responsable, abri\u00e9ndose a la participaci\u00f3n de la sociedad de forma consistente con el modelo de Parlamento Abierto que esta LXIV Legislatura ha adoptado en las discusiones m\u00e1s relevantes de la agenda legislativa\u201d,&nbsp;dentro del marco de respeto a la autonom\u00eda de los Poderes de la Uni\u00f3n.<\/p>\n\n\n\n<p class=\"wp-block-paragraph\">Monreal \u00c1vila&nbsp;advirti\u00f3 que \u201cno se apresurar\u00e1 en el an\u00e1lisis de las iniciativas para reformar el sistema de procuraci\u00f3n y administraci\u00f3n de justicia, pues quieren brindar instrumentos jur\u00eddicos que permanezcan y que sean eficaces para enfrentar el problema de inseguridad, impunidad y violencia que sufre el pa\u00eds\u201d.<\/p>\n\n\n\n<p class=\"wp-block-paragraph\"><strong>QU\u00c9 SE REFORMAR\u00c1<\/strong><\/p>\n\n\n\n<p class=\"wp-block-paragraph\">Las iniciativas&nbsp;tendientes a concentrar todos los delitos en un solo c\u00f3digo, o dos&nbsp;prevee&nbsp;dos nuevos ordenamientos jur\u00eddicos nacionales, Ley Nacional de Cultura y Justicia C\u00edvica, y el C\u00f3digo Penal Nacional; y reformas al C\u00f3digo Nacional de Procedimientos Penales, a la Ley de Amparo, a la Ley Nacional de Ejecuci\u00f3n Penal, a la Ley Nacional del Sistema Integral de Justicia para Adolescentes, a la Ley Org\u00e1nica de la Fiscal\u00eda General de la Rep\u00fablica, y a la Ley Org\u00e1nica del Poder Judicial de la Federaci\u00f3n.&nbsp;&nbsp;<\/p>\n\n\n\n<p class=\"wp-block-paragraph\">La reforma, seg\u00fan explic\u00f3 Ricardo&nbsp;Monrreal,&nbsp;plantea&nbsp;cambios&nbsp;a 14 art\u00edculos constitucionales: El 5, el 16, el 18, el 19, el 20, el 21, el 73, el 76, el 94, el 97, el 101, el 102, el 116 y el 122.&nbsp;Y destac\u00f3&nbsp;que,\u201d&nbsp;aunque no se trata de un asunto f\u00e1cil, el Senado actuar\u00e1 con toda responsabilidad y seriedad en la&nbsp;dictaminaci\u00f3n\u201d.<\/p>\n\n\n\n<p class=\"wp-block-paragraph\"><strong>Puntos relevantes de las iniciativas<\/strong><\/p>\n\n\n\n<p class=\"wp-block-paragraph\">En la presentaci\u00f3n de los proyectos de iniciativas en materia de justicia que el Ejecutivo Federal enviar\u00e1 el Senado de la Rep\u00fablica el 1 de febrero pr\u00f3ximo, se destac\u00f3 que se buscar\u00e1 el fortalecimiento del sistema de justicia en favor de la sociedad en general, con el combate a la inseguridad, la corrupci\u00f3n y la impunidad.<\/p>\n\n\n\n<ul class=\"wp-block-list\"><li>\u00a0 Ley de Justicia C\u00edvica: Se pretende la prevenci\u00f3n de la delincuencia desde su inicio, protegiendo la convivencia cotidiana frente al asedio de la delincuencia com\u00fan y de su colusi\u00f3n con polic\u00edas y funcionarios municipales.<\/li><\/ul>\n\n\n\n<ul class=\"wp-block-list\"><li>Se priorizar\u00e1 la reparaci\u00f3n inmediata del da\u00f1o, con la obligaci\u00f3n del Estado de repararlo en los casos de las personas m\u00e1s vulnerables.<\/li><\/ul>\n\n\n\n<ul class=\"wp-block-list\"><li> Se promover\u00e1 el trabajo comunitario para fortalecer las redes sociales y los valores c\u00edvicos, para que el infractor entienda que ofende a la sociedad y as\u00ed evitar el pago de multas con las que no se comprometen a nada con la falta que cometen.<\/li><\/ul>\n\n\n\n<ul class=\"wp-block-list\"><li> Proyecto de C\u00f3digo Penal Nacional: Se buscar\u00e1 homologar todos los delitos, su tipicidad y agravantes, en una sola ley que le d\u00e9 certeza y equilibrio a la defensa\u00a0social en todo el pa\u00eds, y con ello evitar tener 32 c\u00f3digos, bajo la justificaci\u00f3n de que si no hay una homologaci\u00f3n de defensa social, no puede haber tampoco una homologaci\u00f3n de defensa de cada una de las personas.<\/li><\/ul>\n\n\n\n<ul class=\"wp-block-list\"><li> Permitir\u00e1 a las entidades federativas establecer delitos espec\u00edficos, considerando sus ra\u00edces culturales y sus caracter\u00edsticas regionales.<\/li><\/ul>\n\n\n\n<ul class=\"wp-block-list\"><li> Se establecer\u00e1 con toda precisi\u00f3n la competencia local y la federal, en raz\u00f3n de la defensa de los derechos individuales, por un lado, y por el otro los derechos inalienables de la naci\u00f3n.<\/li><\/ul>\n\n\n\n<ul class=\"wp-block-list\"><li> Corresponsabilizar a las autoridades federales y estatales de manera clara y espec\u00edfica en su lucha contra la delincuencia organizada. Adem\u00e1s, proteger a las v\u00edctimas para que denuncien delitos con toda fortaleza. Tambi\u00e9n, defender a la v\u00edctima y no al victimario y que el Ministerio P\u00fablico sea auxiliar del que lo necesite.<\/li><\/ul>\n\n\n\n<ul class=\"wp-block-list\"><li>Proyecto de Ley Nacional de Ejecuci\u00f3n Penal: Todos los\u00a0primodelincuentes\u00a0deben tener c\u00e1rceles abiertas, para no convertirlas en alumnos de las escuelas del crimen, c\u00e1rceles abiertas bajo control, pero c\u00e1rceles abiertas.<\/li><\/ul>\n\n\n\n<ul class=\"wp-block-list\"><li>Todos los reincidentes tienen que ir a la c\u00e1rcel, y las c\u00e1rceles tienen que ser centros de productividad, centros de industria, centros de capacitaci\u00f3n, centros de\u00a0autocapacidad; para que realmente ah\u00ed se preparen.<\/li><\/ul>\n\n\n\n<ul class=\"wp-block-list\"><li>Nadie puede obligar a alguien a que trabaje, pero el juez s\u00ed puede decir \u201cpena m\u00ednima para el que se readapte y pena con agravantes para el que no quiera readaptarse\u201d.<\/li><\/ul>\n\n\n\n<ul class=\"wp-block-list\"><li>Los reos peligrosos deber\u00e1n estar totalmente aislados de los\u00a0primodelincuentes.<\/li><\/ul>\n\n\n\n<ul class=\"wp-block-list\"><li> La justicia para adolescentes: Es con el fin de detener el creciente n\u00famero de ni\u00f1os y adolescentes dedicados al delito. Tiene que haber una visi\u00f3n muy clara para ellos, para sus padres y para el Estado, de que aquel que entiende se le sanciona; y aquel que tiene la patria potestad o la guardia y custodia, tiene responsabilidades, y tambi\u00e9n el Estado tiene que reparar el da\u00f1o.<\/li><\/ul>\n\n\n\n<ul class=\"wp-block-list\"><li>Que se sentencie por la cantidad de a\u00f1os consecuentes a la comisi\u00f3n de un delito y evitar que al cumplir 17 a\u00f1os de edad se vayan y tengan una responsabilidad frente a su comunidad.<\/li><\/ul>\n\n\n\n<p class=\"wp-block-paragraph\">SEM\/sl<\/p>\n","protected":false},"excerpt":{"rendered":"<p>M\u00f3nica Fern\u00e1ndez Balboa, presidenta del Senado de la Rep\u00fablica lo ofrece. <\/p>\n","protected":false},"author":3,"featured_media":15642,"comment_status":"open","ping_status":"open","sticky":false,"template":"","format":"standard","meta":{"_monsterinsights_skip_tracking":false,"footnotes":""},"categories":[691,50],"tags":[],"class_list":["post-15641","post","type-post","status-publish","format-standard","has-post-thumbnail","category-691","category-congreso"],"_links":{"self":[{"href":"https:\/\/redsemlac.com\/semmexico\/wp-json\/wp\/v2\/posts\/15641","targetHints":{"allow":["GET"]}}],"collection":[{"href":"https:\/\/redsemlac.com\/semmexico\/wp-json\/wp\/v2\/posts"}],"about":[{"href":"https:\/\/redsemlac.com\/semmexico\/wp-json\/wp\/v2\/types\/post"}],"author":[{"embeddable":true,"href":"https:\/\/redsemlac.com\/semmexico\/wp-json\/wp\/v2\/users\/3"}],"replies":[{"embeddable":true,"href":"https:\/\/redsemlac.com\/semmexico\/wp-json\/wp\/v2\/comments?post=15641"}],"version-history":[{"count":0,"href":"https:\/\/redsemlac.com\/semmexico\/wp-json\/wp\/v2\/posts\/15641\/revisions"}],"wp:featuredmedia":[{"embeddable":true,"href":"https:\/\/redsemlac.com\/semmexico\/wp-json\/wp\/v2\/media\/15642"}],"wp:attachment":[{"href":"https:\/\/redsemlac.com\/semmexico\/wp-json\/wp\/v2\/media?parent=15641"}],"wp:term":[{"taxonomy":"category","embeddable":true,"href":"https:\/\/redsemlac.com\/semmexico\/wp-json\/wp\/v2\/categories?post=15641"},{"taxonomy":"post_tag","embeddable":true,"href":"https:\/\/redsemlac.com\/semmexico\/wp-json\/wp\/v2\/tags?post=15641"}],"curies":[{"name":"wp","href":"https:\/\/api.w.org\/{rel}","templated":true}]}}