{"id":15611,"date":"2020-01-15T21:37:21","date_gmt":"2020-01-15T21:37:21","guid":{"rendered":"https:\/\/redsemlac.com\/semmexico\/?p=15611"},"modified":"2023-07-21T15:18:25","modified_gmt":"2023-07-21T20:18:25","slug":"murio-paulina-weber-ubilla-en-santiago-de-chile-ejemplo-de-que-las-mujeres-somos-actoras-transformadoras","status":"publish","type":"post","link":"https:\/\/redsemlac.com\/semmexico\/murio-paulina-weber-ubilla-en-santiago-de-chile-ejemplo-de-que-las-mujeres-somos-actoras-transformadoras\/","title":{"rendered":"Muri\u00f3 Paulina Weber Ubilla, en Santiago de Chile; ejemplo de que las mujeres somos actoras transformadoras"},"content":{"rendered":"\n<ul class=\"wp-block-list\"><li><strong>Feminista, socialista,\nmilitante, comprometida dej\u00f3 un vac\u00edo enorme.<\/strong><\/li><li><strong>34 a\u00f1os trabajando para\nel Movimiento Pro-Emancipaci\u00f3n de la Mujer Chile.<\/strong><\/li><li><strong>Ten\u00eda un humor\ndelicioso, cre\u00f3 varias alternativas para las mujeres mayores.<\/strong><\/li><\/ul>\n\n\n\n<p class=\"wp-block-paragraph\"><strong>Por Sara Lovera<\/strong><\/p>\n\n\n\n<p class=\"wp-block-paragraph\">SemM\u00e9xico. Cd. de M\u00e9xico. 15 de enero de 2020.- Paulina Weber Ubilla muri\u00f3 el lunes pasado a los 82 a\u00f1os. Se fue llena de energ\u00eda, como siempre. Era la directora del grupo Movimiento Pro-Emancipaci\u00f3n de la Mujer Chilena, MEMCH, casa en la fue despedida ayer martes. \u00a0Hace pocas semanas celebraba la reacci\u00f3n de las j\u00f3venes mujeres contra la injusticia y la violencia de g\u00e9nero. <\/p>\n\n\n\n<p class=\"wp-block-paragraph\">Naci\u00f3 en Santiago un d\u00eda de octubre de 1937. Creci\u00f3 en una\nfamilia liberal; fue la menor de 3 hermanos. Hizo estudios en Derecho y se\nform\u00f3 en la militancia pol\u00edtica. Tuvo una hija y un hijo. Al morir dej\u00f3 al\nmenos a 4 nietos y nietas. <\/p>\n\n\n\n<p class=\"wp-block-paragraph\">Fue una mujer de izquierda desde su juventud, particip\u00f3 en el\ngobierno de la Unidad Popular (1970-1973) que encabez\u00f3 Salvador Allende; se\ncomprometi\u00f3 en la lucha contra la dictadura militar de Pinochet; 12 a\u00f1os vivi\u00f3\nen exilio (1973 &#8211; 1985) en Alemania Socialista, ah\u00ed, seg\u00fan reconoci\u00f3 en muchas\nconversaciones, se hizo feminista, supo de la violencia de contra las mujeres,\nreconoci\u00f3 la desigualdad en la vida diaria &nbsp;y as\u00ed &nbsp;cruz\u00f3 la frontera de los derechos sociales y\ngenerales &nbsp;al feminismo.<\/p>\n\n\n\n<p class=\"wp-block-paragraph\">Viv\u00eda en pleno centro de Santiago, y desde su rec\u00e1mara se pod\u00eda\napreciar el Cerro de Santa Luc\u00eda, sobre Diagonal Paraguay. Era una conversadora\ncontumaz, solidaria, amiga entra\u00f1able, con un humor delicioso, excelente\ncompa\u00f1era de viaje y buena anfitriona. Estaba convencida de la urgencia de\nhacer justicia a las mujeres m\u00e1s vulnerables. En los \u00faltimos 20 a\u00f1os, su\npreocupaci\u00f3n central eran las mujeres de la tercera edad y aqu\u00e9llas que por su condici\u00f3n\ndeb\u00edan trabajar por una vejez feliz y con recursos.<\/p>\n\n\n\n<p class=\"wp-block-paragraph\">Durante 34 a\u00f1os, dedic\u00f3 su tiempo a \u201cempoderar\u201d a las mujeres de\nlos barrios y comunidades. Trabaj\u00f3 convencida de que la uni\u00f3n de todas las\nmujeres podr\u00eda ser un factor esencial para la democracia.<\/p>\n\n\n\n<p class=\"wp-block-paragraph\">Durante\nsu exilio en Alemania le toc\u00f3 trabajar en la Federaci\u00f3n Democr\u00e1tica\nInternacional de Mujeres FDIM, \u201cAh\u00ed me encontr\u00e9 con el tema de las mujeres en\nparticular\u201d, \u201clo primero que me pas\u00f3 fue que empec\u00e9 a sentir un orgullo\ntremendo de ser mujer y una solidaridad tremenda para mis cong\u00e9neres\u201d. Sonre\u00eda\na la primera provocaci\u00f3n, ten\u00eda obsesi\u00f3n por el orden, su casa \u201crechinaba de\nlimpia\u201d, la misma receta aplicaba en la casa del MENCH.<\/p>\n\n\n\n<p class=\"wp-block-paragraph\">So\u00f1\u00f3 y &nbsp;desarroll\u00f3 una escuela para formar cuidadoras\nde personas enfermes&nbsp; -hoy pol\u00edtica\np\u00fablica- que atiende a personas solas y da trabajo a mujeres mayores de 50\na\u00f1os, una pol\u00edtica no imitada en toda Am\u00e9rica Latina; tambi\u00e9n junto a sus\ncompa\u00f1eras cre\u00f3 una escuela de Educaci\u00f3n C\u00edvica; en el MENCH se daba asesor\u00eda a\nlas mujeres violentadas y ella siempre positiva, las animaba a seguir en la\nvida.<\/p>\n\n\n\n<p class=\"wp-block-paragraph\">La\nrecuerdo hablando de su pasado socialista \u201cyo cre\u00eda en el futuro de Cuba\u201d; la\nrecuerdo explicando&nbsp; la importancia del\ncambio social; de la justicia; la &nbsp;recuerdo cuidando a su madre; adorando a\n\u00c1lvaro, su hijo; solidaria con Ana Ma. Portugal, que le dio cobijo durante casi\ndos d\u00e9cadas. La recuerdo armando con rapidez un buen men\u00fa y una buena tarde con\nlas amigas que en los a\u00f1os 90 llegaban a Santiago, sede de muchas de las\niniciativas hoy exitosas: la Red Latinoamericana por la Salud; La Red\nLatinoamericana frente la Violencia contra las Mujeres; la iniciativa de\nComunicaci\u00f3n Alternativa para la regi\u00f3n.<\/p>\n\n\n\n<p class=\"wp-block-paragraph\">Tambi\u00e9n\nla recuerdo en&nbsp; los encuentros feministas\nlatinoamericanos alegando y poniendo inter\u00e9s en todo lo nuevo. Pero su valor\nesencial, el que marc\u00f3 su vida, fue el trabajo de vinculaci\u00f3n de los grupos de\nfeministas que se desarrollaron tras la dictadura; el trabajo colectivo para\nfortalecer la democracia en Chile y su permanente compromiso con las mujeres\ndel pueblo, sin demagogia ni mentiras.<\/p>\n\n\n\n<p class=\"wp-block-paragraph\"><strong>Mirando su vida y su discurso<\/strong><a href=\"#_ftn1\">[1]<\/a><\/p>\n\n\n\n<p class=\"wp-block-paragraph\">Paulina\n&nbsp;iba directo a La Moneda el d\u00eda del\ngolpe, pero a la altura de Vicu\u00f1a Mackenna no pudo pasar, ya que no hab\u00eda\nmovilizaci\u00f3n y no ten\u00eda c\u00f3mo atravesar la concurrida avenida. Hab\u00eda una gran\nmovilizaci\u00f3n obrera que se desplazaba hacia el centro. Si ella hubiera llegado\nun poco antes, o un poco despu\u00e9s, podr\u00eda haber sido de las personas a las que\nles toc\u00f3 vivir el golpe al interior del palacio de gobierno. <\/p>\n\n\n\n<p class=\"wp-block-paragraph\">De\nsu experiencia en Alemania, relat\u00f3: \u201cAl conocer a estas mujeres que luchaban y\nentregaban sus vidas por esas causas \u2013 las sociales-se dio cuenta del \u201cpoder y\nde la fortaleza de las mujeres\u201d.<a href=\"#_ftn2\">[2]<\/a> <\/p>\n\n\n\n<p class=\"wp-block-paragraph\">El MEMCH\nse cre\u00f3 originalmente el a\u00f1o 1935, por Marta Vergara, Elena Caffarena, Graciela\nMandujano y Olga Poblete, entre otras mujeres luchadoras de la \u00e9poca. La instituci\u00f3n\ntrabaj\u00f3 en su primera etapa durante 18 a\u00f1os, en pos de la lucha de los derechos\nfemeninos. En los 80, Poblete refund\u00f3 el MEMCH&nbsp;\ny Paulina empez\u00f3 a trabajar ah\u00ed desde el&nbsp;\nexilio.<\/p>\n\n\n\n<p class=\"wp-block-paragraph\">En\nAlemania, en la FEDIM, se hizo cargo &nbsp;de\ntodos los pa\u00edses que ten\u00edan problemas de gobiernos militares en Am\u00e9rica Latina.\nHac\u00eda informes, manten\u00eda comunicaci\u00f3n con las organizaciones sociales que\nexist\u00edan, \u201cy ah\u00ed yo me fui como \u2018feminizando\u2019, comprometiendo.\u201d<\/p>\n\n\n\n<p class=\"wp-block-paragraph\">Su\ncaracter\u00edstica es que era directa. Ten\u00eda su punto de vista sobre el trabajo de\nlas organizaciones de mujeres, dec\u00eda que \u201ccon la llegada de la democracia, se\ncre\u00f3 un espejismo de la vuelta a la normalidad. La mayor\u00eda de las mujeres\nretomaron la vida como la hab\u00edan dejado antes del golpe, empezaron a ocupar\npuestos de trabajo dentro del sistema de gobierno, y \u201cnunca las mujeres\nentendimos bien, cual era nuestro papel dentro de eso\u201d<a href=\"#_ftn3\">[3]<\/a>.<\/p>\n\n\n\n<p class=\"wp-block-paragraph\">Particip\u00f3\nen los \u201ca\u00f1os de democracia\u201d (1987-2014) peleando por importantes cambios, en\nconjunto con otros movimientos de mujeres, como el de la ley de divorcio, la\ncreaci\u00f3n del t\u00e9rmino \u201cfemicidio\u201d, las cuotas de participaci\u00f3n pol\u00edtica, la\ncreaci\u00f3n de la instancia de mujeres &nbsp;y el\nlogro de la ratificaci\u00f3n de la Convenci\u00f3n Belem Do Para en Chile. El Movimiento\nPro-Emancipaci\u00f3n de la Mujer Chilena actual era para ella el camino. Pensaba\nhace unos d\u00edas que &nbsp;las mujeres no son\nvaloradas como deber\u00edan. \u201cSomos un sector social que para nada corresponde al\nesquema, a la figura, que nos dan como prototipo de ser mujer\u201d.<\/p>\n\n\n\n<p class=\"wp-block-paragraph\">La\nEscuela Permanente de Ciudadan\u00eda para las Mujeres, se hizo para &nbsp;transformar a la mujer en un sujeto de\nderecho, demostr\u00e1ndole a la masa femenina que hay derechos establecidos y hay\nposibilidades de exigirlos. La escuela, se quej\u00f3, est\u00e1 lenta \u201cpor problemas de\nrecursos\u201d<\/p>\n\n\n\n<p class=\"wp-block-paragraph\">\u201cA\nm\u00ed me ha tocado, no s\u00e9 si para bien o para mal, pero yo pienso para bien, ser\ntestigo un poco de toda la evoluci\u00f3n que se ha producido, por eso yo soy muy\noptimista\u201d, aunque a veces pareciera que la lucha no da frutos, s\u00ed se ha dado\nun cambio cultural en Chile. \u201cYo pienso que el mundo que viene no es peor que\nel que est\u00e1, va a ser mejor y que ya, particularmente las mujeres, estamos en\nun mundo mil veces mejor\u201d, afirm\u00f3 recientemente.<\/p>\n\n\n\n<p class=\"wp-block-paragraph\"><strong>HOMENAJE<\/strong><\/p>\n\n\n\n<p class=\"wp-block-paragraph\">La Red Chilena contra la Violencia hacia las Mujeres rinde\nhomenaje a nuestra querida compa\u00f1era de lucha,&nbsp;<strong>Paulina Weber Ubilla. Fue una<\/strong>\nhist\u00f3rica feminista e integrante del Movimiento Pro-Emancipaci\u00f3n de las Mujer\nChilena,&nbsp;<strong>MEMCH.<\/strong><\/p>\n\n\n\n<p class=\"wp-block-paragraph\">Paulina, junto a Mar\u00eda\nLenina Del Canto, Rosita Ferrada y Betty Barrientos, entre otras, impulsaron\ndesde el MEMCH la formaci\u00f3n de la Red Chilena contra la Violencia hacia las\nMujeres en 1990. Desde entonces, compartimos espacios de reflexi\u00f3n, acci\u00f3n,\ncompa\u00f1erismo y resistencia. Durante los \u00faltimos a\u00f1os, Paulina y las compa\u00f1eras\nnos acogieron en la casa del MEMCH, donde tuvimos la fortuna de disfrutar la\ncotidianidad de los almuerzos, las conversaciones, las celebraciones y el\nquehacer diario, siempre cruzado por su lucidez pol\u00edtica.<\/p>\n\n\n\n<p class=\"wp-block-paragraph\">Paulina es un ejemplo de\nque las mujeres somos actoras transformadoras. Su vida nos deja muchas\nense\u00f1anzas: la valent\u00eda, consecuencia y optimismo con que llev\u00f3 sus luchas, su\napertura a comprender los tr\u00e1nsitos del feminismo y la generosidad al compartir\nexperiencias con otras mujeres. Hoy la despedimos agradecidas de lo mucho que\nnos entreg\u00f3 y con la tranquilidad de saber de su contento por el estallido\nsocial, expresi\u00f3n de las luchas hist\u00f3ricas de las que Paulina fue parte hasta\nel \u00faltimo d\u00eda.<br><\/p>\n\n\n\n<hr class=\"wp-block-separator\"\/>\n\n\n\n<p class=\"wp-block-paragraph\"><a href=\"#_ftnref1\">[1]<\/a>\nHemos incluido en el portal sus puntos de vista desarrollados, sobre el\nmovimiento feminista Chileno.<\/p>\n\n\n\n<p class=\"wp-block-paragraph\"><a href=\"#_ftnref2\">[2]<\/a>\n[2]\nLa\nvoz del mujer\u00edo chileno Cr\u00f3nicas sobre la construcci\u00f3n del movimiento femenino\nde los \u00faltimos 40 a\u00f1os. Silvana Maritza Ovalle Pastor Y Javiera Zunino\nValenzuela. &nbsp;Memoria para optar al t\u00edtulo\nde Periodista Categor\u00eda: Cr\u00f3nica , Santiago de Chile, &nbsp;Junio de 2017 <a href=\"http:\/\/repositorio.uchile.cl\/bitstream\/handle\/2250\/151229\/TESIS-la-voz-del-mujerio-chileno.pdf?sequence=1&amp;isAllowed=y\">http:\/\/repositorio.uchile.cl\/bitstream\/handle\/2250\/151229\/TESIS-la-voz-del-mujerio-chileno.pdf?sequence=1&amp;isAllowed=y<\/a>;\np\u00e1ginas 16-27<\/p>\n\n\n\n<p class=\"wp-block-paragraph\"><a href=\"#_ftnref3\">[3]<\/a> ib\u00edd.<\/p>\n\n\n\n<p class=\"wp-block-paragraph\"><\/p>\n\n\n\n<figure class=\"wp-block-embed-wordpress aligncenter wp-block-embed is-type-wp-embed is-provider-semm-eacute-xico\"><div class=\"wp-block-embed__wrapper\">\n<blockquote class=\"wp-embedded-content\" data-secret=\"Jwaa2jWpJY\"><a href=\"https:\/\/redsemlac.com\/semmexico\/la-lucha-de-la-mujer-chilena-desde-la-voz-de-paulina-weber-ubilla\/\">La Lucha de la mujer chilena desde la voz de Paulina Weber Ubilla<\/a><\/blockquote><iframe loading=\"lazy\" class=\"wp-embedded-content\" sandbox=\"allow-scripts\" security=\"restricted\" style=\"position: absolute; visibility: hidden;\" title=\"\u00abLa Lucha de la mujer chilena desde la voz de Paulina Weber Ubilla\u00bb \u2014 SemM\u00e9xico\" src=\"https:\/\/redsemlac.com\/semmexico\/la-lucha-de-la-mujer-chilena-desde-la-voz-de-paulina-weber-ubilla\/embed\/#?secret=7HXBKQlHtV#?secret=Jwaa2jWpJY\" data-secret=\"Jwaa2jWpJY\" width=\"600\" height=\"338\" frameborder=\"0\" marginwidth=\"0\" marginheight=\"0\" scrolling=\"no\"><\/iframe>\n<\/div><\/figure>\n","protected":false},"excerpt":{"rendered":"<p>Feminista, socialista, militante, comprometida dej\u00f3 un vac\u00edo enorme.<\/p>\n","protected":false},"author":3,"featured_media":15612,"comment_status":"open","ping_status":"open","sticky":false,"template":"","format":"standard","meta":{"_monsterinsights_skip_tracking":false,"footnotes":""},"categories":[691,54],"tags":[],"class_list":["post-15611","post","type-post","status-publish","format-standard","has-post-thumbnail","category-691","category-mujeres"],"_links":{"self":[{"href":"https:\/\/redsemlac.com\/semmexico\/wp-json\/wp\/v2\/posts\/15611","targetHints":{"allow":["GET"]}}],"collection":[{"href":"https:\/\/redsemlac.com\/semmexico\/wp-json\/wp\/v2\/posts"}],"about":[{"href":"https:\/\/redsemlac.com\/semmexico\/wp-json\/wp\/v2\/types\/post"}],"author":[{"embeddable":true,"href":"https:\/\/redsemlac.com\/semmexico\/wp-json\/wp\/v2\/users\/3"}],"replies":[{"embeddable":true,"href":"https:\/\/redsemlac.com\/semmexico\/wp-json\/wp\/v2\/comments?post=15611"}],"version-history":[{"count":0,"href":"https:\/\/redsemlac.com\/semmexico\/wp-json\/wp\/v2\/posts\/15611\/revisions"}],"wp:featuredmedia":[{"embeddable":true,"href":"https:\/\/redsemlac.com\/semmexico\/wp-json\/wp\/v2\/media\/15612"}],"wp:attachment":[{"href":"https:\/\/redsemlac.com\/semmexico\/wp-json\/wp\/v2\/media?parent=15611"}],"wp:term":[{"taxonomy":"category","embeddable":true,"href":"https:\/\/redsemlac.com\/semmexico\/wp-json\/wp\/v2\/categories?post=15611"},{"taxonomy":"post_tag","embeddable":true,"href":"https:\/\/redsemlac.com\/semmexico\/wp-json\/wp\/v2\/tags?post=15611"}],"curies":[{"name":"wp","href":"https:\/\/api.w.org\/{rel}","templated":true}]}}