{"id":15563,"date":"2020-01-14T19:06:55","date_gmt":"2020-01-14T19:06:55","guid":{"rendered":"https:\/\/redsemlac.com\/semmexico\/?p=15563"},"modified":"2023-07-21T15:18:26","modified_gmt":"2023-07-21T20:18:26","slug":"giran-orden-de-aprehension-contra-vera-carrizal-por-caso-de-ataque-a-saxofonista-esta-profugo-de-la-justicia","status":"publish","type":"post","link":"https:\/\/redsemlac.com\/semmexico\/giran-orden-de-aprehension-contra-vera-carrizal-por-caso-de-ataque-a-saxofonista-esta-profugo-de-la-justicia\/","title":{"rendered":"Giran orden de aprehensi\u00f3n contra Vera Carrizal por caso de ataque a saxofonista; est\u00e1 pr\u00f3fugo de la justicia"},"content":{"rendered":"\n<p class=\"wp-block-paragraph\"><strong>Jaime Guerrero<\/strong><\/p>\n\n\n\n<p class=\"wp-block-paragraph\">SemM\u00e9xico\/ P\u00e1gina 3. OAXACA. 14 de enero 2020.- .-\u00a0\u00a0Por su presunta autor\u00eda intelectual en el ataque con \u00e1cido a la joven saxofonista, Mar\u00eda Elena R\u00edos Ortiz,\u00a0se dict\u00f3 orden de aprehensi\u00f3n en contra de Juan\u00a0Antonio Vera Carrizal.<\/p>\n\n\n\n<p class=\"wp-block-paragraph\">Fuentes del Tribunal Superior de Justicia y de la Fiscal\u00eda General del Estado confirmaron que el Juez de Control de Huajuapan de Le\u00f3n gir\u00f3 una orden de aprehensi\u00f3n.<\/p>\n\n\n\n<p class=\"wp-block-paragraph\">Se busca aprehender al empresario gasolinero y ex diputado del Partido Revolucionario Institucional (PRI) Juan Antonio Vera Carrizal, por su presunta autor\u00eda intelectual.<\/p>\n\n\n\n<p class=\"wp-block-paragraph\">A trav\u00e9s del Juzgado de Control con residencia en Huajuapan de Le\u00f3n se dict\u00f3 la orden de aprehensi\u00f3n desde el 26 de diciembre de 2019, en contra de Vera Carrizal.<\/p>\n\n\n\n<p class=\"wp-block-paragraph\">El acusado tramit\u00f3 un Juicio de Amparo\u00a0al d\u00eda siguiente, el 27 de diciembre, para protegerse de la orden de captura librada en su contra.<\/p>\n\n\n\n<h6 class=\"wp-block-heading\"><strong>\u00bfD\u00f3nde est\u00e1 Vera?<\/strong><\/h6>\n\n\n\n<p class=\"wp-block-paragraph\">Al d\u00eda de hoy, Vera Carrizal est\u00e1 pr\u00f3fugo de la justicia, no ha sido localizado por los elementos de la Agencia Estatal de Investigaciones (AEI).<\/p>\n\n\n\n<p class=\"wp-block-paragraph\">El gobernador Alejandro Murat Hinojosa, le ha pedido que se presente ante la justicia para aclarar su participaci\u00f3n.<\/p>\n\n\n\n<p class=\"wp-block-paragraph\">\u201cEl que nada debe, nada teme\u201d, es el mensaje que le ha mandado al ex diputado.<\/p>\n\n\n\n<p class=\"wp-block-paragraph\">Al resolver el amparo, el Juez de Distrito con sede en la ciudad de Oaxaca dej\u00f3 que el Juez de Control de Huajuapan, en competencia a su Jurisdicci\u00f3n, entrara al estudio y resolviera en raz\u00f3n a las pruebas vertidas en la carpeta de Investigaci\u00f3n.<\/p>\n\n\n\n<p class=\"wp-block-paragraph\">El exdiputado del PRI tendr\u00e1 que enfrentar la Ley y su proceso en reclusi\u00f3n, debido a que el delito contra Mar\u00eda Elena fue clasificado como tentativa de feminicidio.<\/p>\n\n\n\n<p class=\"wp-block-paragraph\">Por tratarse de delito grave, este no puede obtener el beneficio de una libertad que con el amparo le hab\u00eda otorgado el Juez Federal del Juzgado Cuarto de Distrito.<\/p>\n\n\n\n<h3 class=\"wp-block-heading\"><strong>\u00bfBeneficios para el acusado?<\/strong><\/h3>\n\n\n\n<p class=\"wp-block-paragraph\">Y es que el empresario gasolinero, radiof\u00f3nico y exdiputado del Partido Revolucionario Institucional (PRI), tramit\u00f3 un amparo ante la justicia federal.<\/p>\n\n\n\n<p class=\"wp-block-paragraph\">Se le concedi\u00f3 el pasado 27 de diciembre contra cualquier orden de aprehensi\u00f3n en su contra.<\/p>\n\n\n\n<p class=\"wp-block-paragraph\">Ello, luego de que el titular de la Fiscal\u00eda General del Estado, Rub\u00e9n Vasconcelos M\u00e9ndez, confirm\u00f3 que hay una investigaci\u00f3n abierta en torno a todos los se\u00f1alados en el ataque con \u00e1cido a la saxofonista.<\/p>\n\n\n\n<p class=\"wp-block-paragraph\">Primero anunci\u00f3 la detenci\u00f3n de un segundo implicado en el ataque con \u00e1cido contra la saxofonista Mar\u00eda Elena R\u00edos, y la vinculaci\u00f3n a proceso del primer detenido.<\/p>\n\n\n\n<p class=\"wp-block-paragraph\">Despu\u00e9s, el fiscal de justicia de Oaxaca indic\u00f3 que existe una l\u00ednea de investigaci\u00f3n contra Vera Carrizal, se\u00f1alado como autor intelectual.<\/p>\n\n\n\n<p class=\"wp-block-paragraph\">\u201cTodas las personas que han sido mencionadas en el contexto de la investigaci\u00f3n est\u00e1n siendo investigadas\u201d, indic\u00f3.<\/p>\n\n\n\n<h3 class=\"wp-block-heading\"><strong>Detenciones<\/strong><\/h3>\n\n\n\n<p class=\"wp-block-paragraph\">En rueda de prensa realizada el 26 de diciembre pasado, el Fiscal inform\u00f3 que una noche\u00a0antes hab\u00eda sido aprehendida una segunda persona\u00a0como presunto autor material.<\/p>\n\n\n\n<p class=\"wp-block-paragraph\">De acuerdo con los datos recabados por la Fiscal\u00eda, el sujeto fue quien arroj\u00f3 el \u00e1cido sulf\u00farico a la saxofonista con el prop\u00f3sito de causarle la muerte.<\/p>\n\n\n\n<p class=\"wp-block-paragraph\">Cabe destacar que el recientemente detenido es hijo de la persona que ya fue vinculada a proceso por este mismo delito.<\/p>\n\n\n\n<p class=\"wp-block-paragraph\">Detall\u00f3 que padre e hijo llegaron a Huajuapan de Le\u00f3n el 8 de septiembre\u00a0con el prop\u00f3sito de llevar a cabo este hecho delictivo.<\/p>\n\n\n\n<p class=\"wp-block-paragraph\">Ambas personas conoc\u00edan a Mar\u00eda Elena por fotograf\u00eda, sab\u00edan su nombre y el lugar en d\u00f3nde podr\u00eda encontrarla.<\/p>\n\n\n\n<p class=\"wp-block-paragraph\">\u201cAlguien que estamos investigando, le proporcion\u00f3 el \u00e1cido sulf\u00farico que servir\u00eda para cometer el delito.<\/p>\n\n\n\n<p class=\"wp-block-paragraph\">\u201cAl d\u00eda siguiente, 9 de septiembre,&nbsp;ambos sujetos -a las 10 de la ma\u00f1ana-&nbsp;se acercaron al domicilio.<\/p>\n\n\n\n<p class=\"wp-block-paragraph\">\u201cUno se encarg\u00f3 de vigilar el lugar y los alrededores y el otro de realizar la acci\u00f3n que le ocasion\u00f3 a Mar\u00eda Elena graves lesiones\u201d.<\/p>\n\n\n\n<p class=\"wp-block-paragraph\">\u201cLa investigaci\u00f3n sigue abierta, sabemos que hay otros participantes en estos hechos; no dejaremos de actuar contra todos los que estuvieron de alguna forma involucrados\u201d, declar\u00f3.<\/p>\n\n\n\n<h3 class=\"wp-block-heading\"><strong>El amparo<\/strong><\/h3>\n\n\n\n<p class=\"wp-block-paragraph\">Para el pasado 27 de diciembre, un d\u00eda despu\u00e9s de la aprehensi\u00f3n del segundo presunto coautor material de esta agresi\u00f3n,&nbsp;<a href=\"https:\/\/pagina3.mx\/2020\/01\/exigen-investigacion-eficiente-e-imparcial-en-caso-maria-elena-rios\/\" target=\"_blank\" rel=\"noreferrer noopener\">el exlegislador del PRI solicit\u00f3 la protecci\u00f3n de la justicia<\/a>&nbsp;federal.<\/p>\n\n\n\n<p class=\"wp-block-paragraph\">El juicio de amparo indirecto qued\u00f3 registrado en el expediente 1196\/2019, en el Juzgado Cuarto de Distrito del Estado.<\/p>\n\n\n\n<p class=\"wp-block-paragraph\">De acuerdo con el registro del&nbsp;<a href=\"https:\/\/www.cjf.gob.mx\/\" target=\"_blank\" rel=\"noreferrer noopener\">Consejo de la Judicatura Federal<\/a>&nbsp;(CJF), Vera Carrizal promovi\u00f3 este juicio de amparo ante \u201cactos privativos de libertad\u201d.<\/p>\n\n\n\n<p class=\"wp-block-paragraph\">Espec\u00edficamente contra una orden de aprehensi\u00f3n en su contra.<\/p>\n\n\n\n<p class=\"wp-block-paragraph\">As\u00ed, el Juez federal Cuarto de Distrito admiti\u00f3 el juicio y concedi\u00f3 al priista la suspensi\u00f3n provisional de cualquier de captura; a cambio, pag\u00f3 una garant\u00eda de 3 mil 500 pesos.<\/p>\n\n\n\n<p class=\"wp-block-paragraph\">Aunado a ello, el Juzgado solicit\u00f3 al Juez de Control del Circuito Judicial de Huajuapan de Le\u00f3n, y otros, rindiera un informe sobre \u00f3rdenes de captura en contra de Vera Carrizal.<\/p>\n","protected":false},"excerpt":{"rendered":"<p>Se busca aprehender al empresario gasolinero y ex diputado del Partido Revolucionario Institucional (PRI) Juan Antonio Vera Carrizal, por su presunta autor\u00eda intelectual.<\/p>\n","protected":false},"author":3,"featured_media":15564,"comment_status":"open","ping_status":"open","sticky":false,"template":"","format":"standard","meta":{"_monsterinsights_skip_tracking":false,"footnotes":""},"categories":[691,56],"tags":[],"class_list":["post-15563","post","type-post","status-publish","format-standard","has-post-thumbnail","category-691","category-redes"],"_links":{"self":[{"href":"https:\/\/redsemlac.com\/semmexico\/wp-json\/wp\/v2\/posts\/15563","targetHints":{"allow":["GET"]}}],"collection":[{"href":"https:\/\/redsemlac.com\/semmexico\/wp-json\/wp\/v2\/posts"}],"about":[{"href":"https:\/\/redsemlac.com\/semmexico\/wp-json\/wp\/v2\/types\/post"}],"author":[{"embeddable":true,"href":"https:\/\/redsemlac.com\/semmexico\/wp-json\/wp\/v2\/users\/3"}],"replies":[{"embeddable":true,"href":"https:\/\/redsemlac.com\/semmexico\/wp-json\/wp\/v2\/comments?post=15563"}],"version-history":[{"count":0,"href":"https:\/\/redsemlac.com\/semmexico\/wp-json\/wp\/v2\/posts\/15563\/revisions"}],"wp:featuredmedia":[{"embeddable":true,"href":"https:\/\/redsemlac.com\/semmexico\/wp-json\/wp\/v2\/media\/15564"}],"wp:attachment":[{"href":"https:\/\/redsemlac.com\/semmexico\/wp-json\/wp\/v2\/media?parent=15563"}],"wp:term":[{"taxonomy":"category","embeddable":true,"href":"https:\/\/redsemlac.com\/semmexico\/wp-json\/wp\/v2\/categories?post=15563"},{"taxonomy":"post_tag","embeddable":true,"href":"https:\/\/redsemlac.com\/semmexico\/wp-json\/wp\/v2\/tags?post=15563"}],"curies":[{"name":"wp","href":"https:\/\/api.w.org\/{rel}","templated":true}]}}