{"id":15551,"date":"2020-01-14T00:06:28","date_gmt":"2020-01-14T00:06:28","guid":{"rendered":"https:\/\/redsemlac.com\/semmexico\/?p=15551"},"modified":"2023-07-21T15:18:26","modified_gmt":"2023-07-21T20:18:26","slug":"michoacan-16","status":"publish","type":"post","link":"https:\/\/redsemlac.com\/semmexico\/michoacan-16\/","title":{"rendered":"Resultados de la AVG se ver\u00e1n a largo plazo: Aureoles"},"content":{"rendered":"\n<p class=\"wp-block-paragraph\"><strong>* Promulg\u00f3 la Ley Olimpia<\/strong><\/p>\n\n\n\n<p class=\"wp-block-paragraph\"><strong>* No se trata de un aumento de casos, sino que\nahora se visibiliza y sabemos lo que sucede<\/strong><\/p>\n\n\n\n<p class=\"wp-block-paragraph\"><strong>Martha Elba Torres<\/strong><\/p>\n\n\n\n<p class=\"wp-block-paragraph\">SemM\u00e9xico,\nMorelia, Mich., 13 de enero 2020.- Contextualizada en un entorno de violencia\nexacerbada a nivel nacional, la Alerta de Violencia de G\u00e9nero (AVG) decretada\nen Michoac\u00e1n desde 2016, acept\u00f3 el gobernador Silvano Aureoles Conejo, \u201cha sido\ninsuficiente\u201d. \u201cHan pasado muchas cosas en estos a\u00f1os, pero los resultados\ncontundentes se ver\u00e1n a largo plazo\u201d.<\/p>\n\n\n\n<p class=\"wp-block-paragraph\">En\ncharla con medios de comunicaci\u00f3n, luego de firmar la promulgaci\u00f3n de la \u201cLey\nOlimpia\u201d en contra de acoso sexual en plataformas digitales, el mandatario\naclar\u00f3 que a pesar de ello, con la Alerta, en 14 municipios del estado, \u201cse ha\nhecho y construido para dar resultados m\u00e1s adelante. Es relativamente corto el\ntiempo, pero debemos poner m\u00e1s atenci\u00f3n en el tema\u201d, acept\u00f3.<\/p>\n\n\n\n<p class=\"wp-block-paragraph\">Aureoles\nConejo estableci\u00f3 que, con la aplicaci\u00f3n de los protocolos de atenci\u00f3n de\nviolencia contra las mujeres, se ha visibilizado m\u00e1s casos de mujeres\nasesinadas y maltratadas.<\/p>\n\n\n\n<p class=\"wp-block-paragraph\">\u201cPareciera\nque el problema se agudiza y se vuelve m\u00e1s complejo, que se da con m\u00e1s\nfrecuencia. Pero platicando con representantes de la ONU en M\u00e9xico, comentaron\nque no se trata de un aumento de casos, sino que ahora se visibiliza y sabemos\nlo que sucede. Es circunstancial, en el marco de la violencia que se vive a\nnivel nacional, pero tampoco es una justificaci\u00f3n. Es un tema presente desde\nhace muchos a\u00f1os y ahora es visible. En el caso de Michoac\u00e1n ya tenemos\nplenamente identificados los municipios donde se focaliza el problema para\nhacerle frente\u201d.<\/p>\n\n\n\n<p class=\"wp-block-paragraph\">Respecto\na la \u201cLey Olimpia\u201d y acompa\u00f1ado de la promotora de esta norma, Olimpia Coral,\nquien sufri\u00f3 acoso sexual en redes sociales, Silvano Aureoles Conejo firm\u00f3 el\ndecreto para la promulgaci\u00f3n de la Ley Olimpia en el Peri\u00f3dico Oficial del\nEstado y que entra en vigor ma\u00f1ana 14 de enero.<\/p>\n\n\n\n<p class=\"wp-block-paragraph\">La\nnorma impone sanciones que van desde los 86 mil a los 172 mil pesos para\nquienes compartan sin consentimiento, im\u00e1genes, audio o video de car\u00e1cter\n\u00edntimo. Michoac\u00e1n fue el primer estado del pa\u00eds que acompa\u00f1\u00f3 la iniciativa para\nprevenir y erradicar la violencia digital contra mujeres ni\u00f1as y ni\u00f1os. Por\nello, desde el 29 de octubre pasado, se entreg\u00f3 la propuesta ante el Congreso\ndel Estado y el 28 de diciembre fue aprobada.<\/p>\n\n\n\n<p class=\"wp-block-paragraph\">A\npartir de la ley, se crear\u00e1n campa\u00f1as de difusi\u00f3n de la misma; se capacitar\u00e1n a\nfuncionarios p\u00fablicos, se ejecutar\u00e1n jornadas de prevenci\u00f3n en escuelas de\neducaci\u00f3n b\u00e1sica y se aplicar\u00e1 el protocolo de actuaci\u00f3n para tender los casos\nde violencia digital que se presenten, con la finalidad de brindar\nacompa\u00f1amiento a las v\u00edctimas del delito.<\/p>\n\n\n\n<p class=\"wp-block-paragraph\">Por\nsu parte, Olimpia Coral hizo entrega del pa\u00f1uelo morado al mandatario estatal,\na quien reconoci\u00f3 como promotor de los derechos de las mujeres y de la lucha\nfeminista.<\/p>\n\n\n\n<p class=\"wp-block-paragraph\">\u201cConsensamos\nentregarle el pa\u00f1uelo morado por refrendar la reforma sin pena y sin\ninvisibilizarnos, hay machismo y mujeres oprimidas y \u00e9stas acciones salvar\u00e1n\nvidas\u201d, se\u00f1al\u00f3 la activista.<\/p>\n\n\n\n<p class=\"wp-block-paragraph\">SEM\/met\/sj<\/p>\n","protected":false},"excerpt":{"rendered":"<p>Silvano Aureoles Conejo firm\u00f3 el decreto para la promulgaci\u00f3n de la Ley Olimpia en el Peri\u00f3dico Oficial del Estado y que entra en vigor ma\u00f1ana 14 de enero.<\/p>\n","protected":false},"author":3,"featured_media":15552,"comment_status":"open","ping_status":"open","sticky":false,"template":"","format":"standard","meta":{"_monsterinsights_skip_tracking":false,"footnotes":""},"categories":[691,51],"tags":[],"class_list":["post-15551","post","type-post","status-publish","format-standard","has-post-thumbnail","category-691","category-ejecutivo"],"_links":{"self":[{"href":"https:\/\/redsemlac.com\/semmexico\/wp-json\/wp\/v2\/posts\/15551","targetHints":{"allow":["GET"]}}],"collection":[{"href":"https:\/\/redsemlac.com\/semmexico\/wp-json\/wp\/v2\/posts"}],"about":[{"href":"https:\/\/redsemlac.com\/semmexico\/wp-json\/wp\/v2\/types\/post"}],"author":[{"embeddable":true,"href":"https:\/\/redsemlac.com\/semmexico\/wp-json\/wp\/v2\/users\/3"}],"replies":[{"embeddable":true,"href":"https:\/\/redsemlac.com\/semmexico\/wp-json\/wp\/v2\/comments?post=15551"}],"version-history":[{"count":0,"href":"https:\/\/redsemlac.com\/semmexico\/wp-json\/wp\/v2\/posts\/15551\/revisions"}],"wp:featuredmedia":[{"embeddable":true,"href":"https:\/\/redsemlac.com\/semmexico\/wp-json\/wp\/v2\/media\/15552"}],"wp:attachment":[{"href":"https:\/\/redsemlac.com\/semmexico\/wp-json\/wp\/v2\/media?parent=15551"}],"wp:term":[{"taxonomy":"category","embeddable":true,"href":"https:\/\/redsemlac.com\/semmexico\/wp-json\/wp\/v2\/categories?post=15551"},{"taxonomy":"post_tag","embeddable":true,"href":"https:\/\/redsemlac.com\/semmexico\/wp-json\/wp\/v2\/tags?post=15551"}],"curies":[{"name":"wp","href":"https:\/\/api.w.org\/{rel}","templated":true}]}}