{"id":15517,"date":"2020-01-12T02:07:25","date_gmt":"2020-01-12T02:07:25","guid":{"rendered":"https:\/\/redsemlac.com\/semmexico\/?p=15517"},"modified":"2023-07-21T15:18:27","modified_gmt":"2023-07-21T20:18:27","slug":"opinion-279","status":"publish","type":"post","link":"https:\/\/redsemlac.com\/semmexico\/opinion-279\/","title":{"rendered":"Lo que ya se hab\u00eda dicho, pero que no escuch\u00f3 nadie porque no lo dijo un hombre"},"content":{"rendered":"\n<p class=\"wp-block-paragraph\"><strong>Claudia Almaguer<\/strong><\/p>\n\n\n\n<p class=\"wp-block-paragraph\">SemM\u00e9xico. 11 de enero 2020.- Durante la semana que hoy termina acud\u00ed a un curso denominado \u201cG\u00e9nero, violencia pol\u00edtica y nuevas masculinidades\u201d en el que se mencionaron diversas situaciones y propuestas ante las cuales es francamente imposible poner cara de sorpresa porque se trata de temas que se han abordado constantemente por parte de diversas investigadoras feministas, de activistas y organizaciones vinculadas a la defensa de los derechos de las mujeres.<\/p>\n\n\n\n<p class=\"wp-block-paragraph\">No obstante, vale la pena aprovechar la oportunidad de hacer algunos recordatorios para reconocer que el se\u00f1alamiento de las injusticias, las exigencias y las propuestas siempre provienen de las voces de las mujeres, pero adem\u00e1s para oponer la debida resistencia y hacer visible ese sesgo tremendo que existe cuando los hombres hablan de los temas de g\u00e9nero y entonces s\u00ed les hacemos caso. Los enunciados son los siguientes:<\/p>\n\n\n\n<p class=\"wp-block-paragraph\"><strong>La violencia de g\u00e9nero es una pandemia<\/strong><\/p>\n\n\n\n<p class=\"wp-block-paragraph\">Pongamos un punto de partida para esta frase, por ejemplo, el Tribunal Internacional de Cr\u00edmenes en contra de las Mujeres que se produjo en Bruselas en 1976 cuando cerca de 2000 mil mujeres acudieron del 4 al 8 de marzo a denunciar la situaci\u00f3n de extrema violencia de la que eran v\u00edctimas en todo el mundo por la condici\u00f3n y subordinaci\u00f3n de g\u00e9nero, ocasi\u00f3n que dio lugar tambi\u00e9n al primer abordaje del constructo te\u00f3rico de femicidio desarrollado por Diana Russell.<\/p>\n\n\n\n<p class=\"wp-block-paragraph\">Precisamente gracias a estos movimientos de mujeres es que la violencia de g\u00e9nero sali\u00f3 de la legalidad, de la normalidad, de lo privado y por eso es que hoy se tienen datos a nivel internacional respecto a que 1 de cada 3 mujeres ha sufrido violencia f\u00edsica y sexual como indica la Organizaci\u00f3n Mundial de la Salud o mediciones muy focalizadas como la Encuesta Nacional de la Din\u00e1mica de las Relaciones en los Hogares publicada por el INEGI que dio en 2016 con que 587 mil mujeres de 15 a\u00f1os y m\u00e1s en San Luis Potos\u00ed han vivido alg\u00fan tipo de violencia adem\u00e1s de que aproximadamente 94 mil estaban en una situaci\u00f3n de riesgo inminente.<\/p>\n\n\n\n<p class=\"wp-block-paragraph\"><strong>Hay que mejorar la legislaci\u00f3n que sanciona la violencia contra las mujeres, el feminicidio y los ataques con \u00e1cido<\/strong><\/p>\n\n\n\n<p class=\"wp-block-paragraph\">Han transcurrido veintis\u00e9is a\u00f1os de lucha por el reconocimiento del derecho de las mujeres a una vida libre de violencia desde 1993 cuando diversas voces feministas desde el periodismo, la academia y la sociedad civil como Esther Ch\u00e1vez Cano, Julia Mon\u00e1rrez, Marcela Lagarde, Sara Lovera entre muchas m\u00e1s comenzaron a denunciar la existencia de asesinatos con caracter\u00edsticas brutales al norte del pa\u00eds en Ciudad Ju\u00e1rez Chihuahua.<\/p>\n\n\n\n<p class=\"wp-block-paragraph\">Estos movimientos, representados a trav\u00e9s de posicionamientos p\u00fablicos, art\u00edculos, actos de protesta e inclusive demandas a nivel internacional para que el Estado Mexicano otorgara una respuesta eficaz y coherente al fen\u00f3meno de la violencia de g\u00e9nero han dado como resultado todo un marco jur\u00eddico protector que &nbsp;reside en instrumentos como la Ley General de Acceso de las Mujeres a una Vida Libre de Violencia, en protocolos especializados para la integraci\u00f3n de la perspectiva de g\u00e9nero en la investigaci\u00f3n de los delitos y la impartici\u00f3n de justicia as\u00ed como en la creaci\u00f3n del delito de feminicidio que comenz\u00f3 el 21 de diciembre de 2010 en el c\u00f3digo penal del estado de Guerrero y concluy\u00f3 el 12 de septiembre de 2017 con la tipificaci\u00f3n de Chihuahua.<\/p>\n\n\n\n<p class=\"wp-block-paragraph\">Desde entonces el perfeccionamiento y la b\u00fasqueda de objetividad en este delito han justificado diversas iniciativas en el pa\u00eds. San Luis Potos\u00ed como resultado directo de la Declaratoria de Alerta por Violencia de G\u00e9nero tiene una presentada por el Ejecutivo en abril del 2019 y publicada en la Gaceta Parlamentaria del 20 de junio del mismo a\u00f1o. En ella se propuso precisamente lo que el expositor del curso, Pablo Navarrete vino a decir, dado que parte de la sanci\u00f3n del feminicidio es la p\u00e9rdida de la patria potestad sobre los hijos en com\u00fan con la v\u00edctima. All\u00ed mismo se reforman otros delitos que tambi\u00e9n son expresiones de violencia de g\u00e9nero, lo que constituye una pol\u00edtica criminal espec\u00edfica que se complementa con otra iniciativa que present\u00f3 la diputada Consuelo Carmona Salas en junio pasado y que propone sancionar con 20 a\u00f1os de prisi\u00f3n las lesiones causadas con \u00e1cidos o sustancias corrosivas. Cabe decir que ninguna de las dos iniciativas ha sido tomada en cuenta.<\/p>\n\n\n\n<p class=\"wp-block-paragraph\"><strong>Hay que tipificar la violencia pol\u00edtica<\/strong><\/p>\n\n\n\n<p class=\"wp-block-paragraph\">Esto ya se ha dicho antes, aunque nunca mencionan el modo de hacerlo, en el Senado de la Rep\u00fablica hay alguna propuesta y en las entidades que cuentan ya con tipos penales denominados as\u00ed se trata de enunciados que no cumplen con la taxatividad que el derecho penal exige porque son definiciones sustra\u00eddas de otro tipo de legislaci\u00f3n. As\u00ed, nos vamos a encontrar con \u201cdelitos\u201d como el del c\u00f3digo penal del Estado de M\u00e9xico que indica:<\/p>\n\n\n\n<p class=\"wp-block-paragraph\">\u201cA quien por cualquier medio impida u obstaculice a una mujer el acceso a los cargos de elecci\u00f3n popular su debido desempe\u00f1o o la induzca a la toma de decisiones en contra de su voluntad, se le impondr\u00e1 de seis meses a dos a\u00f1os de prisi\u00f3n y de cincuenta a trescientos d\u00edas multa.\u201d<\/p>\n\n\n\n<p class=\"wp-block-paragraph\">En otras palabras, populismo penal inadecuado, simb\u00f3lico e inaplicable que no le servir\u00e1 a las mujeres. Y claro que hay otras formas de integrar determinadas circunstancias a la norma penal pero no solamente all\u00ed, porque tambi\u00e9n deber\u00eda de ser sancionado por las autoridades electorales, por los partidos pol\u00edticos y en general por cualquier instituci\u00f3n en donde pudiera llegar a producirse fuera de los tiempos de elecci\u00f3n.<\/p>\n\n\n\n<p class=\"wp-block-paragraph\"><strong>Hay que revisar el estado de las Alertas por Violencia de G\u00e9nero<\/strong><\/p>\n\n\n\n<p class=\"wp-block-paragraph\">Marcela Lagarde estuvo en San Luis Potos\u00ed en febrero de 2019 y habl\u00f3 al respecto, un mes despu\u00e9s vendr\u00eda tambi\u00e9n Rita Segato quien hizo \u00e9nfasis en la situaci\u00f3n de la violencia sexual y los feminicidios, aqu\u00ed tambi\u00e9n destacan las protestas de las j\u00f3venes en las marchas del 8 de marzo y el 25 de noviembre y sus posicionamientos en cuanto a los pocos avances que observan en relaci\u00f3n con las medidas de la declaratoria.<\/p>\n\n\n\n<p class=\"wp-block-paragraph\">Y aunque formalmente s\u00ed existen revisiones, una nacional que est\u00e1 aqu\u00ed&nbsp;<a href=\"https:\/\/www.gob.mx\/cms\/uploads\/attachment\/file\/401827\/InformeMAVGCM.pdf\">https:\/\/www.gob.mx\/cms\/uploads\/attachment\/file\/401827\/InformeMAVGCM.pdf<\/a>&nbsp;y una local que est\u00e1 ac\u00e1&nbsp;<a href=\"https:\/\/www.gob.mx\/cms\/uploads\/attachment\/file\/477005\/Primer_dictamen_anual_San_Luis_Potos__GIM.pdf\">https:\/\/www.gob.mx\/cms\/uploads\/attachment\/file\/477005\/Primer_dictamen_anual_San_Luis_Potos__GIM.pdf<\/a>&nbsp; &nbsp;desde noviembre de 2015 cuando la Comisi\u00f3n Estatal de Derechos Humanos hizo del conocimiento p\u00fablico que iba a solicitar la declaratoria para San Luis Potos\u00ed se dijo repetidamente que ello vendr\u00eda a intentar paliar la expresi\u00f3n m\u00e1s \u00e1lgida de la violencia que es el feminicidio, pero que desde 2011 hab\u00eda claros indicadores de otras conductas que daban con un perfil victimal conformado por mujeres que produjo para ese a\u00f1o alrededor de tres mil denuncias por lo que era indispensable una estrategia integral pensada para las circunstancias de la entidad.<\/p>\n\n\n\n<p class=\"wp-block-paragraph\">Y escribimos entonces: \u201cAhora se pretende dar la batalla para erradicar la forma m\u00e1s grave de violencia, como quien trata la etapa m\u00e1s virulenta de una enfermedad que todos hemos dejado que agrave. Efectivamente la sociedad potosina ha estado enfrentando desde hace mucho tiempo severas resistencias ante la modificaci\u00f3n de los roles sociales de mujeres y hombres, de ah\u00ed su permisibilidad y sus formas discriminatorias, porque para llegar a un punto \u00e1lgido de la violencia de g\u00e9nero en donde a las mujeres se nos priva de la vida en formas crueles, es porque previamente ya se produjeron otras miles de agresiones que han sido toleradas por todos.\u201d<\/p>\n\n\n\n<p class=\"wp-block-paragraph\">As\u00ed, con todo esto ya pronunciado, \u00bfa qu\u00e9 viene la cara de sorpresa? A m\u00e1s ver.<\/p>\n\n\n\n<p class=\"wp-block-paragraph\"><em>Twitter: @Almagzur<\/em><\/p>\n","protected":false},"excerpt":{"rendered":"<p>La violencia de g\u00e9nero es una pandemia<\/p>\n","protected":false},"author":3,"featured_media":15518,"comment_status":"open","ping_status":"open","sticky":false,"template":"","format":"standard","meta":{"_monsterinsights_skip_tracking":false,"footnotes":""},"categories":[691,82,110],"tags":[],"class_list":["post-15517","post","type-post","status-publish","format-standard","has-post-thumbnail","category-691","category-la-opinion","category-la-opinion-columnas"],"_links":{"self":[{"href":"https:\/\/redsemlac.com\/semmexico\/wp-json\/wp\/v2\/posts\/15517","targetHints":{"allow":["GET"]}}],"collection":[{"href":"https:\/\/redsemlac.com\/semmexico\/wp-json\/wp\/v2\/posts"}],"about":[{"href":"https:\/\/redsemlac.com\/semmexico\/wp-json\/wp\/v2\/types\/post"}],"author":[{"embeddable":true,"href":"https:\/\/redsemlac.com\/semmexico\/wp-json\/wp\/v2\/users\/3"}],"replies":[{"embeddable":true,"href":"https:\/\/redsemlac.com\/semmexico\/wp-json\/wp\/v2\/comments?post=15517"}],"version-history":[{"count":0,"href":"https:\/\/redsemlac.com\/semmexico\/wp-json\/wp\/v2\/posts\/15517\/revisions"}],"wp:featuredmedia":[{"embeddable":true,"href":"https:\/\/redsemlac.com\/semmexico\/wp-json\/wp\/v2\/media\/15518"}],"wp:attachment":[{"href":"https:\/\/redsemlac.com\/semmexico\/wp-json\/wp\/v2\/media?parent=15517"}],"wp:term":[{"taxonomy":"category","embeddable":true,"href":"https:\/\/redsemlac.com\/semmexico\/wp-json\/wp\/v2\/categories?post=15517"},{"taxonomy":"post_tag","embeddable":true,"href":"https:\/\/redsemlac.com\/semmexico\/wp-json\/wp\/v2\/tags?post=15517"}],"curies":[{"name":"wp","href":"https:\/\/api.w.org\/{rel}","templated":true}]}}