{"id":15514,"date":"2020-01-12T02:02:17","date_gmt":"2020-01-12T02:02:17","guid":{"rendered":"https:\/\/redsemlac.com\/semmexico\/?p=15514"},"modified":"2023-07-21T15:18:27","modified_gmt":"2023-07-21T20:18:27","slug":"copas-menstruales-pudieran-ser-tendencia-en-cuba","status":"publish","type":"post","link":"https:\/\/redsemlac.com\/semmexico\/copas-menstruales-pudieran-ser-tendencia-en-cuba\/","title":{"rendered":"Copas menstruales: \u00bfpudieran ser tendencia en Cuba?"},"content":{"rendered":"\n<ul class=\"wp-block-list\"><li> <strong>Apoy\u00e1ndose en donaciones, j\u00f3venes feministas promueven con r\u00e1pida aceptaci\u00f3n el uso de la copa como la alternativa m\u00e1s saludable y ecol\u00f3gica, aunque apenas se conoce en el pa\u00eds.<\/strong> <\/li><\/ul>\n\n\n\n<p class=\"wp-block-paragraph\"><strong>Redacci\u00f3n IPS Cuba<\/strong><\/p>\n\n\n\n<p class=\"wp-block-paragraph\">SemM\u00e9xico\/IPS Cuba. La Habana, 11 de enero 2020.- La convocatoria para entregar de forma gratuita m\u00e1s de 150 copas menstruales se lanz\u00f3 por redes sociales como Facebook y Whatsapp con apenas un d\u00eda de antelaci\u00f3n. Aun as\u00ed todas las mujeres que asistieron no alcanzaron uno de estos recipientes.<\/p>\n\n\n\n<p class=\"wp-block-paragraph\">El encuentro, realizado el 4 de enero en el privado California Caf\u00e9, en el barrio habanero de Vedado, fue el primer paso de un proyecto que busca facilitar y educar sobre este dispositivo de silicona, que se inserta en la vagina para recoger el flujo menstrual y resulta reutilizable hasta por 10 a\u00f1os.<\/p>\n\n\n\n<p class=\"wp-block-paragraph\">A eso se a\u00f1ade que en Cuba todo indica que no se comercializan en el mercado formal y las pocas ofertas en el informal exigen el equivalente a 15 d\u00f3lares por cada copa.<\/p>\n\n\n\n<p class=\"wp-block-paragraph\">La estudiante universitaria Samantha Olaz\u00e1bal, de 22 a\u00f1os, es la principal gestora de la iniciativa con el apoyo del grupo de mujeres creadoras&nbsp;<a href=\"https:\/\/www.facebook.com\/LAMAnadagrupocreativo\">La Manada<\/a>, quienes ganaron popularidad cuando a finales de 2019 fueron las \u00fanicas mujeres que replicaron en la isla caribe\u00f1a el performance feminista Un violador en tu camino.<\/p>\n\n\n\n<p class=\"wp-block-paragraph\">\u201cEstoy sorprendida por la cantidad de personas que vino\u201d, dijo a la Redacci\u00f3n IPS Cuba, al cierre de la actividad, que consisti\u00f3 en seis rondas de explicaciones y respuestas a preguntas por parte de las organizadoras, adem\u00e1s de la entrega de las donaciones.<\/p>\n\n\n\n<h4 class=\"wp-block-heading\"><strong>La idea<\/strong><\/h4>\n\n\n\n<p class=\"wp-block-paragraph\">Olaz\u00e1bal, estudiante de la Facultad de Medios de Comunicaci\u00f3n Audiovisual, en la&nbsp;<a href=\"http:\/\/www.isa.cult.cu\/\">Universidad de las Artes<\/a>, obtuvo su primera copa hace dos a\u00f1os gracias a un amigo estadounidense, quien tambi\u00e9n la apoy\u00f3 en la idea de conseguir financiamiento para traerlas gratis a Cuba.<\/p>\n\n\n\n<figure class=\"wp-block-image is-resized\"><a href=\"https:\/\/i1.wp.com\/www.ipscuba.net\/media\/2020\/01\/IMG_20200104_171145997_MP.jpg?ssl=1\"><img loading=\"lazy\" decoding=\"async\" src=\"https:\/\/i1.wp.com\/www.ipscuba.net\/media\/2020\/01\/IMG_20200104_171145997_MP.jpg?resize=360%2C240&amp;ssl=1\" alt=\"\" class=\"wp-image-48686\" width=\"552\" height=\"368\"\/><\/a><figcaption>Samantha Olaz\u00e1bal explica c\u00f3mo colocar la copa menstrual a las chicas que acudieron a su convocatoria.<strong>Foto:&nbsp;<\/strong>Archivo IPS Cuba<\/figcaption><\/figure>\n\n\n\n<p class=\"wp-block-paragraph\">\u201cHice un video explicando nuestra intenci\u00f3n y ah\u00ed lanzamos el crowdfunding (micromecenazgo) en la plataforma&nbsp;<a href=\"https:\/\/es.gofundme.com\/\">GoFundMe<\/a>, pero no dur\u00f3 mucho tiempo por las prohibiciones de usar esa plataforma para canalizar donaciones para Cuba\u201d, cont\u00f3.<\/p>\n\n\n\n<p class=\"wp-block-paragraph\">Pero, \u201ca los tres d\u00edas, mi amigo me envi\u00f3 la foto de una caja con las primeras 100 copas, y a partir de ah\u00ed llegaron otras m\u00e1s. Hoy repartimos m\u00e1s de 150 y muchas personas no alcanzaron\u201d, coment\u00f3.<\/p>\n\n\n\n<p class=\"wp-block-paragraph\">El inter\u00e9s de quienes asistieron a la actividad, en su mayor\u00eda j\u00f3venes, fue documentado para respaldar la continuidad del proyecto que quiere extenderse a todas las provincias del pa\u00eds y contar con una plataforma digital, para recoger las experiencias de las usuarias cubanas.<\/p>\n\n\n\n<p class=\"wp-block-paragraph\">\u201cLa idea es iniciar con las copas, pero nuestra intenci\u00f3n es continuar educando respecto a la menstruaci\u00f3n, el cuerpo femenino, el autoconocimiento\u201d, explic\u00f3 Olaz\u00e1bal.<\/p>\n\n\n\n<p class=\"wp-block-paragraph\">Para estas j\u00f3venes es una necesidad que se conozca m\u00e1s sobre la copa y sus ventajas. Entre ellas, resaltaron que reduce el riesgo de infecciones, es la opci\u00f3n m\u00e1s ecol\u00f3gica y adem\u00e1s elimina los gastos por almohadillas sanitarias, que por dem\u00e1s en ocasiones escasean en el pa\u00eds, prevalece la mala calidad o sus precios son elevados.<\/p>\n\n\n\n<p class=\"wp-block-paragraph\">Reducir el impacto ambiental que produce el pl\u00e1stico y el nailon de las almohadillas est\u00e1 entre las principales razones en el mundo para decantarse por esta opci\u00f3n, que cobra auge en la actualidad aunque se reportan copas rudimentarias desde 1867 en el mundo.<\/p>\n\n\n\n<h4 class=\"wp-block-heading\"><strong>Experiencias de usuarias<\/strong><\/h4>\n\n\n\n<p class=\"wp-block-paragraph\">\u201cPara m\u00ed es una raz\u00f3n important\u00edsima y creo que en la medida que la gente pueda escoger este pudiera ser un elemento de mayor peso\u201d, comparti\u00f3 Susana Hern\u00e1ndez, periodista, quien lleg\u00f3 a su primera copa hace tres a\u00f1os tambi\u00e9n por una donaci\u00f3n.<\/p>\n\n\n\n<p class=\"wp-block-paragraph\">Varias de las asistentes dijeron conocer sobre sus beneficios, que quer\u00edan usar la copa pero no hab\u00edan podido acceder al recipiente menstrual.<\/p>\n\n\n\n<p class=\"wp-block-paragraph\">\u201cHace dos a\u00f1os escuch\u00e9 hablar por primera vez de la copa por una youtuber, y despu\u00e9s por una amiga. Empec\u00e9 a buscarla pero conseguirla aqu\u00ed es dif\u00edcil, cuando tuve la oportunidad de viajar las vi pero costaban entre 35 y 40 d\u00f3lares\u201d, revel\u00f3 Yuiet Rubi\u00f1os, de 20 a\u00f1os, productora y dise\u00f1adora de la marca KHR Khronos Art Group.<\/p>\n\n\n\n<p class=\"wp-block-paragraph\">Para Lisandra Castro, fil\u00f3loga de 28 a\u00f1os e integrante de La Manada, \u201cesta es una manera de autogestionar una necesidad que tenemos y ser\u00eda bueno que se extendieran este tipo de acciones\u00bb.<\/p>\n\n\n\n<p class=\"wp-block-paragraph\">\u201cGenial la idea\u2026 es una informaci\u00f3n y un producto que no tenemos otra manera de obtener\u201d, evalu\u00f3 Claudia Karina Ricardo, historiadora de arte, de 29 a\u00f1os.<\/p>\n\n\n\n<p class=\"wp-block-paragraph\">Entre los comentarios generados por la convocatoria, una minor\u00eda refiri\u00f3 art\u00edculos en la web sobre efectos negativos con el uso de la copa. Las organizadoras instaron a buscar siempre m\u00e1s informaci\u00f3n, documentarse y compartir experiencias antes de descartar.<\/p>\n\n\n\n<p class=\"wp-block-paragraph\">\u201cLa informaci\u00f3n de c\u00f3mo usarla vino en gran parte de nuestra experiencia personal. Por supuesto, es una elecci\u00f3n individual, no todas se adaptan o les gusta, pero la idea es que se conozca por la mayor cantidad de mujeres, como un recurso m\u00e1s saludable y ecol\u00f3gico\u201d, valor\u00f3 Castro.<\/p>\n\n\n\n<p class=\"wp-block-paragraph\">Una de las v\u00edas utilizadas para convocar al encuentro fue el grupo en la red social Whatsapp creado por quienes participaron en el performance Un violador en tu camino.<\/p>\n\n\n\n<p class=\"wp-block-paragraph\">\u201cDentro de este grupo hay convivencia, sororidad, ah\u00ed tambi\u00e9n est\u00e1 Samantha que ya trabajaba en este proyecto, y nos unimos para la promoci\u00f3n del encuentro, buscar una colega que hiciera el cartel, compartir la poca experiencia que ten\u00edamos sobre el uso de la copa\u201d, cont\u00f3 la fil\u00f3loga.&nbsp;<\/p>\n","protected":false},"excerpt":{"rendered":"<p>Apoy\u00e1ndose en donaciones, j\u00f3venes feministas promueven con r\u00e1pida aceptaci\u00f3n el uso de la copa como la alternativa m\u00e1s saludable y ecol\u00f3gica, aunque apenas se conoce en el pa\u00eds. <\/p>\n","protected":false},"author":3,"featured_media":15515,"comment_status":"open","ping_status":"open","sticky":false,"template":"","format":"standard","meta":{"_monsterinsights_skip_tracking":false,"footnotes":""},"categories":[691,53],"tags":[],"class_list":["post-15514","post","type-post","status-publish","format-standard","has-post-thumbnail","category-691","category-internacional"],"_links":{"self":[{"href":"https:\/\/redsemlac.com\/semmexico\/wp-json\/wp\/v2\/posts\/15514","targetHints":{"allow":["GET"]}}],"collection":[{"href":"https:\/\/redsemlac.com\/semmexico\/wp-json\/wp\/v2\/posts"}],"about":[{"href":"https:\/\/redsemlac.com\/semmexico\/wp-json\/wp\/v2\/types\/post"}],"author":[{"embeddable":true,"href":"https:\/\/redsemlac.com\/semmexico\/wp-json\/wp\/v2\/users\/3"}],"replies":[{"embeddable":true,"href":"https:\/\/redsemlac.com\/semmexico\/wp-json\/wp\/v2\/comments?post=15514"}],"version-history":[{"count":0,"href":"https:\/\/redsemlac.com\/semmexico\/wp-json\/wp\/v2\/posts\/15514\/revisions"}],"wp:featuredmedia":[{"embeddable":true,"href":"https:\/\/redsemlac.com\/semmexico\/wp-json\/wp\/v2\/media\/15515"}],"wp:attachment":[{"href":"https:\/\/redsemlac.com\/semmexico\/wp-json\/wp\/v2\/media?parent=15514"}],"wp:term":[{"taxonomy":"category","embeddable":true,"href":"https:\/\/redsemlac.com\/semmexico\/wp-json\/wp\/v2\/categories?post=15514"},{"taxonomy":"post_tag","embeddable":true,"href":"https:\/\/redsemlac.com\/semmexico\/wp-json\/wp\/v2\/tags?post=15514"}],"curies":[{"name":"wp","href":"https:\/\/api.w.org\/{rel}","templated":true}]}}