{"id":15460,"date":"2020-01-09T18:28:52","date_gmt":"2020-01-09T18:28:52","guid":{"rendered":"https:\/\/redsemlac.com\/semmexico\/?p=15460"},"modified":"2023-07-21T15:18:28","modified_gmt":"2023-07-21T20:18:28","slug":"mujeres-calvas","status":"publish","type":"post","link":"https:\/\/redsemlac.com\/semmexico\/mujeres-calvas\/","title":{"rendered":"Mujeres calvas"},"content":{"rendered":"\n<p class=\"wp-block-paragraph\"><strong>* Un documental visibilizar\u00e1 y\nnormalizar\u00e1 la alopecia femenina<\/strong><\/p>\n\n\n\n<p class=\"wp-block-paragraph\"><strong>* Ser mujer y ser calva es un gran\ntab\u00fa en nuestra sociedad<\/strong><\/p>\n\n\n\n<p class=\"wp-block-paragraph\"><strong><br>\nGloria L\u00f3pez<\/strong><\/p>\n\n\n\n<p class=\"wp-block-paragraph\">SemM\u00e9xico\/AmecoPress,\nMadrid, 9 de enero 2020.-&nbsp;\u201cMujeres Calvas\u201d es un documental sobre la\nalopecia femenina. Y es que ser mujer y ser calva es un gran tab\u00fa en nuestra\nsociedad. Por ello, este trabajo, que se encuentra en fase de conseguir\nfinanciaci\u00f3n, relatar\u00e1 la experiencia de mujeres con alopecia femenina que\nluchan por la visibilizaci\u00f3n y normalizaci\u00f3n de sus cuerpos. \u201cRomper\nestereotipos nos hace libres a todas\u201d, defiende Sandra Rom\u00e1n, directora del\ndocumental, en entrevista con AmecoPress.<\/p>\n\n\n\n<p class=\"wp-block-paragraph\">Junto\na la directora trabajan Sandra Costa y \u00c1ngela Corredor para producir esta \u201coda\na la belleza que demuestra que la feminidad va mucho m\u00e1s all\u00e1 de su condici\u00f3n\nen una sociedad en la que las mujeres son esclavas de su imagen\u201d. \u201cAhora, su\nlibertad, ser\u00e1 ejemplo para todas\u201d.<\/p>\n\n\n\n<p class=\"wp-block-paragraph\">La\nhistoria que estas mujeres pretenden visibilizar expone una discriminaci\u00f3n\naceptada: si bien los hombres calvos pueden resultar atractivos, ocupar\nportadas de revistas, protagonizar eventos y pel\u00edculas y, sobre todo pasear por\nla calle sin que nadie les cuestione o se\u00f1ale, las mujeres calvas generan como\nm\u00ednimo, sorpresa. La normalizaci\u00f3n de la calvicie masculina no obedece solo a\ncuestiones num\u00e9ricas \u2013ellos son m\u00e1s, en principio, porque no hay estudios que\nlo verifiquen y la calvicie femenina est\u00e1 muy escondida- sino que tambi\u00e9n es\nproducto de la imposici\u00f3n de un modelo de belleza femenina, en el que el pelo\njuega un papel fundamental.<\/p>\n\n\n\n<p class=\"wp-block-paragraph\"><strong>\u201cEllas y solo ellas ser\u00e1n las\nprotagonistas\u201d<\/strong><\/p>\n\n\n\n<p class=\"wp-block-paragraph\">\u201cMujeres\ncalvas\u201d es un relato que ahonda en la vida de las mujeres con alopecia (androgen\u00e9tica,\nareata, universal&#8230;), entrando en su cotidianidad, su trabajo y su forma de\nvivir. Una historia sobre el proceso de la ca\u00edda del cabello desde la\nsensibilidad y el respeto. La directora tuvo contacto con esta realidad por una\nexperiencia familiar cercana y decidi\u00f3 ahondar en ello. Siempre con un punto de\nvista: \u201cEllas y \u201csolo ellas\u201d ser\u00e1n las protagonistas, sin el testimonio de\namigos o familia, sin opiniones m\u00e9dicas. Lo importante no solo es saber qu\u00e9 es\nla alopecia sino c\u00f3mo afecta a las mujeres por el hecho de ser mujeres\u201d,\nargumenta.<\/p>\n\n\n\n<p class=\"wp-block-paragraph\">\u201cLo\nque no se menciona no existe\u201d, insiste. \u201cPocas personas saben que la alopecia\nfemenina tambi\u00e9n existe y apenas hay informaci\u00f3n sobre ello, a pesar de que\nafecta a toda la poblaci\u00f3n mundial. De hecho, hasta la fecha no conocemos ning\u00fan\nproyecto de estas caracter\u00edsticas a nivel nacional, y eso hace que a\u00fan sea m\u00e1s\nnecesario contarlo\u201d. Y este \u201ctab\u00fa\u201d realimenta que las mujeres calvas \u201cse\nescondan\u201d y \u201cno hablen de c\u00f3mo se sienten\u201d. Sandra Rom\u00e1n hab\u00eda pensado muchas\nveces que era algo que hab\u00eda que contar, pero conocer a \u2018Apelo\u2019, una asociaci\u00f3n\nque lucha por la visibilidad y la aceptaci\u00f3n de la alopecia, fue el empuj\u00f3n\ndecisivo.<\/p>\n\n\n\n<p class=\"wp-block-paragraph\">As\u00ed,\nlos objetivos de este proyecto son: visibilizar y normalizar la alopecia\nfemenina, denunciar el estigma social y la exclusi\u00f3n que esta provoca, dar\napoyo e informar sobre esta realidad, reivindicar la imagen libre de\nestereotipos de las mujeres, poner de manifiesto la desinformaci\u00f3n y la\ndeshonestidad de algunos profesionales a nivel cl\u00ednico y luchar por la igualdad\nentre mujeres y hombres.<\/p>\n\n\n\n<p class=\"wp-block-paragraph\">Sandra\nRom\u00e1n recuerda que la p\u00e9rdida de pelo en el caso de las mujeres est\u00e1 asociada\nal castigo: \u201cen Juego de Tronos, a una de las protagonistas se le corta el pelo\ny se le da un paseo para castigarla, a las republicanas se les castigaba\nrap\u00e1ndolas\u2026\u201d. \u201cEsto contribuye al estigma, a la exclusi\u00f3n social y laboral\u201d.\nOtras de las dificultades es que solemos asociar la calvicie femenina al\nc\u00e1ncer, pero \u201chay muchos motivos por los que cualquier mujer puede perder el\npelo\u201d y \u201cno solo con la edad o por la menopausia, tambi\u00e9n hay mujeres j\u00f3venes\ncon alopecia\u201d.<\/p>\n\n\n\n<p class=\"wp-block-paragraph\">De\nhecho, desde que pusieron en marcha el proyecto, el equipo de \u201cMujeres calvas\u201d\nha recibido numerosos mensajes de chicas muy j\u00f3venes que tienen alopecia. Saber\nque son muchas, que hay red, que se puede hablar de la calvicie, que hay formas\nde sentirse bien, es fundamental y es uno de los objetivos de la iniciativa.<\/p>\n\n\n\n<p class=\"wp-block-paragraph\">\u201cLa\nalopecia femenina es desconocida menos cuando tienes a alguien cerca que la\npadece. En estos \u00faltimos meses he redescubierto la alopecia hablando con muchas\nmujeres. Lo m\u00e1s curioso, y a la vez alentador, ha sido descubr\u00edrsela a mucha\ngente. Pocas personas imaginan que las mujeres tambi\u00e9n pueden ser calvas y que\nserlo se convierte un problema \u00fanicamente por ser mujer. Con este documental me\nencantar\u00eda descubr\u00edrsela al mundo. Quiero conseguir que la calvicie femenina\ndeje de ser tab\u00fa y que, por fin, despu\u00e9s de toda una vida encadenadas, todas\nlas mujeres, calvas o no, puedan llegar a ser libres.\u201d<\/p>\n\n\n\n<p class=\"wp-block-paragraph\"><strong>Apoyo<\/strong><\/p>\n\n\n\n<p class=\"wp-block-paragraph\">Faltan\n20 d\u00edas para que finalice el plazo que se han dado para conseguir los recursos\necon\u00f3micos para llevar a cabo el documental. Hay distintos modos de apoyar y\ndistintas recompensas. Toda la informaci\u00f3n en la&nbsp;<a href=\"https:\/\/www.verkami.com\/projects\/25408-mujeres-calvas\">web<\/a>.<\/p>\n\n\n\n<p class=\"wp-block-paragraph\">SEM-AmecoPress\/gl<\/p>\n","protected":false},"excerpt":{"rendered":"<p>Ser mujer y ser calva es un gran tab\u00fa en nuestra sociedad<\/p>\n","protected":false},"author":3,"featured_media":15461,"comment_status":"open","ping_status":"open","sticky":false,"template":"","format":"standard","meta":{"_monsterinsights_skip_tracking":false,"footnotes":""},"categories":[691,53],"tags":[],"class_list":["post-15460","post","type-post","status-publish","format-standard","has-post-thumbnail","category-691","category-internacional"],"_links":{"self":[{"href":"https:\/\/redsemlac.com\/semmexico\/wp-json\/wp\/v2\/posts\/15460","targetHints":{"allow":["GET"]}}],"collection":[{"href":"https:\/\/redsemlac.com\/semmexico\/wp-json\/wp\/v2\/posts"}],"about":[{"href":"https:\/\/redsemlac.com\/semmexico\/wp-json\/wp\/v2\/types\/post"}],"author":[{"embeddable":true,"href":"https:\/\/redsemlac.com\/semmexico\/wp-json\/wp\/v2\/users\/3"}],"replies":[{"embeddable":true,"href":"https:\/\/redsemlac.com\/semmexico\/wp-json\/wp\/v2\/comments?post=15460"}],"version-history":[{"count":0,"href":"https:\/\/redsemlac.com\/semmexico\/wp-json\/wp\/v2\/posts\/15460\/revisions"}],"wp:featuredmedia":[{"embeddable":true,"href":"https:\/\/redsemlac.com\/semmexico\/wp-json\/wp\/v2\/media\/15461"}],"wp:attachment":[{"href":"https:\/\/redsemlac.com\/semmexico\/wp-json\/wp\/v2\/media?parent=15460"}],"wp:term":[{"taxonomy":"category","embeddable":true,"href":"https:\/\/redsemlac.com\/semmexico\/wp-json\/wp\/v2\/categories?post=15460"},{"taxonomy":"post_tag","embeddable":true,"href":"https:\/\/redsemlac.com\/semmexico\/wp-json\/wp\/v2\/tags?post=15460"}],"curies":[{"name":"wp","href":"https:\/\/api.w.org\/{rel}","templated":true}]}}