{"id":15456,"date":"2020-01-09T18:23:56","date_gmt":"2020-01-09T18:23:56","guid":{"rendered":"https:\/\/redsemlac.com\/semmexico\/?p=15456"},"modified":"2023-07-21T15:18:28","modified_gmt":"2023-07-21T20:18:28","slug":"espana-40-de-las-victimas-de-violencia-de-genero-mayores-de-65-anos","status":"publish","type":"post","link":"https:\/\/redsemlac.com\/semmexico\/espana-40-de-las-victimas-de-violencia-de-genero-mayores-de-65-anos\/","title":{"rendered":"Espa\u00f1a: 40 % de las v\u00edctimas de violencia de g\u00e9nero mayores de 65 a\u00f1os"},"content":{"rendered":"\n<p class=\"wp-block-paragraph\"><strong>* Han sido maltratadas durante m\u00e1s de 40 a\u00f1os<\/strong><\/p>\n\n\n\n<p class=\"wp-block-paragraph\"><strong>* Revela estudio Mujeres mayores de 65\na\u00f1os v\u00edctimas de violencia de g\u00e9nero<\/strong><\/p>\n\n\n\n<p class=\"wp-block-paragraph\"><strong>Redacci\u00f3n<br>\n<\/strong>SemM\u00e9xico\/AmecoPress,\nMadrid, 9 enero 2020.-&nbsp;Durante la Jornada conmemorativa de los 15 a\u00f1os de\nla Ley Org\u00e1nica 1\/2004, de Medidas de Protecci\u00f3n Integral contra la Violencia\nde G\u00e9nero, la Delegaci\u00f3n del Gobierno para la Violencia de G\u00e9nero present\u00f3 los\nresultados del estudio \u201cMujeres mayores de 65 a\u00f1os v\u00edctimas de violencia de\ng\u00e9nero\u201d. Estos resultados se han obtenido a partir de una encuesta realizada a\nuna muestra de mujeres mayores de 65 a\u00f1os v\u00edctimas de violencia de g\u00e9nero\natendidas en el Servicio telef\u00f3nico de atenci\u00f3n y protecci\u00f3n para v\u00edctimas de\nla violencia de g\u00e9nero (ATENPRO).<\/p>\n\n\n\n<p class=\"wp-block-paragraph\"><strong>Conclusiones m\u00e1s relevantes<\/strong><\/p>\n\n\n\n<p class=\"wp-block-paragraph\">1.\nLa larga trayectoria de violencia es una de las caracter\u00edsticas definitorias de\nla violencia de g\u00e9nero en las mujeres mayores de 65 a\u00f1os que participan en el\nestudio: el 40 % ha sufrido violencia durante m\u00e1s de 40 a\u00f1os y el 27 % ha\nestado sufriendo violencia a lo largo de entre 20 y 30 a\u00f1os.<\/p>\n\n\n\n<p class=\"wp-block-paragraph\"><br>\n2. Los diferentes tipos de violencia de g\u00e9nero analizados (f\u00edsica, sexual,\necon\u00f3mica, psicol\u00f3gica) presentan porcentajes altos de prevalencia entre las\nmujeres entrevistadas.<\/p>\n\n\n\n<p class=\"wp-block-paragraph\"><br>\n3. Distintos acontecimientos vitales (matrimonio, embarazo, nacimiento de hijos\no hijas, separaci\u00f3n, jubilaci\u00f3n, papel de la mujer como cuidadora del\nmaltratador, situaci\u00f3n del maltratador como cuidador de la mujer) act\u00faan como\ncatalizadores que potencian, aceleran y agravan la escalada de la violencia.<\/p>\n\n\n\n<p class=\"wp-block-paragraph\"><br>\n4. Percepci\u00f3n de riesgo elevado. Casi la mitad de las mujeres entrevistadas (46\n%) consideran que el riesgo de que el maltratador cometa una nueva agresi\u00f3n es\nalto o muy alto.<\/p>\n\n\n\n<p class=\"wp-block-paragraph\"><br>\n5. Se constata la ausencia de una clara asociaci\u00f3n de la violencia de g\u00e9nero\ncon cualquier perfil esperable desde el punto de vista sociodemogr\u00e1fico o\necon\u00f3mico.<\/p>\n\n\n\n<p class=\"wp-block-paragraph\">El\nestudio \u201cMujeres mayores de 65 a\u00f1os v\u00edctimas de violencia de g\u00e9nero\u201d ha sido\npromovido, impulsado, financiado y supervisado por la Delegaci\u00f3n del Gobierno\npara la Violencia de G\u00e9nero en cumplimiento de las medidas establecidas en el\nPacto de Estado en Materia de Violencia de G\u00e9nero, m\u00e1s concretamente, la medida\nn\u00ba 136 del Informe de la Ponencia del Senado que insta a \u201crealizar estudios\nsobre la situaci\u00f3n de las mujeres mayores de 65 a\u00f1os que sufren violencia de\ng\u00e9nero y preparar recursos adaptados a ellas\u201d. El trabajo ha sido realizado por\nCruz Roja Espa\u00f1ola con el apoyo de la Universidad Carlos III de Madrid.<\/p>\n\n\n\n<p class=\"wp-block-paragraph\">El\nobjetivo principal de este estudio es analizar la situaci\u00f3n de las mujeres\nmayores de 65 a\u00f1os v\u00edctimas de violencia de g\u00e9nero, evaluando los factores que\ndeterminan su especial vulnerabilidad, con el fin de aportar informaci\u00f3n que\npermita dise\u00f1ar medidas y actuaciones que contribuyan a la detecci\u00f3n de los\ncasos y faciliten el acceso de las v\u00edctimas a recursos especializados.<\/p>\n\n\n\n<p class=\"wp-block-paragraph\">Las\nmujeres mayores experimentan la discriminaci\u00f3n de g\u00e9nero en mayor medida que\nlas mujeres j\u00f3venes, y la discriminaci\u00f3n por edad en mayor medida que los\nhombres mayores. Esta doble discriminaci\u00f3n est\u00e1 en la base de la invisibilidad\nde la violencia de g\u00e9nero contra las mujeres mayores.<\/p>\n\n\n\n<p class=\"wp-block-paragraph\">La\nmetodolog\u00eda del estudio ha combinado el enfoque cuantitativo y el cualitativo.\nPara la parte cuantitativa, se ha realizado una entrevista con una muestra\nrepresentativa de las mujeres mayores de 65 a\u00f1os v\u00edctimas de violencia de\ng\u00e9nero atendidas en el Servicio ATENPRO (Servicio telef\u00f3nico de atenci\u00f3n y\nprotecci\u00f3n para v\u00edctimas de la violencia de g\u00e9nero), se han realizado 245\nentrevistas segmentadas por Comunidad Aut\u00f3noma. Para la parte cualitativa se\nhan realizado 19 entrevistas cualitativas en profundidad semiestructuradas. El\nprincipal activo de este estudio es que se trata de un estudio de \u00e1mbito\nestatal en el que han participado mujeres mayores de 65 a\u00f1os -de distintos\ntramos de edad- y residentes en entornos urbanos, semi-urbanos y rurales.<\/p>\n\n\n\n<p class=\"wp-block-paragraph\"><strong>Resultados<\/strong><\/p>\n\n\n\n<p class=\"wp-block-paragraph\">1-\nCaracter\u00edsticas sociodemogr\u00e1ficas de las mujeres entrevistadas<\/p>\n\n\n\n<p class=\"wp-block-paragraph\">El 98 % de las mujeres mayores de 65 a\u00f1os atendidas por el Servicio ATENPRO que han participado en el estudio, tienen nacionalidad espa\u00f1ola. Su nivel de estudios es mediobajo (el 9 % nunca han estado escolarizadas y el 61 % han realizado estudios primarios) y la mayor\u00eda de las mujeres entrevistadas est\u00e1n divorciadas (52 %) o separadas (27 %). El 97 % tienen hijos o hijas. El 67,6 % viven solas. El 70 % han vivido 21 a\u00f1os o m\u00e1s en el mismo lugar. El 60 % residen en una ciudad peque\u00f1a, municipio rural o aldea aislada; el 27 % en una ciudad mediana o en un entorno periurbano y el 13 %, en una ciudad de m\u00e1s de 500.000 habitantes. Casi la mitad de los hogares a los que pertenecen las mujeres que han participado en el estudio se encuentran en situaci\u00f3n de privaci\u00f3n material severa (47 %). El dato para las mujeres mayores de 65 a\u00f1os en la poblaci\u00f3n general es del 3,5 %.<\/p>\n\n\n\n<p class=\"wp-block-paragraph\">2- Violencia sufrida <\/p>\n\n\n\n<p class=\"wp-block-paragraph\">La violencia de g\u00e9nero muestra una larga trayectoria en una parte importante de las mujeres entrevistadas: el 40 % ha sufrido violencia durante m\u00e1s de 40 a\u00f1os y el 27 % ha estado sufriendo este tipo de violencia entre 20 y 30 a\u00f1os.<\/p>\n\n\n\n<p class=\"wp-block-paragraph\">En cuanto a la relaci\u00f3n entre la violencia y determinados acontecimientos vitales, el 78 % asocian episodios violentos con el matrimonio, el 30 % con el noviazgo y el mismo porcentaje con el nacimiento de los hijos e hijas.<\/p>\n\n\n\n<p class=\"wp-block-paragraph\">Violencia f\u00edsica: el 78 % de las mujeres entrevistadas manifiestan que, a lo largo de su vida, el maltratador les ha propinado empujones, y\/o las ha sujetado o tirado del pelo. Un 75 % dicen que han sido abofeteadas o que les han arrojado algo para hacerles da\u00f1o. El 63 % se\u00f1alan que han sido golpeadas con el pu\u00f1o o con alg\u00fan objeto. El 50 % refieren haber recibido patadas, o haber sido arrastradas por el suelo.<\/p>\n\n\n\n<p class=\"wp-block-paragraph\">Violencia sexual: el 56 % de las mujeres entrevistadas afirman haber mantenido relaciones sexuales contra su voluntad, porque ten\u00edan miedo de lo que el maltratador les podr\u00eda hacer si se negaban. El 30 % han referido verse obligadas a realizar pr\u00e1cticas sexuales que les resultaban degradantes o humillantes.<\/p>\n\n\n\n<p class=\"wp-block-paragraph\">Violencia econ\u00f3mica: seis de cada diez se\u00f1alaron que el maltratador les imped\u00eda tomar decisiones relacionadas con la econom\u00eda familiar y\/o realizar compras de forma independiente, el 55 % indicaron que no recib\u00edan dinero para los gastos del hogar, el 41 % dijo que \u00e9l se apropiaba de su dinero y el 34 % que no la dejaba trabajar o estudiar fuera del hogar.<\/p>\n\n\n\n<p class=\"wp-block-paragraph\">Violencia psicol\u00f3gica: casi 8 mujeres de cada diez manifestaron que el maltratador las ignoraba y las trataba con indiferencia de forma frecuente, que insist\u00eda en saber d\u00f3nde estaban en cada momento y que intentaba impedirles que viesen a sus amigos o amigas, o que se relacionasen con su familia. El miedo es una emoci\u00f3n mayoritariamente presente entre las mujeres encuestadas (98 %). El 53 % manifiestan tener miedo \u201csiempre y constantemente\u201d, en tanto que un 16 % lo experimentan \u201cde vez en cuando\u201d. <\/p>\n\n\n\n<p class=\"wp-block-paragraph\">3- Violencia de g\u00e9nero e hijos<\/p>\n\n\n\n<p class=\"wp-block-paragraph\">El 70 % de las mujeres se\u00f1ala que sus hijos e hijas han presenciado algunas de las agresiones sufridas, y tres de cada diez indican que tambi\u00e9n fueron v\u00edctimas de agresiones, insultos, menosprecios e intimidaciones.<\/p>\n\n\n\n<p class=\"wp-block-paragraph\">4- \u00abRazones\u00bb<\/p>\n\n\n\n<p class=\"wp-block-paragraph\">Las razones por las que las mujeres entrevistadas refieren haber permanecido en la relaci\u00f3n de pareja con el maltratador son diversas: el 35 % admitieron haber tenido miedo a que las mataran y el 13% se\u00f1ala que no se admit\u00edan denuncias por este motivo. Un 32 % manifiesta que lo hizo por sus hijos e hijas.<\/p>\n\n\n\n<p class=\"wp-block-paragraph\">SEM-AmecoPress<\/p>\n","protected":false},"excerpt":{"rendered":"<p>Han sido maltratadas durante m\u00e1s de 40 a\u00f1os<\/p>\n","protected":false},"author":3,"featured_media":15458,"comment_status":"open","ping_status":"open","sticky":false,"template":"","format":"standard","meta":{"_monsterinsights_skip_tracking":false,"footnotes":""},"categories":[691,53],"tags":[],"class_list":["post-15456","post","type-post","status-publish","format-standard","has-post-thumbnail","category-691","category-internacional"],"_links":{"self":[{"href":"https:\/\/redsemlac.com\/semmexico\/wp-json\/wp\/v2\/posts\/15456","targetHints":{"allow":["GET"]}}],"collection":[{"href":"https:\/\/redsemlac.com\/semmexico\/wp-json\/wp\/v2\/posts"}],"about":[{"href":"https:\/\/redsemlac.com\/semmexico\/wp-json\/wp\/v2\/types\/post"}],"author":[{"embeddable":true,"href":"https:\/\/redsemlac.com\/semmexico\/wp-json\/wp\/v2\/users\/3"}],"replies":[{"embeddable":true,"href":"https:\/\/redsemlac.com\/semmexico\/wp-json\/wp\/v2\/comments?post=15456"}],"version-history":[{"count":0,"href":"https:\/\/redsemlac.com\/semmexico\/wp-json\/wp\/v2\/posts\/15456\/revisions"}],"wp:featuredmedia":[{"embeddable":true,"href":"https:\/\/redsemlac.com\/semmexico\/wp-json\/wp\/v2\/media\/15458"}],"wp:attachment":[{"href":"https:\/\/redsemlac.com\/semmexico\/wp-json\/wp\/v2\/media?parent=15456"}],"wp:term":[{"taxonomy":"category","embeddable":true,"href":"https:\/\/redsemlac.com\/semmexico\/wp-json\/wp\/v2\/categories?post=15456"},{"taxonomy":"post_tag","embeddable":true,"href":"https:\/\/redsemlac.com\/semmexico\/wp-json\/wp\/v2\/tags?post=15456"}],"curies":[{"name":"wp","href":"https:\/\/api.w.org\/{rel}","templated":true}]}}