{"id":15453,"date":"2020-01-09T18:20:09","date_gmt":"2020-01-09T18:20:09","guid":{"rendered":"https:\/\/redsemlac.com\/semmexico\/?p=15453"},"modified":"2023-07-21T15:18:28","modified_gmt":"2023-07-21T20:18:28","slug":"chile-primera-parada-hacia-beijing25","status":"publish","type":"post","link":"https:\/\/redsemlac.com\/semmexico\/chile-primera-parada-hacia-beijing25\/","title":{"rendered":"Chile, primera parada hacia Beijing+25"},"content":{"rendered":"\n<p class=\"wp-block-paragraph\"><strong>* Se abordar\u00e1n demandas actualizadas\nde las feministas<\/strong><\/p>\n\n\n\n<p class=\"wp-block-paragraph\"><strong>* En mayo toca a M\u00e9xico y\nposteriormente en Par\u00eds<\/strong><\/p>\n\n\n\n<p class=\"wp-block-paragraph\"><strong>Elda Montiel<\/strong><\/p>\n\n\n\n<p class=\"wp-block-paragraph\">SemM\u00e9xico,\nCd. de M\u00e9xico, 9 de enero 2020.- La primera parada para el camino hacia\nBeijing+25 comenzar\u00e1 en la \u00faltima semana de este mes y se realizar\u00e1 en Chile,\ndonde se espera elaborar el documento regional que contenga las propuestas de las demandas feministas\nactualizadas elaboradas por las organizaciones de la sociedad civil. <\/p>\n\n\n\n<p class=\"wp-block-paragraph\">Cabe\nse\u00f1alar que la Plataforma Beijing promovi\u00f3 la\nigualdad de g\u00e9nero, a partir de la formulaci\u00f3n de amplios compromisos, y desde entonces los gobiernos, la sociedad\ncivil y el p\u00fablico en general los han traducido en cambios concretos en cada\nuno de los pa\u00edses.<\/p>\n\n\n\n<p class=\"wp-block-paragraph\">La erradicaci\u00f3n de todas las formas de\nviolencia es un tema que apareci\u00f3 progresivamente en la agenda p\u00fablica para\ninstalarse de manera definitiva alrededor del a\u00f1o 2015 cuando miles de personas\nen toda Am\u00e9rica Latina salieron a las calles detr\u00e1s de la consigna&nbsp;#NiUnaMenos, promovida por\norganizaciones feministas y de mujeres.<\/p>\n\n\n\n<p class=\"wp-block-paragraph\">Las&nbsp;Conferencias de Cairo&nbsp;y el&nbsp;Consenso de Montevideo&nbsp;permitieron avanzar en materia de\nderechos sexuales y reproductivos. <\/p>\n\n\n\n<p class=\"wp-block-paragraph\">El desaf\u00edo en 2020 es plantear algunos\navances en la Plataforma de Acci\u00f3n de Beijing+25 que instale temas prioritarios\nen la agenda p\u00fablica coherente con las demandas\nde los feminismos y actualizarlos.<\/p>\n\n\n\n<p class=\"wp-block-paragraph\">Santiago de Chile ser\u00e1 la primera\nparada en la revisi\u00f3n de la Plataforma de Acci\u00f3n de Beijing para conmemorar el\n25 aniversario, que en marzo se convalidar\u00e1 en la Comisi\u00f3n de la Condici\u00f3n Jur\u00eddica y Social de la Mujer (CSW) y luego en septiembre de 2020 en la Sesi\u00f3n Especial.<\/p>\n\n\n\n<p class=\"wp-block-paragraph\">La&nbsp;Reuni\u00f3n Preparatoria Regional&nbsp;de Beijing+25&nbsp;se realizar\u00e1 simult\u00e1neamente con la&nbsp;XIII Conferencia Regional sobre la Mujer de\nAm\u00e9rica Latina y el Caribe&nbsp;organizada por la Comisi\u00f3n Econ\u00f3mica\npara Am\u00e9rica Latina y el Caribe (CEPAL),\nque se realiza cada tres a\u00f1os; este a\u00f1o se llevar\u00e1 a cabo del 27 al 31 de enero\nen Santiago de Chile.<\/p>\n\n\n\n<p class=\"wp-block-paragraph\">En la CSW64 se va a analizar lo\nocurrido en estos a\u00f1os para evaluar el progreso hecho, adem\u00e1s de mirar hacia el\nfuturo con propuestas concretas necesarias para lograr la igualdad de g\u00e9nero. <\/p>\n\n\n\n<p class=\"wp-block-paragraph\">Mientras que M\u00e9xico, ser\u00e1 sede en el\nmes de mayo, y despu\u00e9s Par\u00eds, en el mes de Julio, del Foro Generaci\u00f3n Igualdad, que es\nuna reuni\u00f3n de multi-interesados convenido por ONU Mujeres, con\nco-presidentes de Francia y M\u00e9xico en colaboraci\u00f3n con la sociedad civil global\nrepresentada por el grupo asesor.<\/p>\n\n\n\n<p class=\"wp-block-paragraph\">Si bien la situaci\u00f3n es diferente en\ncada uno de los pa\u00edses, en los \u00faltimos 25 a\u00f1os se ha avanzado principalmente en\nt\u00e9rminos normativos, en la implementaci\u00f3n de pol\u00edticas p\u00fablicas espec\u00edficas y\nen la conquista de derechos para mujeres, j\u00f3venes y ni\u00f1as.<\/p>\n\n\n\n<p class=\"wp-block-paragraph\">Los temas que discutir\u00e1n las organizaciones\nde la sociedad civil son: Desarrollo inclusivo, prosperidad compartida y\ntrabajo decente, as\u00ed como la erradicaci\u00f3n de la pobreza, protecci\u00f3n social y\nservicios sociales.<\/p>\n\n\n\n<p class=\"wp-block-paragraph\">Libertad frente a las violencias, el\nestigma y los estereotipos; participaci\u00f3n, responsabilidad e instituciones\nsensibles al g\u00e9nero; sociedades pac\u00edficas e inclusivas, y conservaci\u00f3n,\nprotecci\u00f3n y rehabilitaci\u00f3n ambiental.<\/p>\n\n\n\n<p class=\"wp-block-paragraph\">La Regi\u00f3n de Am\u00e9rica Latina y el\nCaribe debe seguir siendo la m\u00e1s progresista, esto de acuerdo a Mabel Bianco,\ndestacada feminista coordinadora de la Campa\u00f1a Internacional Las\nMujeres No Esperamos, Acabemos la Violencia y el VIH. YA! y del Grupo\nInternacional de Mujeres y el Sida \u2013IAWC-.<\/p>\n\n\n\n<p class=\"wp-block-paragraph\">SEM\/em\/sj<\/p>\n","protected":false},"excerpt":{"rendered":"<p>La primera parada para el camino hacia Beijing+25 comenzar\u00e1 en la \u00faltima semana de este mes y se realizar\u00e1 en Chile<\/p>\n","protected":false},"author":3,"featured_media":15454,"comment_status":"open","ping_status":"open","sticky":false,"template":"","format":"standard","meta":{"_monsterinsights_skip_tracking":false,"footnotes":""},"categories":[691,54],"tags":[],"class_list":["post-15453","post","type-post","status-publish","format-standard","has-post-thumbnail","category-691","category-mujeres"],"_links":{"self":[{"href":"https:\/\/redsemlac.com\/semmexico\/wp-json\/wp\/v2\/posts\/15453","targetHints":{"allow":["GET"]}}],"collection":[{"href":"https:\/\/redsemlac.com\/semmexico\/wp-json\/wp\/v2\/posts"}],"about":[{"href":"https:\/\/redsemlac.com\/semmexico\/wp-json\/wp\/v2\/types\/post"}],"author":[{"embeddable":true,"href":"https:\/\/redsemlac.com\/semmexico\/wp-json\/wp\/v2\/users\/3"}],"replies":[{"embeddable":true,"href":"https:\/\/redsemlac.com\/semmexico\/wp-json\/wp\/v2\/comments?post=15453"}],"version-history":[{"count":0,"href":"https:\/\/redsemlac.com\/semmexico\/wp-json\/wp\/v2\/posts\/15453\/revisions"}],"wp:featuredmedia":[{"embeddable":true,"href":"https:\/\/redsemlac.com\/semmexico\/wp-json\/wp\/v2\/media\/15454"}],"wp:attachment":[{"href":"https:\/\/redsemlac.com\/semmexico\/wp-json\/wp\/v2\/media?parent=15453"}],"wp:term":[{"taxonomy":"category","embeddable":true,"href":"https:\/\/redsemlac.com\/semmexico\/wp-json\/wp\/v2\/categories?post=15453"},{"taxonomy":"post_tag","embeddable":true,"href":"https:\/\/redsemlac.com\/semmexico\/wp-json\/wp\/v2\/tags?post=15453"}],"curies":[{"name":"wp","href":"https:\/\/api.w.org\/{rel}","templated":true}]}}