{"id":15436,"date":"2020-01-08T22:51:35","date_gmt":"2020-01-08T22:51:35","guid":{"rendered":"https:\/\/redsemlac.com\/semmexico\/?p=15436"},"modified":"2023-07-21T15:18:28","modified_gmt":"2023-07-21T20:18:28","slug":"secretaria-de-bienestar-no-entrego-apoyo-prometido-a-42-mil-productores-de-cafe-en-veracruz","status":"publish","type":"post","link":"https:\/\/redsemlac.com\/semmexico\/secretaria-de-bienestar-no-entrego-apoyo-prometido-a-42-mil-productores-de-cafe-en-veracruz\/","title":{"rendered":"Secretaria de Bienestar no entreg\u00f3 apoyo prometido a 42 mil productores de caf\u00e9 en Veracruz"},"content":{"rendered":"\n<ul class=\"wp-block-list\"><li><strong>&nbsp;Consejo Regional del Caf\u00e9 advierte que no\nfunciona imposici\u00f3n de empresas<\/strong> <strong>trasnacionales\nde utilizar referencia de la bolsa de caf\u00e9 en Nueva York, para definir los\nprecios.<\/strong><\/li><\/ul>\n\n\n\n<p class=\"wp-block-paragraph\"><strong>Nicol\u00e1s Cruz\nHern\u00e1ndez<\/strong><\/p>\n\n\n\n<p class=\"wp-block-paragraph\">SemM\u00e9xico\/Billie Parker Noticias. Xalapa, Veracruz. 08 Enero\n2020.- Con una manifestaci\u00f3n y en conferencia de prensa, el presidente del\nConsejo regional del caf\u00e9 del municipio de Coatepec, Cirilo Elotlan D\u00edaz,\ndenunci\u00f3 que la Secretar\u00eda del Bienestar no entreg\u00f3 apoyos para los 42 mil\ncaficultores, ya que al menos 7 mil a los que les hab\u00eda prometido el recurso de\n5 mil pesos, se quedaron esperando.<\/p>\n\n\n\n<p class=\"wp-block-paragraph\">El integrante del Consejo Regional de Caf\u00e9 en Coatepec,\nCirilo Elotl\u00e1n D\u00edaz, se\u00f1al\u00f3 que durante 2019 la Secretar\u00eda redujo el apoyo a\nlos productores en el estado al pasar de 52 mil a 42 mil, pero que ni siquiera\nesa cifra se cumpli\u00f3, ya que se qued\u00f3 en 35 mil productores, pero que aun as\u00ed\nno cumpli\u00f3 con la meta.<\/p>\n\n\n\n<p class=\"wp-block-paragraph\">&nbsp;\u201cTodav\u00eda hay\nproductores a los que no les han pagado en Veracruz; ser\u00e1 el 20 por ciento que\ntodav\u00eda no les llega ese recurso. En Veracruz iban a ser cerca de 52 mil\nproductores de caf\u00e9 atendidos; sin embargo, en Veracruz de 52 mil, despu\u00e9s\ndijeron que era 42 mil y ahorita fueron 35 mil productores de caf\u00e9 que s\u00ed\nalcanzaron recibir sus 5 mil pesos, pero falta mucho por entregar\u201d.<\/p>\n\n\n\n<p class=\"wp-block-paragraph\">Dijo que el recurso ya debi\u00f3 entregarse durante el a\u00f1o\npasado y no se logr\u00f3, por lo que el recurso corre el riesgo de que tenga que\ndevolverse a la Secretar\u00eda de Hacienda y Cr\u00e9dito P\u00fablico (SHCP).<\/p>\n\n\n\n<p class=\"wp-block-paragraph\">Por toda esta gran confrontaci\u00f3n entre Sader, Bienestar y la\nnueva Coordinaci\u00f3n, pr\u00e1cticamente se dejaron fuera m\u00e1s de 100 mil productores\nde caf\u00e9 (en el pa\u00eds) y en Veracruz de 52 mil, despu\u00e9s dijeron que era 42 mil y\nahorita fueron 35 mil productores de caf\u00e9 que s\u00ed alcanzaron recibir sus 5 mil\npesos, pero falta mucho por entregar\u201d.<\/p>\n\n\n\n<p class=\"wp-block-paragraph\">Cirilo Elotlan precis\u00f3 que los tres principales problemas\nque imperan en el campo cafetalero de Veracruz y M\u00e9xico, son: La fuerte ca\u00edda\nde precios del caf\u00e9, el problema de bienestar para el caf\u00e9 2019, que no ha\nfuncionado y como tiro de gracia, la empresa NESTL\u00c9 est\u00e1 importando de Brasil,\nm\u00e1s de un mill\u00f3n de quintales de caf\u00e9 robusta, lo que impacta a los precios\ninternos del caf\u00e9 mexicano de los ar\u00e1bigos que producen.<\/p>\n\n\n\n<p class=\"wp-block-paragraph\">Por su parte el tambi\u00e9n productor de caf\u00e9 Fernando Celis,\ndijo que quieren alentar al gobierno del Estado y al gobierno federal que se\nperfila una crisis en el sector cafetalero, despu\u00e9s de 5 a\u00f1os de afectaciones\npor la roya se ha venido recuperando la producci\u00f3n nacional, de 2.2 millones de\nproducci\u00f3n de sacos ahora se lleg\u00f3 a 4.2 millones de sacos, pero se llevan tres\na\u00f1os de bajos precios, el a\u00f1o pasado el kilo de caf\u00e9 cereza en Coatepec fue de\nseis pesos y el quintal de pergamino en mil 750 .<\/p>\n\n\n\n<p class=\"wp-block-paragraph\">Se esperaba que este a\u00f1o los precios iban a mejorar, pero\ncon la imposici\u00f3n de las empresas trasnacionales de utilizar la referencia de\nla bolsa de caf\u00e9 en Nueva York, para definir los precios a pagar a los\nproductores y no funciona porque s\u00f3lo le sirve a los especuladores.<\/p>\n\n\n\n<p class=\"wp-block-paragraph\">Indic\u00f3 que ahorita con el conflicto de Estados Unidos Ir\u00e1n\nlos precios bajaron a\u00fan m\u00e1s, con la baja de los mercados financieros. Dijo que\nel impacto para los productores es que est\u00e1n a media cosecha y el promedio que\nse pagaba en Coatepec ayer era de 7 pesos con 30 centavos por kilogramo,\nahorita debe estar a menos de siete pesos.<\/p>\n\n\n\n<p class=\"wp-block-paragraph\">Y en Ixhuatlan, donde la compa\u00f1\u00eda ANSA, con el pretexto de\nque hay mucho caf\u00e9 y no tiene capacidad de beneficiado lo bajo hasta 5 pesos\ncon 30 centavos, despu\u00e9s de lleg\u00f3 a nueve pesos, lo que es un abuso porque el\ncaf\u00e9 si tiene valor el \u00b4problema es el precio que se imponen las compa\u00f1\u00edas a\ntrav\u00e9s de la bolsa de Nueva York, lo que afecta a los productores.<\/p>\n\n\n\n<p class=\"wp-block-paragraph\">De esta manera las compa\u00f1\u00edas lo bajan m\u00e1s y aplican gastos\nde comercializaci\u00f3n como si todo el caf\u00e9 se exportara cuando m\u00e1s de la mitad no\nse exporta, esto agrava la situaci\u00f3n y la pregunta es donde est\u00e1 el gobierno.\nDijo que el gobernador debe intervenir para el caso de Ixhuatlan, con esa\nempresa ANSA que hace ese abuso.<\/p>\n\n\n\n<p class=\"wp-block-paragraph\">A nivel federal es que funcionarios de la SADER est\u00e1n m\u00e1s\nligados a las grandes empresas que al sector productor \u201cy por m\u00e1s que les\npedimos que haya reuniones para revisar el esquema de comercializaci\u00f3n, pero\nhay un vac\u00edo del gobierno federal y estatal, como si no fuera un asunto que no\ntuvieran que ver.<\/p>\n\n\n\n<p class=\"wp-block-paragraph\">SEM\/BPN<\/p>\n","protected":false},"excerpt":{"rendered":"<p>Consejo Regional del Caf\u00e9 advierte que no funciona imposici\u00f3n de empresas trasnacionales de utilizar referencia de la bolsa de caf\u00e9 en Nueva York, para definir los precios.<\/p>\n","protected":false},"author":3,"featured_media":15437,"comment_status":"open","ping_status":"open","sticky":false,"template":"","format":"standard","meta":{"_monsterinsights_skip_tracking":false,"footnotes":""},"categories":[691,52],"tags":[],"class_list":["post-15436","post","type-post","status-publish","format-standard","has-post-thumbnail","category-691","category-hombres"],"_links":{"self":[{"href":"https:\/\/redsemlac.com\/semmexico\/wp-json\/wp\/v2\/posts\/15436","targetHints":{"allow":["GET"]}}],"collection":[{"href":"https:\/\/redsemlac.com\/semmexico\/wp-json\/wp\/v2\/posts"}],"about":[{"href":"https:\/\/redsemlac.com\/semmexico\/wp-json\/wp\/v2\/types\/post"}],"author":[{"embeddable":true,"href":"https:\/\/redsemlac.com\/semmexico\/wp-json\/wp\/v2\/users\/3"}],"replies":[{"embeddable":true,"href":"https:\/\/redsemlac.com\/semmexico\/wp-json\/wp\/v2\/comments?post=15436"}],"version-history":[{"count":0,"href":"https:\/\/redsemlac.com\/semmexico\/wp-json\/wp\/v2\/posts\/15436\/revisions"}],"wp:featuredmedia":[{"embeddable":true,"href":"https:\/\/redsemlac.com\/semmexico\/wp-json\/wp\/v2\/media\/15437"}],"wp:attachment":[{"href":"https:\/\/redsemlac.com\/semmexico\/wp-json\/wp\/v2\/media?parent=15436"}],"wp:term":[{"taxonomy":"category","embeddable":true,"href":"https:\/\/redsemlac.com\/semmexico\/wp-json\/wp\/v2\/categories?post=15436"},{"taxonomy":"post_tag","embeddable":true,"href":"https:\/\/redsemlac.com\/semmexico\/wp-json\/wp\/v2\/tags?post=15436"}],"curies":[{"name":"wp","href":"https:\/\/api.w.org\/{rel}","templated":true}]}}